{"id":29960,"date":"2022-07-28T16:18:05","date_gmt":"2022-07-28T13:18:05","guid":{"rendered":"https:\/\/www.adanaseshaber.com\/?p=29960"},"modified":"2022-07-28T16:19:45","modified_gmt":"2022-07-28T13:19:45","slug":"istanbul-havalimaninda-5g-teknolojisi-ilk-kez-hizmete-sunulacak","status":"publish","type":"post","link":"https:\/\/adanaseshaber.com.tr\/?p=29960","title":{"rendered":"\u0130stanbul Havaliman\u0131\u2019nda 5G teknolojisi ilk kez hizmete sunulacak"},"content":{"rendered":"<p>Y\u00fcksek h\u0131zda veri ileti\u015fimi sa\u011flayan 5G teknolojisi yar\u0131n ilk kez \u0130stanbul Havaliman\u0131\u2019nda test edilecek. Telefonlarda ilk kez 5G ibaresi g\u00f6r\u00fclecek. Yar\u0131n \u0130stanbul Havaliman\u0131\u2019nda testlere ba\u015flan\u0131yor. \u0130lk kez hizmete sunulacak olan 5G teknolojisi i\u00e7in g\u00f6zler yar\u0131n \u0130stanbul Havaliman\u0131\u2019nda olacak. Tan\u0131t\u0131m t\u00f6renine Ula\u015ft\u0131rma ve Altyap\u0131 Bakan\u0131 Adil Karaismailo\u011flu da kat\u0131lacak. T\u00fcrkiye i\u00e7in daha y\u00fcksek h\u0131zda veri ileti\u015fimi sa\u011flayacak olan \u20185G\u2019 teknolojisi yar\u0131n test edilecek. G\u00f6zler \u0130stanbul Havaliman\u0131\u2019na \u00e7evrilirken 5G teknolojisi Ula\u015ft\u0131rma ve Altyap\u0131 Bakan\u0131 Adil Karaismailo\u011flu\u2019nun kat\u0131laca\u011f\u0131 tan\u0131t\u0131m t\u00f6reniyle ilk defa \u0130stanbul Havaliman\u0131\u2019nda hizmete sunulacak. Yolcular\u0131n telefonlar\u0131nda ilk kez 5G ibaresi g\u00f6r\u00fclecek.<\/p>\n<p><strong>5G TEKNOLOJ\u0130S\u0130 \u0130\u00c7\u0130N NEFESLER TUTULDU<\/strong><\/p>\n<p>T\u00fcrkiye\u2019de hizmet vermekte olan 3 GSM operat\u00f6r\u00fc, yar\u0131n \u0130stanbul Havaliman\u0131\u2019nda Ula\u015ft\u0131rma ve Altyap\u0131 Bakan\u0131 Adil Karaismailo\u011flu\u2019nun da kat\u0131laca\u011f\u0131 t\u00f6renle ilk defa 5G h\u0131z\u0131n\u0131 yolcular\u0131n hizmetine sunacak. Bakan Karaismailo\u011flu\u2019nun da kat\u0131l\u0131m sa\u011flayaca\u011f\u0131 tan\u0131t\u0131m t\u00f6reni i\u00e7in nefesler tutuldu. \u0130lk olarak test ama\u00e7l\u0131 faaliyete ge\u00e7ecek olan 5G \u015febekesi ile cep telegonu bu \u015febekeye uyumlu olan yolcular 5G h\u0131z\u0131n\u0131 test edebilecek.<\/p>\n<p><strong>5G TEKNOLOJ\u0130S\u0130 NED\u0130R?<\/strong><\/p>\n<p>G\u00f6zler \u0130stanbul Havaliman\u0131\u2019nda ilk kez test edilecek olan 5G teknolojisine \u00e7evrildi. 5G teknolojisi, 5. nesil mobil telekom\u00fcnikasyon hizmetidir. Yeni nesil kablosuz telefon teknolojisi olarak tan\u0131mlanmaktad\u0131r. 5G, 4G\u2019den 10 kat daha h\u0131zl\u0131 veri ileti\u015fim h\u0131z\u0131na sahiptir. 5G teknolojisi, 1-10 gbps aras\u0131nda bir h\u0131z aras\u0131ndad\u0131r.<\/p>\n<p><img loading=\"lazy\" decoding=\"async\" class=\"aligncenter wp-image-29965 size-full\" src=\"https:\/\/adanaseshaber.com.tr\/wp-content\/uploads\/2022\/07\/istanbul-havalimaninda-5g-teknolojisi-ilk-kez-hizmete-sunulacak-1.jpg\" alt=\"\" width=\"1280\" height=\"720\" srcset=\"https:\/\/adanaseshaber.com.tr\/wp-content\/uploads\/2022\/07\/istanbul-havalimaninda-5g-teknolojisi-ilk-kez-hizmete-sunulacak-1.jpg 1280w, https:\/\/adanaseshaber.com.tr\/wp-content\/uploads\/2022\/07\/istanbul-havalimaninda-5g-teknolojisi-ilk-kez-hizmete-sunulacak-1-300x169.jpg 300w, https:\/\/adanaseshaber.com.tr\/wp-content\/uploads\/2022\/07\/istanbul-havalimaninda-5g-teknolojisi-ilk-kez-hizmete-sunulacak-1-1024x576.jpg 1024w, https:\/\/adanaseshaber.com.tr\/wp-content\/uploads\/2022\/07\/istanbul-havalimaninda-5g-teknolojisi-ilk-kez-hizmete-sunulacak-1-768x432.jpg 768w, https:\/\/adanaseshaber.com.tr\/wp-content\/uploads\/2022\/07\/istanbul-havalimaninda-5g-teknolojisi-ilk-kez-hizmete-sunulacak-1-390x220.jpg 390w\" sizes=\"auto, (max-width: 1280px) 100vw, 1280px\" \/><\/p>\n<p><strong>5G NE \u0130\u015eE YARIYOR?<\/strong><\/p>\n<p>Hen\u00fcz yeni geli\u015fmekte olan 5G teknolojisi \u00e7ok say\u0131da yenili\u011fi de yan\u0131nda getiriyor. 5G teknolojisinin en b\u00fcy\u00fck avantaj\u0131 ise h\u0131z\u0131. 5G, gecikmeleri neredeyse s\u0131f\u0131ra indiriyor. S\u00f6z konusu gecikmelerin s\u0131f\u0131ra inmesiyle beraber otonom makinelerde y\u00fckseli\u015f ciddi boyutlara ula\u015facak. S\u00fcr\u00fcc\u00fcs\u00fcz ara\u00e7lar da 5G teknolojisiyle yollarda g\u00f6r\u00fcnecek.<\/p>\n<p>&nbsp;<\/p>\n","protected":false},"excerpt":{"rendered":"<p>Y\u00fcksek h\u0131zda veri ileti\u015fimi sa\u011flayan 5G teknolojisi yar\u0131n ilk kez \u0130stanbul Havaliman\u0131\u2019nda test edilecek. Telefonlarda ilk kez 5G ibaresi g\u00f6r\u00fclecek. Yar\u0131n \u0130stanbul Havaliman\u0131\u2019nda testlere ba\u015flan\u0131yor. \u0130lk kez hizmete sunulacak olan 5G teknolojisi i\u00e7in g\u00f6zler yar\u0131n \u0130stanbul Havaliman\u0131\u2019nda olacak. Tan\u0131t\u0131m t\u00f6renine Ula\u015ft\u0131rma ve Altyap\u0131 Bakan\u0131 Adil Karaismailo\u011flu da kat\u0131lacak. T\u00fcrkiye i\u00e7in daha y\u00fcksek h\u0131zda veri ileti\u015fimi &hellip;<\/p>\n","protected":false},"author":6,"featured_media":29963,"comment_status":"closed","ping_status":"closed","sticky":false,"template":"","format":"standard","meta":{"footnotes":""},"categories":[15429],"tags":[],"class_list":["post-29960","post","type-post","status-publish","format-standard","has-post-thumbnail","hentry","category-teknoloji"],"amp_enabled":true,"_links":{"self":[{"href":"https:\/\/adanaseshaber.com.tr\/index.php?rest_route=\/wp\/v2\/posts\/29960","targetHints":{"allow":["GET"]}}],"collection":[{"href":"https:\/\/adanaseshaber.com.tr\/index.php?rest_route=\/wp\/v2\/posts"}],"about":[{"href":"https:\/\/adanaseshaber.com.tr\/index.php?rest_route=\/wp\/v2\/types\/post"}],"author":[{"embeddable":true,"href":"https:\/\/adanaseshaber.com.tr\/index.php?rest_route=\/wp\/v2\/users\/6"}],"replies":[{"embeddable":true,"href":"https:\/\/adanaseshaber.com.tr\/index.php?rest_route=%2Fwp%2Fv2%2Fcomments&post=29960"}],"version-history":[{"count":2,"href":"https:\/\/adanaseshaber.com.tr\/index.php?rest_route=\/wp\/v2\/posts\/29960\/revisions"}],"predecessor-version":[{"id":29966,"href":"https:\/\/adanaseshaber.com.tr\/index.php?rest_route=\/wp\/v2\/posts\/29960\/revisions\/29966"}],"wp:featuredmedia":[{"embeddable":true,"href":"https:\/\/adanaseshaber.com.tr\/index.php?rest_route=\/wp\/v2\/media\/29963"}],"wp:attachment":[{"href":"https:\/\/adanaseshaber.com.tr\/index.php?rest_route=%2Fwp%2Fv2%2Fmedia&parent=29960"}],"wp:term":[{"taxonomy":"category","embeddable":true,"href":"https:\/\/adanaseshaber.com.tr\/index.php?rest_route=%2Fwp%2Fv2%2Fcategories&post=29960"},{"taxonomy":"post_tag","embeddable":true,"href":"https:\/\/adanaseshaber.com.tr\/index.php?rest_route=%2Fwp%2Fv2%2Ftags&post=29960"}],"curies":[{"name":"wp","href":"https:\/\/api.w.org\/{rel}","templated":true}]}}