{"id":29980,"date":"2022-07-28T17:02:38","date_gmt":"2022-07-28T14:02:38","guid":{"rendered":"https:\/\/www.adanaseshaber.com\/?p=29980"},"modified":"2022-07-28T17:05:04","modified_gmt":"2022-07-28T14:05:04","slug":"yks-tercih-sonuclari-ne-zaman-aciklanacak-2022-universite-tercihleri-kac-gunde-aciklanir","status":"publish","type":"post","link":"https:\/\/adanaseshaber.com.tr\/?p=29980","title":{"rendered":"YKS tercih sonu\u00e7lar\u0131 ne zaman a\u00e7\u0131klanacak 2022? \u00dcniversite tercihleri ka\u00e7 g\u00fcnde a\u00e7\u0131klan\u0131r?"},"content":{"rendered":"<p>YKS s\u0131nav sonu\u00e7lar\u0131n\u0131n a\u00e7\u0131klanmas\u0131n\u0131n ard\u0131ndan ba\u015flayan tercih s\u00fcreci devam ediyor. 27 Temmuz tarihinde ba\u015flayan \u00fcniversite tercihleri 5 A\u011fustos tarihine kadar devam edecek. \u00dcniversite adaylar\u0131n\u0131n tercih s\u00fcreci devam ederken tercih sonu\u00e7lar\u0131n\u0131n ne zaman a\u00e7\u0131klanaca\u011f\u0131 da merak konusu oldu. Tercih maratonuyla birlikte g\u00f6zler sonu\u00e7lar\u0131n a\u00e7\u0131klanaca\u011f\u0131 tarihe \u00e7evrildi. \u00dcniversite adaylar\u0131 i\u00e7in tercih maratonu ba\u015flad\u0131. YKS s\u0131nav sonu\u00e7lar\u0131n\u0131n a\u00e7\u0131klanmas\u0131n\u0131n ard\u0131ndan 27 Temmuz 2022 \u00c7ar\u015famba g\u00fcn\u00fc ba\u015flayan tercih s\u00fcreci devam ediyor. YKS tercih s\u00fcreci 5 A\u011fustos\u2019a kadar devam edecek. YKS tercihleri ile birlikte tercih sonu\u00e7lar\u0131n\u0131n ne zaman a\u00e7\u0131klanaca\u011f\u0131 da merak konusu oldu. Peki, YKS tercih sonu\u00e7lar\u0131 ne zaman a\u00e7\u0131klanacak 2022? YKS tercih sonu\u00e7lar\u0131 hangi g\u00fcn a\u00e7\u0131klan\u0131r? YKS tercih sonu\u00e7lar\u0131 ka\u00e7 g\u00fcnde a\u00e7\u0131klan\u0131r? \u00dcniversite tercihleri ne zaman a\u00e7\u0131klan\u0131r 2022? \u0130\u015fte t\u00fcm merak edilenler\u2026<\/p>\n<p><strong>\u00dcN\u0130VERS\u0130TE TERC\u0130HLER\u0130 BA\u015eLADI<\/strong><\/p>\n<p>Yeni e\u011fitim-\u00f6\u011fretim y\u0131l\u0131na az bir s\u00fcre kal\u0131rken YKS s\u0131nav maratonunun ard\u0131ndan ge\u00e7ti\u011fimiz g\u00fcnlerde s\u0131nav sonu\u00e7lar\u0131 a\u00e7\u0131klanm\u0131\u015f ve tercih s\u00fcreci ba\u015flam\u0131\u015ft\u0131. 2022 YKS tercih maratonu devam ederken \u00fcniversite adaylar\u0131 5 A\u011fustos 2022 tarihine kadar tercihlerini yapabilecek. Toplamda 24 \u00fcniversite se\u00e7me hakk\u0131 olan adaylar, YKS tercih sonu\u00e7lar\u0131n\u0131n a\u00e7\u0131klanaca\u011f\u0131 tarihi de merak ediyor.<\/p>\n<p><img loading=\"lazy\" decoding=\"async\" class=\"aligncenter wp-image-29984 size-full\" src=\"https:\/\/adanaseshaber.com.tr\/wp-content\/uploads\/2022\/07\/yks-tercih-sonuclari-ne-zaman-aciklanacak-2022-universite-tercihleri-kac-gunde-aciklanir-1.jpg\" alt=\"\" width=\"1280\" height=\"720\" srcset=\"https:\/\/adanaseshaber.com.tr\/wp-content\/uploads\/2022\/07\/yks-tercih-sonuclari-ne-zaman-aciklanacak-2022-universite-tercihleri-kac-gunde-aciklanir-1.jpg 1280w, https:\/\/adanaseshaber.com.tr\/wp-content\/uploads\/2022\/07\/yks-tercih-sonuclari-ne-zaman-aciklanacak-2022-universite-tercihleri-kac-gunde-aciklanir-1-300x169.jpg 300w, https:\/\/adanaseshaber.com.tr\/wp-content\/uploads\/2022\/07\/yks-tercih-sonuclari-ne-zaman-aciklanacak-2022-universite-tercihleri-kac-gunde-aciklanir-1-1024x576.jpg 1024w, https:\/\/adanaseshaber.com.tr\/wp-content\/uploads\/2022\/07\/yks-tercih-sonuclari-ne-zaman-aciklanacak-2022-universite-tercihleri-kac-gunde-aciklanir-1-768x432.jpg 768w, https:\/\/adanaseshaber.com.tr\/wp-content\/uploads\/2022\/07\/yks-tercih-sonuclari-ne-zaman-aciklanacak-2022-universite-tercihleri-kac-gunde-aciklanir-1-390x220.jpg 390w\" sizes=\"auto, (max-width: 1280px) 100vw, 1280px\" \/><\/p>\n<p><strong>YKS TERC\u0130H SONU\u00c7LARI NE ZAMAN A\u00c7IKLANACAK 2022?<\/strong><\/p>\n<p>S\u0131nav sonu\u00e7lar\u0131n\u0131n a\u00e7\u0131klanmas\u0131yla 27 Temmuz 2022 tarihinde ba\u015flayan YKS tercih s\u00fcreci 5 A\u011fustos 2022 tarihine kadar devam edecek. Adaylar, 27 Temmuz-5 A\u011fustos 2022 tarihleri aras\u0131nda tercih i\u015flemlerini yapabilecek. Tercih s\u00fcreci devam ederken \u00fcniversite adaylar\u0131n\u0131n en \u00e7ok ara\u015ft\u0131rd\u0131\u011f\u0131 konulardan biri de tercih sonu\u00e7lar\u0131 oluyor. Tercih sonu\u00e7lar\u0131n\u0131n ne zaman a\u00e7\u0131klanaca\u011f\u0131na dair sorulara yan\u0131t aran\u0131yor. \u00dcniversite kay\u0131t i\u015flemleri 22 A\u011fustos 2022 tarihinde ba\u015flayaca\u011f\u0131 i\u00e7in YKS tercih sonu\u00e7lar\u0131n\u0131n da A\u011fustos ay\u0131n\u0131n ikinci haftas\u0131nda a\u00e7\u0131klanmas\u0131 bekleniyor. Ancak konuyla ilgili hen\u00fcz resmi bir a\u00e7\u0131klama gelmedi.<\/p>\n<p>&nbsp;<\/p>\n","protected":false},"excerpt":{"rendered":"<p>YKS s\u0131nav sonu\u00e7lar\u0131n\u0131n a\u00e7\u0131klanmas\u0131n\u0131n ard\u0131ndan ba\u015flayan tercih s\u00fcreci devam ediyor. 27 Temmuz tarihinde ba\u015flayan \u00fcniversite tercihleri 5 A\u011fustos tarihine kadar devam edecek. \u00dcniversite adaylar\u0131n\u0131n tercih s\u00fcreci devam ederken tercih sonu\u00e7lar\u0131n\u0131n ne zaman a\u00e7\u0131klanaca\u011f\u0131 da merak konusu oldu. Tercih maratonuyla birlikte g\u00f6zler sonu\u00e7lar\u0131n a\u00e7\u0131klanaca\u011f\u0131 tarihe \u00e7evrildi. \u00dcniversite adaylar\u0131 i\u00e7in tercih maratonu ba\u015flad\u0131. YKS s\u0131nav sonu\u00e7lar\u0131n\u0131n a\u00e7\u0131klanmas\u0131n\u0131n &hellip;<\/p>\n","protected":false},"author":6,"featured_media":29981,"comment_status":"closed","ping_status":"closed","sticky":false,"template":"","format":"standard","meta":{"footnotes":""},"categories":[1],"tags":[],"class_list":["post-29980","post","type-post","status-publish","format-standard","has-post-thumbnail","hentry","category-genel"],"amp_enabled":true,"_links":{"self":[{"href":"https:\/\/adanaseshaber.com.tr\/index.php?rest_route=\/wp\/v2\/posts\/29980","targetHints":{"allow":["GET"]}}],"collection":[{"href":"https:\/\/adanaseshaber.com.tr\/index.php?rest_route=\/wp\/v2\/posts"}],"about":[{"href":"https:\/\/adanaseshaber.com.tr\/index.php?rest_route=\/wp\/v2\/types\/post"}],"author":[{"embeddable":true,"href":"https:\/\/adanaseshaber.com.tr\/index.php?rest_route=\/wp\/v2\/users\/6"}],"replies":[{"embeddable":true,"href":"https:\/\/adanaseshaber.com.tr\/index.php?rest_route=%2Fwp%2Fv2%2Fcomments&post=29980"}],"version-history":[{"count":4,"href":"https:\/\/adanaseshaber.com.tr\/index.php?rest_route=\/wp\/v2\/posts\/29980\/revisions"}],"predecessor-version":[{"id":29986,"href":"https:\/\/adanaseshaber.com.tr\/index.php?rest_route=\/wp\/v2\/posts\/29980\/revisions\/29986"}],"wp:featuredmedia":[{"embeddable":true,"href":"https:\/\/adanaseshaber.com.tr\/index.php?rest_route=\/wp\/v2\/media\/29981"}],"wp:attachment":[{"href":"https:\/\/adanaseshaber.com.tr\/index.php?rest_route=%2Fwp%2Fv2%2Fmedia&parent=29980"}],"wp:term":[{"taxonomy":"category","embeddable":true,"href":"https:\/\/adanaseshaber.com.tr\/index.php?rest_route=%2Fwp%2Fv2%2Fcategories&post=29980"},{"taxonomy":"post_tag","embeddable":true,"href":"https:\/\/adanaseshaber.com.tr\/index.php?rest_route=%2Fwp%2Fv2%2Ftags&post=29980"}],"curies":[{"name":"wp","href":"https:\/\/api.w.org\/{rel}","templated":true}]}}