{"id":29993,"date":"2022-07-28T17:35:01","date_gmt":"2022-07-28T14:35:01","guid":{"rendered":"https:\/\/www.adanaseshaber.com\/?p=29993"},"modified":"2022-07-28T17:36:52","modified_gmt":"2022-07-28T14:36:52","slug":"esra-ezmeci-ile-karsi-karsiya-elif-canli-yayinda-sinir-krizi-gecirdi","status":"publish","type":"post","link":"https:\/\/adanaseshaber.com.tr\/?p=29993","title":{"rendered":"Esra Ezmeci ile Kar\u015f\u0131 Kar\u015f\u0131ya Elif canl\u0131 yay\u0131nda sinir krizi ge\u00e7irdi"},"content":{"rendered":"<p>FOX TV\u2019de canl\u0131 yay\u0131nla ekrana gelen Esra Ezmeci ile Kar\u015f\u0131 Kar\u015f\u0131ya\u2019n\u0131n yeni b\u00f6l\u00fcmleri ilgiyle takip ediliyor. Hayatlar\u0131nda anla\u015fmazl\u0131k ya\u015fad\u0131klar\u0131 ki\u015filerle st\u00fcdyoda kar\u015f\u0131 kar\u015f\u0131ya gelen konuklar s\u0131k\u0131nt\u0131lar\u0131na \u00e7are ar\u0131yor. Birbirinden ilgin\u00e7 konular\u0131n g\u00fcndeme geldi\u011fi programda Elif olay\u0131 da \u00e7ok konu\u015fuldu. Tehdit edildi\u011fini, evden kovuldu\u011funu ve 2,5 ayl\u0131k bebe\u011fiyle ortada kald\u0131\u011f\u0131n\u0131 s\u00f6yleyen Elif\u2019in ba\u015f\u0131na gelenler izleyiciyi \u015fa\u015fk\u0131na \u00e7evirdi. Esra Ezmeci ile Kar\u015f\u0131 Kar\u015f\u0131ya st\u00fcdyosunda s\u0131k\u0131nt\u0131s\u0131na \u00e7are arayan Elif, e\u015fi Sad\u0131k\u2019\u0131n ve kay\u0131nvalidesinin su\u00e7lamalar\u0131 kar\u015f\u0131s\u0131nda canl\u0131 yay\u0131nda a\u011flama krizine girdi. Ya\u015fad\u0131klar\u0131na art\u0131k dayanamayan Elif, canl\u0131 yay\u0131nda g\u00f6zya\u015flar\u0131na bo\u011fularak adeta sinir krizi ge\u00e7irdi. Sunucu Esra Ezmeci, Elif\u2019e y\u00f6neltilen su\u00e7lamalar kar\u015f\u0131s\u0131nda sinirlerine hakim olamad\u0131. \u0130\u015fte detaylar\u2026<\/p>\n<p><strong>ESRA EZMEC\u0130 \u0130LE KAR\u015eI KAR\u015eIYA EL\u0130F OLAYI<\/strong><\/p>\n<p>S\u0131k\u0131nt\u0131lar\u0131na \u00e7are arayanlar\u0131n ba\u015fvurdu\u011fu program Esra Ezmeci ile Kar\u015f\u0131 Kar\u015f\u0131ya birbirinden \u015fa\u015f\u0131rt\u0131c\u0131 konularla g\u00fcndeme gelmeye devam ediyor. Ya\u015fad\u0131\u011f\u0131 s\u0131k\u0131nt\u0131ya \u00e7are arayan Elif ise Esra Ezmeci ve ekibinden yard\u0131m istedi. Programa konuk olan ve ba\u015f\u0131na gelenleri bir bir anlatan Elif\u2019in e\u015fi Sad\u0131k ve kay\u0131nvalidesi taraf\u0131ndan ak\u0131l almaz iddialarla su\u00e7land\u0131\u011f\u0131 g\u00f6r\u00fcld\u00fc. Tehdit edildi\u011fini, e\u015fi Sad\u0131k taraf\u0131ndan evden kovuldu\u011funu s\u00f6yleyen Elif, 2,5 ayl\u0131k bebe\u011fiyle ortada kald\u0131.<\/p>\n<p><img loading=\"lazy\" decoding=\"async\" class=\"aligncenter wp-image-29996 size-full\" src=\"https:\/\/adanaseshaber.com.tr\/wp-content\/uploads\/2022\/07\/esra-ezmeci-ile-karsi-karsiya-elif-canli-yayinda-sinir-krizi-gecirdi-1.jpg\" alt=\"\" width=\"1280\" height=\"720\" srcset=\"https:\/\/adanaseshaber.com.tr\/wp-content\/uploads\/2022\/07\/esra-ezmeci-ile-karsi-karsiya-elif-canli-yayinda-sinir-krizi-gecirdi-1.jpg 1280w, https:\/\/adanaseshaber.com.tr\/wp-content\/uploads\/2022\/07\/esra-ezmeci-ile-karsi-karsiya-elif-canli-yayinda-sinir-krizi-gecirdi-1-300x169.jpg 300w, https:\/\/adanaseshaber.com.tr\/wp-content\/uploads\/2022\/07\/esra-ezmeci-ile-karsi-karsiya-elif-canli-yayinda-sinir-krizi-gecirdi-1-1024x576.jpg 1024w, https:\/\/adanaseshaber.com.tr\/wp-content\/uploads\/2022\/07\/esra-ezmeci-ile-karsi-karsiya-elif-canli-yayinda-sinir-krizi-gecirdi-1-768x432.jpg 768w, https:\/\/adanaseshaber.com.tr\/wp-content\/uploads\/2022\/07\/esra-ezmeci-ile-karsi-karsiya-elif-canli-yayinda-sinir-krizi-gecirdi-1-390x220.jpg 390w\" sizes=\"auto, (max-width: 1280px) 100vw, 1280px\" \/><\/p>\n<p><strong>G\u00d6ZYA\u015eLARINA BO\u011eULDU<\/strong><\/p>\n<p>Esra Ezmeci ile Kar\u015f\u0131 Kar\u015f\u0131ya st\u00fcdyosunda ba\u015f\u0131na gelenleri anlatan Elif, e\u015fi Sad\u0131k ve kay\u0131nvalidesi Firuze\u2019nin su\u00e7lamalar\u0131na daha fazla dayanamad\u0131 ve canl\u0131 yay\u0131nda g\u00f6zya\u015flar\u0131na bo\u011fuldu. Sad\u0131k, e\u015fi Elif\u2019i kovmad\u0131\u011f\u0131n\u0131 s\u00f6ylerken canl\u0131 yay\u0131na yap\u0131lan telefon ba\u011flant\u0131lar\u0131nda konu\u015fulanlar ise Elif\u2019i g\u00f6zya\u015flar\u0131na bo\u011fdu. 2,5 ayl\u0131k bebe\u011fiyle ortada kalan gen\u00e7 kad\u0131n e\u015fi Sad\u0131k ve kay\u0131nvalidesi Firuze\u2019nin su\u00e7lamalar\u0131 kar\u015f\u0131s\u0131nda g\u00f6zya\u015flar\u0131n\u0131 tutamad\u0131. Elif\u2019e y\u00f6neltilen su\u00e7lamalar kar\u015f\u0131s\u0131nda sunucu Esra Ezmeci sinirlerine hakim olamad\u0131 ve \u00f6zellikle Sad\u0131k\u2019a \u00e7ocu\u011funun annesi hakk\u0131nda yapt\u0131\u011f\u0131 konu\u015fmalardan dolay\u0131 sert \u00e7\u0131kt\u0131.<\/p>\n","protected":false},"excerpt":{"rendered":"<p>FOX TV\u2019de canl\u0131 yay\u0131nla ekrana gelen Esra Ezmeci ile Kar\u015f\u0131 Kar\u015f\u0131ya\u2019n\u0131n yeni b\u00f6l\u00fcmleri ilgiyle takip ediliyor. Hayatlar\u0131nda anla\u015fmazl\u0131k ya\u015fad\u0131klar\u0131 ki\u015filerle st\u00fcdyoda kar\u015f\u0131 kar\u015f\u0131ya gelen konuklar s\u0131k\u0131nt\u0131lar\u0131na \u00e7are ar\u0131yor. Birbirinden ilgin\u00e7 konular\u0131n g\u00fcndeme geldi\u011fi programda Elif olay\u0131 da \u00e7ok konu\u015fuldu. Tehdit edildi\u011fini, evden kovuldu\u011funu ve 2,5 ayl\u0131k bebe\u011fiyle ortada kald\u0131\u011f\u0131n\u0131 s\u00f6yleyen Elif\u2019in ba\u015f\u0131na gelenler izleyiciyi \u015fa\u015fk\u0131na &hellip;<\/p>\n","protected":false},"author":6,"featured_media":29994,"comment_status":"closed","ping_status":"closed","sticky":false,"template":"","format":"standard","meta":{"footnotes":""},"categories":[15431],"tags":[],"class_list":["post-29993","post","type-post","status-publish","format-standard","has-post-thumbnail","hentry","category-medya"],"amp_enabled":true,"_links":{"self":[{"href":"https:\/\/adanaseshaber.com.tr\/index.php?rest_route=\/wp\/v2\/posts\/29993","targetHints":{"allow":["GET"]}}],"collection":[{"href":"https:\/\/adanaseshaber.com.tr\/index.php?rest_route=\/wp\/v2\/posts"}],"about":[{"href":"https:\/\/adanaseshaber.com.tr\/index.php?rest_route=\/wp\/v2\/types\/post"}],"author":[{"embeddable":true,"href":"https:\/\/adanaseshaber.com.tr\/index.php?rest_route=\/wp\/v2\/users\/6"}],"replies":[{"embeddable":true,"href":"https:\/\/adanaseshaber.com.tr\/index.php?rest_route=%2Fwp%2Fv2%2Fcomments&post=29993"}],"version-history":[{"count":2,"href":"https:\/\/adanaseshaber.com.tr\/index.php?rest_route=\/wp\/v2\/posts\/29993\/revisions"}],"predecessor-version":[{"id":29997,"href":"https:\/\/adanaseshaber.com.tr\/index.php?rest_route=\/wp\/v2\/posts\/29993\/revisions\/29997"}],"wp:featuredmedia":[{"embeddable":true,"href":"https:\/\/adanaseshaber.com.tr\/index.php?rest_route=\/wp\/v2\/media\/29994"}],"wp:attachment":[{"href":"https:\/\/adanaseshaber.com.tr\/index.php?rest_route=%2Fwp%2Fv2%2Fmedia&parent=29993"}],"wp:term":[{"taxonomy":"category","embeddable":true,"href":"https:\/\/adanaseshaber.com.tr\/index.php?rest_route=%2Fwp%2Fv2%2Fcategories&post=29993"},{"taxonomy":"post_tag","embeddable":true,"href":"https:\/\/adanaseshaber.com.tr\/index.php?rest_route=%2Fwp%2Fv2%2Ftags&post=29993"}],"curies":[{"name":"wp","href":"https:\/\/api.w.org\/{rel}","templated":true}]}}