{"id":29998,"date":"2022-07-28T17:58:51","date_gmt":"2022-07-28T14:58:51","guid":{"rendered":"https:\/\/www.adanaseshaber.com\/?p=29998"},"modified":"2022-07-28T18:02:12","modified_gmt":"2022-07-28T15:02:12","slug":"fenerbahceden-putin-tezahuratlari-hakkinda-ilk-aciklama","status":"publish","type":"post","link":"https:\/\/adanaseshaber.com.tr\/?p=29998","title":{"rendered":"Fenerbah\u00e7e\u2019den Putin tezah\u00fcratlar\u0131 hakk\u0131nda ilk a\u00e7\u0131klama"},"content":{"rendered":"<p>Fenerbah\u00e7e ile Dinamo Kiev aras\u0131nda d\u00fcn ak\u015fam oynanan r\u00f6van\u015f ma\u00e7\u0131nda Fenerbah\u00e7e taraftarlar\u0131n yapt\u0131\u011f\u0131 \u2018Putin\u2019 tezah\u00fcrat\u0131 d\u00fcnya g\u00fcndemine oturmu\u015f ve b\u00fcy\u00fck tepki \u00e7ekmi\u015fti. Sar\u0131-lacivertli taraftarlar\u0131n ma\u00e7 an\u0131nda trib\u00fcnlerden yapt\u0131\u011f\u0131 \u2018Putin\u2019 tezah\u00fcrat\u0131 hem T\u00fcrkiye\u2019de hem de t\u00fcm d\u00fcnyada tepkilere neden olmu\u015ftu. Fenerbah\u00e7e\u2019den konu hakk\u0131nda ilk a\u00e7\u0131klama geldi. \u015eampiyonlar Ligi 2. eleme turunda rakibi Dinamo Kiev\u2019e 2-1 ma\u011flup olan ve elenen Fenerbah\u00e7e, d\u00fcn ak\u015fam kar\u015f\u0131la\u015fmada ya\u015fanan talihsiz olayla ilgili a\u00e7\u0131klama yapt\u0131. Dinamo Kiev\u2019in att\u0131\u011f\u0131 gol sonras\u0131nda futbolcunun trib\u00fcnlere kar\u015f\u0131 yapt\u0131\u011f\u0131 hareket Fenerbah\u00e7eli taraftarlar\u0131 \u00f6fkelendirmi\u015f ve taraftarlar bu hareketin \u00fczerine \u2018Putin\u2019 tezah\u00fcrat\u0131 yapmaya ba\u015flam\u0131\u015ft\u0131. Taraftar\u0131n bu tezah\u00fcrat\u0131 d\u00fcnya genelinde tepki \u00e7ekti. \u0130\u015fte Fenerbah\u00e7e\u2019nin konuyla ilgili yapt\u0131\u011f\u0131 a\u00e7\u0131klama ve t\u00fcm detaylar\u2026<\/p>\n<p><strong>\u2018SAVA\u015e Y\u00dcREKL\u0130L\u0130K DE\u011e\u0130L KORKAKLIKTIR\u2019<\/strong><\/p>\n<p>Rakibi Dinamo Kiev\u2019e kar\u015f\u0131 2-1 ma\u011flubiyetle \u015fampiyonlar Ligi\u2019nden elenen Fenerbah\u00e7e, d\u00fcn ak\u015fam oynanan ma\u00e7ta taraftarlar taraf\u0131ndan at\u0131lan \u2018Putin\u2019 tezah\u00fcrat\u0131 ile ilgili a\u00e7\u0131klama yapt\u0131. Fenerbah\u00e7e Kul\u00fcb\u00fc\u2019n\u00fcn sava\u015f s\u00fcrecinin ba\u015flang\u0131c\u0131 olan 24 \u015eubat 2022 tarihinde bu s\u00fcrece dair tepki veren ilk kul\u00fcp oldu\u011funa vurgu yap\u0131ld\u0131. Bir kez daha \u2018Sava\u015f y\u00fcreklilik de\u011fil, korkakl\u0131kt\u0131r! Sava\u015fa hay\u0131r.\u2019 A\u00e7\u0131klamas\u0131na yer veren sar\u0131-lacivertli kul\u00fcp, \u2018Bar\u0131\u015f \u0130\u00e7in Futbol\u2019 diyerek Fenerbah\u00e7e\u2019nin Nisan ay\u0131nda Shakhtar Donetsk ile oynad\u0131\u011f\u0131 dostluk ma\u00e7\u0131n\u0131 hat\u0131rlatt\u0131 bu konudaki en b\u00fcy\u00fck hassasiyetin \u00f6rne\u011fi olarak bu ma\u00e7 g\u00f6sterildi.<\/p>\n<p><img loading=\"lazy\" decoding=\"async\" class=\"aligncenter wp-image-30005 size-full\" src=\"https:\/\/adanaseshaber.com.tr\/wp-content\/uploads\/2022\/07\/fenerbahceden-putin-tezahuratlari-hakkinda-ilk-aciklama-1.jpg\" alt=\"\" width=\"1280\" height=\"720\" srcset=\"https:\/\/adanaseshaber.com.tr\/wp-content\/uploads\/2022\/07\/fenerbahceden-putin-tezahuratlari-hakkinda-ilk-aciklama-1.jpg 1280w, https:\/\/adanaseshaber.com.tr\/wp-content\/uploads\/2022\/07\/fenerbahceden-putin-tezahuratlari-hakkinda-ilk-aciklama-1-300x169.jpg 300w, https:\/\/adanaseshaber.com.tr\/wp-content\/uploads\/2022\/07\/fenerbahceden-putin-tezahuratlari-hakkinda-ilk-aciklama-1-1024x576.jpg 1024w, https:\/\/adanaseshaber.com.tr\/wp-content\/uploads\/2022\/07\/fenerbahceden-putin-tezahuratlari-hakkinda-ilk-aciklama-1-768x432.jpg 768w, https:\/\/adanaseshaber.com.tr\/wp-content\/uploads\/2022\/07\/fenerbahceden-putin-tezahuratlari-hakkinda-ilk-aciklama-1-390x220.jpg 390w\" sizes=\"auto, (max-width: 1280px) 100vw, 1280px\" \/><\/p>\n<p><strong>\u2018KABUL ETM\u0130YORUZ\u2019<\/strong><\/p>\n<p>Fenerbah\u00e7e\u2019nin bu konudaki duru\u015fu ve tavr\u0131n\u0131n ilk g\u00fcnden bu yana belli oldu\u011fu aktar\u0131lan a\u00e7\u0131klamada, ma\u00e7\u0131n 58. dakikas\u0131nda rakip tak\u0131m\u0131n baz\u0131 oyuncular\u0131n\u0131n gol sonras\u0131 sergilemi\u015f oldu\u011fu abart\u0131l\u0131 hareketler sebebiyle trib\u00fcnlerin bir b\u00f6l\u00fcm\u00fcn\u00fcn galeyana geldi\u011fi belirtildi. Sebebi her ne olursa olsun trib\u00fcnlerin bir b\u00f6l\u00fcm\u00fcnden y\u00fckselen bu reaksiyonun Fenerbah\u00e7e Spor Kul\u00fcb\u00fc taraf\u0131ndan kesinlikle kabul edilmedi\u011fi belirtildi. Kul\u00fcb\u00fcn duru\u015fu ve de\u011ferlerini asla temsil etmeyen bu s\u00f6ylemin t\u00fcm taraftara mal edilmesinin do\u011fru olmad\u0131\u011f\u0131 vurgulanan a\u00e7\u0131klamada, \u2018Kul\u00fcb\u00fcm\u00fcze sorumluluk atfedilmesi de adil ve hakkaniyetli bir yakla\u015f\u0131m de\u011fildir.\u2019 denildi.<\/p>\n<p><strong>\u2018KINIYROUZ\u2019<\/strong><\/p>\n<p>Fenerbah\u00e7e Spor Kul\u00fcb\u00fc\u2019nden yap\u0131lan a\u00e7\u0131klaman\u0131n devam\u0131nda ise \u2018Bu konu \u00fczerinden hem \u00fclkemizin hem de kul\u00fcb\u00fcm\u00fcz\u00fcn t\u00f6hmet alt\u0131nda b\u0131rak\u0131lmas\u0131n\u0131, yanl\u0131\u015f anla\u015f\u0131lmaya sebep olacak \u015fekilde g\u00fcndem yap\u0131lmaya \u00e7al\u0131\u015f\u0131lmas\u0131n\u0131 ve konunun siyasetle ili\u015fkilendirilmesini k\u0131n\u0131yoruz. Bu g\u00fcndem vesilesiyle Fenerbah\u00e7e Spor Kul\u00fcb\u00fc olarak spor ve siyasetin birbirinden her zaman ayr\u0131 tutulmas\u0131 gerekti\u011fi noktas\u0131ndaki duru\u015fumuzu bir kez daha t\u00fcm kamuoyuna hat\u0131rlat\u0131yoruz.\u2019 ifadelerine yer verildi.<\/p>\n","protected":false},"excerpt":{"rendered":"<p>Fenerbah\u00e7e ile Dinamo Kiev aras\u0131nda d\u00fcn ak\u015fam oynanan r\u00f6van\u015f ma\u00e7\u0131nda Fenerbah\u00e7e taraftarlar\u0131n yapt\u0131\u011f\u0131 \u2018Putin\u2019 tezah\u00fcrat\u0131 d\u00fcnya g\u00fcndemine oturmu\u015f ve b\u00fcy\u00fck tepki \u00e7ekmi\u015fti. Sar\u0131-lacivertli taraftarlar\u0131n ma\u00e7 an\u0131nda trib\u00fcnlerden yapt\u0131\u011f\u0131 \u2018Putin\u2019 tezah\u00fcrat\u0131 hem T\u00fcrkiye\u2019de hem de t\u00fcm d\u00fcnyada tepkilere neden olmu\u015ftu. Fenerbah\u00e7e\u2019den konu hakk\u0131nda ilk a\u00e7\u0131klama geldi. \u015eampiyonlar Ligi 2. eleme turunda rakibi Dinamo Kiev\u2019e 2-1 ma\u011flup &hellip;<\/p>\n","protected":false},"author":6,"featured_media":30002,"comment_status":"closed","ping_status":"closed","sticky":false,"template":"","format":"standard","meta":{"footnotes":""},"categories":[5],"tags":[],"class_list":["post-29998","post","type-post","status-publish","format-standard","has-post-thumbnail","hentry","category-spor"],"amp_enabled":true,"_links":{"self":[{"href":"https:\/\/adanaseshaber.com.tr\/index.php?rest_route=\/wp\/v2\/posts\/29998","targetHints":{"allow":["GET"]}}],"collection":[{"href":"https:\/\/adanaseshaber.com.tr\/index.php?rest_route=\/wp\/v2\/posts"}],"about":[{"href":"https:\/\/adanaseshaber.com.tr\/index.php?rest_route=\/wp\/v2\/types\/post"}],"author":[{"embeddable":true,"href":"https:\/\/adanaseshaber.com.tr\/index.php?rest_route=\/wp\/v2\/users\/6"}],"replies":[{"embeddable":true,"href":"https:\/\/adanaseshaber.com.tr\/index.php?rest_route=%2Fwp%2Fv2%2Fcomments&post=29998"}],"version-history":[{"count":3,"href":"https:\/\/adanaseshaber.com.tr\/index.php?rest_route=\/wp\/v2\/posts\/29998\/revisions"}],"predecessor-version":[{"id":30007,"href":"https:\/\/adanaseshaber.com.tr\/index.php?rest_route=\/wp\/v2\/posts\/29998\/revisions\/30007"}],"wp:featuredmedia":[{"embeddable":true,"href":"https:\/\/adanaseshaber.com.tr\/index.php?rest_route=\/wp\/v2\/media\/30002"}],"wp:attachment":[{"href":"https:\/\/adanaseshaber.com.tr\/index.php?rest_route=%2Fwp%2Fv2%2Fmedia&parent=29998"}],"wp:term":[{"taxonomy":"category","embeddable":true,"href":"https:\/\/adanaseshaber.com.tr\/index.php?rest_route=%2Fwp%2Fv2%2Fcategories&post=29998"},{"taxonomy":"post_tag","embeddable":true,"href":"https:\/\/adanaseshaber.com.tr\/index.php?rest_route=%2Fwp%2Fv2%2Ftags&post=29998"}],"curies":[{"name":"wp","href":"https:\/\/api.w.org\/{rel}","templated":true}]}}