{"id":30198,"date":"2022-07-29T12:11:55","date_gmt":"2022-07-29T09:11:55","guid":{"rendered":"https:\/\/www.adanaseshaber.com\/?p=30198"},"modified":"2022-07-29T12:13:15","modified_gmt":"2022-07-29T09:13:15","slug":"gokhan-ciranin-genc-fenomene-attigi-mesajlar-ifsa-oldu","status":"publish","type":"post","link":"https:\/\/adanaseshaber.com.tr\/?p=30198","title":{"rendered":"G\u00f6khan \u00c7\u0131ra\u2019n\u0131n gen\u00e7 fenomene att\u0131\u011f\u0131 mesajlar if\u015fa oldu"},"content":{"rendered":"<p>Fenomen Selin Ci\u011ferci ve eski futbolcu G\u00f6khan \u00c7\u0131ra, ikinci kez nikah masas\u0131na oturmu\u015f ancak tekrar ayr\u0131l\u0131k karar\u0131 alm\u0131\u015ft\u0131. Ci\u011ferci ve \u00c7\u0131ra\u2019n\u0131n bo\u015fanma karar\u0131 magazin g\u00fcndemine bomba gibi d\u00fc\u015ferken \u00e7iftin bo\u015fanma sebebi ise merak konusu olmu\u015ftu. Selin Ci\u011ferci ve G\u00f6khan \u00c7\u0131ra, sosyal medya hesaplar\u0131ndan ayr\u0131 ayr\u0131 yapt\u0131klar\u0131 a\u00e7\u0131klamalarla bo\u015fanma karar\u0131n\u0131 duyurmu\u015ftu. \u00c7iftin ayr\u0131l\u0131k karar\u0131n\u0131n sebebinin ihanet oldu\u011fu iddia edildi. \u0130hanet gerek\u00e7esiyle bo\u015fanma karar\u0131 ald\u0131klar\u0131 iddia edilen \u00e7iftin Eyl\u00fcl ay\u0131nda i\u015flemlere ba\u015flayaca\u011f\u0131 \u00f6\u011frenildi. Ayr\u0131l\u0131k karar\u0131n\u0131 getiren ise G\u00f6khan \u00c7\u0131ra\u2019n\u0131n bir kad\u0131n fenomenle mesajlar\u0131n\u0131n if\u015fa olmas\u0131 olarak \u00f6ne s\u00fcr\u00fcld\u00fc. \u00c7\u0131ra\u2019n\u0131n fenomen Karadeniz K\u0131l\u0131\u00e7\u2019a att\u0131\u011f\u0131 mesajlar\u0131n if\u015fa olmas\u0131yla \u00fcnl\u00fc \u00e7iftin bo\u015fanma karar\u0131 ald\u0131\u011f\u0131 iddia edildi. \u0130\u015fte detaylar..<\/p>\n<p><strong>KARADEN\u0130Z KILI\u00c7\u2019A G\u00d6Z KIRPARKEN YAKALANDI<\/strong><\/p>\n<p>\u0130ddiaya g\u00f6re, eski futbolcu G\u00f6khan \u00c7\u0131ra, bir arkada\u015f\u0131n\u0131n do\u011fum g\u00fcn\u00fc partisinde fenomen Karadeniz K\u0131l\u0131\u00e7\u2019a g\u00f6z k\u0131rparken yakaland\u0131. Tam bu anda \u00e7ekim yapan K\u0131l\u0131\u00e7\u2019\u0131n objektifine tak\u0131lan \u00c7\u0131ra, gen\u00e7 fenomene mesaj g\u00f6ndererek g\u00f6r\u00fcnt\u00fcleri silmesini rica etti. Gen\u00e7 fenomen de \u00c7\u0131ra\u2019n\u0131n bu iste\u011fini kabul etti. \u00c7\u0131ra, gen\u00e7 kad\u0131na olumlu yan\u0131t\u0131 kar\u015f\u0131s\u0131nda te\u015fekk\u00fcr etti ve bir \u015feyler \u0131smarlamak istedi.<\/p>\n<p><img loading=\"lazy\" decoding=\"async\" class=\"aligncenter wp-image-30201 size-full\" src=\"https:\/\/adanaseshaber.com.tr\/wp-content\/uploads\/2022\/07\/gokhan-ciranin-genc-fenomene-attigi-mesajlar-ifsa-oldu-1.jpg\" alt=\"\" width=\"1280\" height=\"720\" srcset=\"https:\/\/adanaseshaber.com.tr\/wp-content\/uploads\/2022\/07\/gokhan-ciranin-genc-fenomene-attigi-mesajlar-ifsa-oldu-1.jpg 1280w, https:\/\/adanaseshaber.com.tr\/wp-content\/uploads\/2022\/07\/gokhan-ciranin-genc-fenomene-attigi-mesajlar-ifsa-oldu-1-300x169.jpg 300w, https:\/\/adanaseshaber.com.tr\/wp-content\/uploads\/2022\/07\/gokhan-ciranin-genc-fenomene-attigi-mesajlar-ifsa-oldu-1-1024x576.jpg 1024w, https:\/\/adanaseshaber.com.tr\/wp-content\/uploads\/2022\/07\/gokhan-ciranin-genc-fenomene-attigi-mesajlar-ifsa-oldu-1-768x432.jpg 768w, https:\/\/adanaseshaber.com.tr\/wp-content\/uploads\/2022\/07\/gokhan-ciranin-genc-fenomene-attigi-mesajlar-ifsa-oldu-1-390x220.jpg 390w\" sizes=\"auto, (max-width: 1280px) 100vw, 1280px\" \/><\/p>\n<p><img loading=\"lazy\" decoding=\"async\" class=\"aligncenter wp-image-30203 size-full\" src=\"https:\/\/adanaseshaber.com.tr\/wp-content\/uploads\/2022\/07\/gokhan-ciranin-genc-fenomene-attigi-mesajlar-ifsa-oldu-2.jpg\" alt=\"\" width=\"1280\" height=\"720\" srcset=\"https:\/\/adanaseshaber.com.tr\/wp-content\/uploads\/2022\/07\/gokhan-ciranin-genc-fenomene-attigi-mesajlar-ifsa-oldu-2.jpg 1280w, https:\/\/adanaseshaber.com.tr\/wp-content\/uploads\/2022\/07\/gokhan-ciranin-genc-fenomene-attigi-mesajlar-ifsa-oldu-2-300x169.jpg 300w, https:\/\/adanaseshaber.com.tr\/wp-content\/uploads\/2022\/07\/gokhan-ciranin-genc-fenomene-attigi-mesajlar-ifsa-oldu-2-1024x576.jpg 1024w, https:\/\/adanaseshaber.com.tr\/wp-content\/uploads\/2022\/07\/gokhan-ciranin-genc-fenomene-attigi-mesajlar-ifsa-oldu-2-768x432.jpg 768w, https:\/\/adanaseshaber.com.tr\/wp-content\/uploads\/2022\/07\/gokhan-ciranin-genc-fenomene-attigi-mesajlar-ifsa-oldu-2-390x220.jpg 390w\" sizes=\"auto, (max-width: 1280px) 100vw, 1280px\" \/><\/p>\n<p><strong>B\u00dcT\u00dcN MESAJLARI \u0130F\u015eA OLDU<\/strong><\/p>\n<p>E\u015fi G\u00f6khan \u00c7\u0131ra\u2019n\u0131n bir kad\u0131na g\u00f6z k\u0131rpt\u0131\u011f\u0131n\u0131 \u00f6\u011frenen Selin Ci\u011ferci ise Karadeniz K\u0131l\u0131\u00e7\u2019a mesaj atarak G\u00f6khan \u00c7\u0131ra ile konu\u015fmalar\u0131n\u0131n foto\u011fraf\u0131n\u0131 istedi. Bu olay \u00fczerine \u00c7\u0131ra, \u2018Mesaj\u0131 gidip kar\u0131ma atmak nedir? Bir de sana yanl\u0131\u015f bir \u015fey mi dedim de at\u0131yorsun? Valla ay\u0131p, ama\u00e7 nedir?\u2019 s\u00f6zleriyle tepki g\u00f6sterdi. S\u00f6z konusu mesajlar \u2018Fenomenlere Dair Her \u015fey\u2019 adl\u0131 Instagram sayfas\u0131nda da payla\u015f\u0131ld\u0131. G\u00f6khan \u00c7\u0131ra ile Karadeniz K\u0131l\u0131\u00e7\u2019\u0131n mesajlar\u0131n\u0131n if\u015fa olmas\u0131n\u0131n ard\u0131ndan Ci\u011ferci ve \u00c7\u0131ra \u00e7iftinin bo\u015fanma karar\u0131 ald\u0131\u011f\u0131 \u00f6ne s\u00fcr\u00fcld\u00fc.<\/p>\n","protected":false},"excerpt":{"rendered":"<p>Fenomen Selin Ci\u011ferci ve eski futbolcu G\u00f6khan \u00c7\u0131ra, ikinci kez nikah masas\u0131na oturmu\u015f ancak tekrar ayr\u0131l\u0131k karar\u0131 alm\u0131\u015ft\u0131. Ci\u011ferci ve \u00c7\u0131ra\u2019n\u0131n bo\u015fanma karar\u0131 magazin g\u00fcndemine bomba gibi d\u00fc\u015ferken \u00e7iftin bo\u015fanma sebebi ise merak konusu olmu\u015ftu. Selin Ci\u011ferci ve G\u00f6khan \u00c7\u0131ra, sosyal medya hesaplar\u0131ndan ayr\u0131 ayr\u0131 yapt\u0131klar\u0131 a\u00e7\u0131klamalarla bo\u015fanma karar\u0131n\u0131 duyurmu\u015ftu. \u00c7iftin ayr\u0131l\u0131k karar\u0131n\u0131n sebebinin ihanet &hellip;<\/p>\n","protected":false},"author":6,"featured_media":30199,"comment_status":"closed","ping_status":"closed","sticky":false,"template":"","format":"standard","meta":{"footnotes":""},"categories":[15431],"tags":[],"class_list":["post-30198","post","type-post","status-publish","format-standard","has-post-thumbnail","hentry","category-medya"],"amp_enabled":true,"_links":{"self":[{"href":"https:\/\/adanaseshaber.com.tr\/index.php?rest_route=\/wp\/v2\/posts\/30198","targetHints":{"allow":["GET"]}}],"collection":[{"href":"https:\/\/adanaseshaber.com.tr\/index.php?rest_route=\/wp\/v2\/posts"}],"about":[{"href":"https:\/\/adanaseshaber.com.tr\/index.php?rest_route=\/wp\/v2\/types\/post"}],"author":[{"embeddable":true,"href":"https:\/\/adanaseshaber.com.tr\/index.php?rest_route=\/wp\/v2\/users\/6"}],"replies":[{"embeddable":true,"href":"https:\/\/adanaseshaber.com.tr\/index.php?rest_route=%2Fwp%2Fv2%2Fcomments&post=30198"}],"version-history":[{"count":3,"href":"https:\/\/adanaseshaber.com.tr\/index.php?rest_route=\/wp\/v2\/posts\/30198\/revisions"}],"predecessor-version":[{"id":30204,"href":"https:\/\/adanaseshaber.com.tr\/index.php?rest_route=\/wp\/v2\/posts\/30198\/revisions\/30204"}],"wp:featuredmedia":[{"embeddable":true,"href":"https:\/\/adanaseshaber.com.tr\/index.php?rest_route=\/wp\/v2\/media\/30199"}],"wp:attachment":[{"href":"https:\/\/adanaseshaber.com.tr\/index.php?rest_route=%2Fwp%2Fv2%2Fmedia&parent=30198"}],"wp:term":[{"taxonomy":"category","embeddable":true,"href":"https:\/\/adanaseshaber.com.tr\/index.php?rest_route=%2Fwp%2Fv2%2Fcategories&post=30198"},{"taxonomy":"post_tag","embeddable":true,"href":"https:\/\/adanaseshaber.com.tr\/index.php?rest_route=%2Fwp%2Fv2%2Ftags&post=30198"}],"curies":[{"name":"wp","href":"https:\/\/api.w.org\/{rel}","templated":true}]}}