{"id":30205,"date":"2022-07-29T12:22:57","date_gmt":"2022-07-29T09:22:57","guid":{"rendered":"https:\/\/www.adanaseshaber.com\/?p=30205"},"modified":"2022-07-29T21:38:40","modified_gmt":"2022-07-29T18:38:40","slug":"29-temmuz-en-hamarat-benim-kim-kazandi-haftanin-birincisi-kim-oldu","status":"publish","type":"post","link":"https:\/\/adanaseshaber.com.tr\/?p=30205","title":{"rendered":"29 Temmuz En Hamarat Benim kim kazand\u0131? Haftan\u0131n birincisi kim oldu?"},"content":{"rendered":"<p>FOX ekranlar\u0131n\u0131n sevilen g\u00fcnd\u00fcz ku\u015fa\u011f\u0131 program\u0131 En Hamarat Benim\u2019in yeni sezonunun ilk haftas\u0131 sona eriyor. Yeni sezona Rize\u2019de ba\u015flayan ve muhte\u015fem bir haftayla izleyicinin kar\u015f\u0131s\u0131na \u00e7\u0131kan program\u0131n ilk haftas\u0131 tamamlanmaya haz\u0131rlan\u0131rken g\u00f6zler Rize haftas\u0131n\u0131n birincisine \u00e7evrildi. Haftay\u0131 hangi yar\u0131\u015fmac\u0131n\u0131n birinci tamamlayaca\u011f\u0131 merak konusu. Kadir Ezildi ile En Hamarat Benim\u2019in haftan\u0131n finali b\u00f6l\u00fcm\u00fcnde yar\u0131\u015fan isim Seda Han\u0131m oluyor. Haftay\u0131 kapatmaya haz\u0131rlanan program\u0131n son g\u00fcn yar\u0131\u015fmac\u0131s\u0131 Seda Han\u0131m\u0131n nas\u0131l bir performans sergileyece\u011fi merak ediliyor. Peki, En Hamarat Benim kim kazand\u0131 29 Temmuz 2022? En Hamarat Benim haftan\u0131n birincisi kim oldu 29 Temmuz 2022? Seda Han\u0131m ka\u00e7 puan ald\u0131? Kadir Ezildi ka\u00e7 puan verdi? \u0130\u015fte t\u00fcm merak edilenler\u2026<\/p>\n<p><strong>EN HAMARAT BEN\u0130M 29 TEMMUZ 2022 PUAN TABLOSU (SEDA)<\/strong><\/p>\n<p>En Hamarat Benim\u2019in 29 Temmuz 2022 Cuma g\u00fcn\u00fcne ait haftan\u0131n finali b\u00f6l\u00fcm\u00fcnde yar\u0131\u015fan isim olan Seda Han\u0131m\u0131n hen\u00fcz rakiplerinden ald\u0131\u011f\u0131 puanlar a\u00e7\u0131klanmad\u0131. Seda Han\u0131m\u0131n puan tablosu a\u00e7\u0131kland\u0131ktan hemen sonra t\u00fcm detaylar\u0131yla sizlerle payla\u015faca\u011f\u0131z\u2026<\/p>\n<p>En Hamarat Benim&#8217;in haftan\u0131n finali b\u00f6l\u00fcm\u00fcnde yar\u0131\u015fan ismi Seda Han\u0131m\u0131n rakiplerinden ald\u0131\u011f\u0131 puanlar \u015f\u00f6yle;<\/p>\n<p>Feyza Han\u0131m: 2 puan<\/p>\n<p>Y\u0131ld\u0131z Han\u0131m: 1 puan<\/p>\n<p>Serap Han\u0131m: 2 puan<\/p>\n<p>Elif Han\u0131m: 1 puan<\/p>\n<p>Toplam: 6 puan<\/p>\n<p><strong>EN HAMARAT BEN\u0130M HAFTANIN B\u0130R\u0130NC\u0130S\u0130 K\u0130M OLDU?<\/strong><\/p>\n<p>En Hamarat Benim\u2019in yeni sezonunun ilk haftas\u0131 geride kalmaya haz\u0131rlan\u0131yor. Rize haftas\u0131nda birbirinden muhte\u015fem yar\u0131\u015fmac\u0131larla m\u00fckemmel bir hafta ge\u00e7iren program\u0131n birincisi merak ediliyor. Hen\u00fcz En Hamarat Benim\u2019de haftan\u0131n birincisi olan ve b\u00fcy\u00fck \u00f6d\u00fcl\u00fc almaya hak kazanan yar\u0131\u015fmac\u0131n\u0131n ismi a\u00e7\u0131klanmad\u0131. Birinci olan yar\u0131\u015fmac\u0131n\u0131n ismi a\u00e7\u0131kland\u0131ktan hemen sonra t\u00fcm detaylar\u0131 sizlere aktaraca\u011f\u0131z\u2026<\/p>\n<p>Kadir Ezildi ile En Hamarat Benim&#8217;in ilk sezonunun birincisi belli oldu. Rize haftas\u0131nda birinci Feyzanur Han\u0131m oldu. Haftan\u0131n birincisi olan Feyzanur han\u0131m 20 bin TL&#8217;lik b\u00fcy\u00fck \u00f6d\u00fcl\u00fcn de sahibi oldu. Program\u0131n yeni sezonunda hi\u00e7bir yar\u0131\u015fmac\u0131 eli bo\u015f d\u00f6nm\u00fcyor. 5. ve 4. olan yar\u0131\u015fmac\u0131lara mutfak robotu hediye edilirken \u00fc\u00e7\u00fcnc\u00fc olan yar\u0131\u015fmac\u0131ya \u00e7eyrek,ikinci olan yar\u0131\u015fmac\u0131ya ise yar\u0131m alt\u0131n hediye edildi.<\/p>\n<p><img loading=\"lazy\" decoding=\"async\" class=\"aligncenter wp-image-30208 size-full\" src=\"https:\/\/adanaseshaber.com.tr\/wp-content\/uploads\/2022\/07\/29-temmuz-en-hamarat-benim-kim-kazandi-haftanin-birincisi-kim-oldu-1.jpg\" alt=\"\" width=\"1280\" height=\"720\" srcset=\"https:\/\/adanaseshaber.com.tr\/wp-content\/uploads\/2022\/07\/29-temmuz-en-hamarat-benim-kim-kazandi-haftanin-birincisi-kim-oldu-1.jpg 1280w, https:\/\/adanaseshaber.com.tr\/wp-content\/uploads\/2022\/07\/29-temmuz-en-hamarat-benim-kim-kazandi-haftanin-birincisi-kim-oldu-1-300x169.jpg 300w, https:\/\/adanaseshaber.com.tr\/wp-content\/uploads\/2022\/07\/29-temmuz-en-hamarat-benim-kim-kazandi-haftanin-birincisi-kim-oldu-1-1024x576.jpg 1024w, https:\/\/adanaseshaber.com.tr\/wp-content\/uploads\/2022\/07\/29-temmuz-en-hamarat-benim-kim-kazandi-haftanin-birincisi-kim-oldu-1-768x432.jpg 768w, https:\/\/adanaseshaber.com.tr\/wp-content\/uploads\/2022\/07\/29-temmuz-en-hamarat-benim-kim-kazandi-haftanin-birincisi-kim-oldu-1-390x220.jpg 390w\" sizes=\"auto, (max-width: 1280px) 100vw, 1280px\" \/><\/p>\n<p><strong>EN HAMARAT BEN\u0130M SAAT KA\u00c7TA BA\u015eLIYOR?<\/strong><\/p>\n<p>Kadir Ezildi ile En Hamarat Benim, hafta i\u00e7i her g\u00fcn saat 13.00\u2019te FOX TV\u2019de yay\u0131nlan\u0131yor.<\/p>\n","protected":false},"excerpt":{"rendered":"<p>FOX ekranlar\u0131n\u0131n sevilen g\u00fcnd\u00fcz ku\u015fa\u011f\u0131 program\u0131 En Hamarat Benim\u2019in yeni sezonunun ilk haftas\u0131 sona eriyor. Yeni sezona Rize\u2019de ba\u015flayan ve muhte\u015fem bir haftayla izleyicinin kar\u015f\u0131s\u0131na \u00e7\u0131kan program\u0131n ilk haftas\u0131 tamamlanmaya haz\u0131rlan\u0131rken g\u00f6zler Rize haftas\u0131n\u0131n birincisine \u00e7evrildi. Haftay\u0131 hangi yar\u0131\u015fmac\u0131n\u0131n birinci tamamlayaca\u011f\u0131 merak konusu. Kadir Ezildi ile En Hamarat Benim\u2019in haftan\u0131n finali b\u00f6l\u00fcm\u00fcnde yar\u0131\u015fan isim Seda &hellip;<\/p>\n","protected":false},"author":6,"featured_media":30206,"comment_status":"closed","ping_status":"closed","sticky":false,"template":"","format":"standard","meta":{"footnotes":""},"categories":[1],"tags":[],"class_list":["post-30205","post","type-post","status-publish","format-standard","has-post-thumbnail","hentry","category-genel"],"amp_enabled":true,"_links":{"self":[{"href":"https:\/\/adanaseshaber.com.tr\/index.php?rest_route=\/wp\/v2\/posts\/30205","targetHints":{"allow":["GET"]}}],"collection":[{"href":"https:\/\/adanaseshaber.com.tr\/index.php?rest_route=\/wp\/v2\/posts"}],"about":[{"href":"https:\/\/adanaseshaber.com.tr\/index.php?rest_route=\/wp\/v2\/types\/post"}],"author":[{"embeddable":true,"href":"https:\/\/adanaseshaber.com.tr\/index.php?rest_route=\/wp\/v2\/users\/6"}],"replies":[{"embeddable":true,"href":"https:\/\/adanaseshaber.com.tr\/index.php?rest_route=%2Fwp%2Fv2%2Fcomments&post=30205"}],"version-history":[{"count":4,"href":"https:\/\/adanaseshaber.com.tr\/index.php?rest_route=\/wp\/v2\/posts\/30205\/revisions"}],"predecessor-version":[{"id":30361,"href":"https:\/\/adanaseshaber.com.tr\/index.php?rest_route=\/wp\/v2\/posts\/30205\/revisions\/30361"}],"wp:featuredmedia":[{"embeddable":true,"href":"https:\/\/adanaseshaber.com.tr\/index.php?rest_route=\/wp\/v2\/media\/30206"}],"wp:attachment":[{"href":"https:\/\/adanaseshaber.com.tr\/index.php?rest_route=%2Fwp%2Fv2%2Fmedia&parent=30205"}],"wp:term":[{"taxonomy":"category","embeddable":true,"href":"https:\/\/adanaseshaber.com.tr\/index.php?rest_route=%2Fwp%2Fv2%2Fcategories&post=30205"},{"taxonomy":"post_tag","embeddable":true,"href":"https:\/\/adanaseshaber.com.tr\/index.php?rest_route=%2Fwp%2Fv2%2Ftags&post=30205"}],"curies":[{"name":"wp","href":"https:\/\/api.w.org\/{rel}","templated":true}]}}