{"id":30228,"date":"2022-07-29T13:40:39","date_gmt":"2022-07-29T10:40:39","guid":{"rendered":"https:\/\/www.adanaseshaber.com\/?p=30228"},"modified":"2022-07-29T13:43:22","modified_gmt":"2022-07-29T10:43:22","slug":"ezgi-mola-hakkinda-bir-suc-duyurusu-daha","status":"publish","type":"post","link":"https:\/\/adanaseshaber.com.tr\/?p=30228","title":{"rendered":"Ezgi Mola hakk\u0131nda bir su\u00e7 duyurusu daha"},"content":{"rendered":"<p>\u00dcnl\u00fc oyuncu Ezgi Mola, cinsel sald\u0131r\u0131 iddias\u0131yla yarg\u0131lanan Musa Orhan\u2019a hakaret etti\u011fi gerek\u00e7esiyle yarg\u0131lanm\u0131\u015f ve para cezas\u0131 alm\u0131\u015ft\u0131. \u00dcnl\u00fc oyuncu hakk\u0131nda Musa Orhan\u2019dan bir su\u00e7 duyurusu daha geldi. Musa Orhan\u2019\u0131n Ezgi Mola hakk\u0131nda yeni bir su\u00e7 duyurusunda daha bulunmas\u0131 sosyal medyan\u0131n g\u00fcndemine oturdu. Sosyal medya kullan\u0131c\u0131lar\u0131 duruma tepki g\u00f6sterdi. Orhan\u2019\u0131n avukat\u0131 Mehmet Erkan Akku\u015f taraf\u0131ndan yap\u0131lan su\u00e7 duyurusunda Mola\u2019n\u0131n 5 y\u0131la kadar hapis istemiyle cezaland\u0131r\u0131lmas\u0131 istendi. Sosyal medyan\u0131n g\u00fcndemine oturan konuyla ilgili binlerce yorum yap\u0131ld\u0131. Ezgi Mola hakk\u0131nda yeni su\u00e7 duyurusuna kar\u015f\u0131 tepkiler \u00e7\u0131\u011f gibi b\u00fcy\u00fcrken olay\u0131n detaylar\u0131 da ara\u015ft\u0131r\u0131lmaya ba\u015fland\u0131. \u0130\u015fte detaylar\u2026<\/p>\n<p><strong>PARA CEZASI ALMI\u015eTI<\/strong><\/p>\n<p>Ge\u00e7ti\u011fimiz y\u0131l Batman\u2019da intihar eden \u0130pek Er\u2019in geride b\u0131rakt\u0131\u011f\u0131 mektupta kendisine cinsel sald\u0131r\u0131da bulundu\u011funu belirtti\u011fi eski Uzman \u00c7avu\u015f Musa Orhan\u2019a sosyal medya hesab\u0131 \u00fczerinden hakaret etti\u011fi gerek\u00e7esiyle yarg\u0131lanan ve para cezas\u0131 alan \u00fcnl\u00fc oyuncu Ezgi Mola hakk\u0131nda bir su\u00e7 duyurusu daha yap\u0131ld\u0131.<\/p>\n<p><strong>AVUKATI SU\u00c7 DUYURUSUNDA BULUNDU<\/strong><\/p>\n<p>Al\u0131nan bilgilere g\u00f6re, Musa Orhan\u2019\u0131n avukat\u0131 Mehmet Erkan Akku\u015f, savc\u0131l\u0131\u011fa verdi\u011fi dilek\u00e7ede, a\u00e7\u0131lan davada uzla\u015ft\u0131rma g\u00f6r\u00fc\u015fmelerinde talep edilen para miktar\u0131 ile di\u011fer diyaloglar\u0131 a\u00e7\u0131klayan oyuncu Ezgi Mola\u2019n\u0131n gizli kalmas\u0131 gereken bilgilerin a\u00e7\u0131klanmas\u0131n\u0131 ihlal su\u00e7unu i\u015fledi\u011fini belirtti ve 5 y\u0131la kadar hapis istemiyle cezaland\u0131r\u0131lmas\u0131n\u0131 talep etti.<\/p>\n<p><img loading=\"lazy\" decoding=\"async\" class=\"aligncenter wp-image-30235 size-full\" src=\"https:\/\/adanaseshaber.com.tr\/wp-content\/uploads\/2022\/07\/ezgi-mola-hakkinda-bir-suc-duyurusu-daha-1-1.jpg\" alt=\"\" width=\"1280\" height=\"720\" srcset=\"https:\/\/adanaseshaber.com.tr\/wp-content\/uploads\/2022\/07\/ezgi-mola-hakkinda-bir-suc-duyurusu-daha-1-1.jpg 1280w, https:\/\/adanaseshaber.com.tr\/wp-content\/uploads\/2022\/07\/ezgi-mola-hakkinda-bir-suc-duyurusu-daha-1-1-300x169.jpg 300w, https:\/\/adanaseshaber.com.tr\/wp-content\/uploads\/2022\/07\/ezgi-mola-hakkinda-bir-suc-duyurusu-daha-1-1-1024x576.jpg 1024w, https:\/\/adanaseshaber.com.tr\/wp-content\/uploads\/2022\/07\/ezgi-mola-hakkinda-bir-suc-duyurusu-daha-1-1-768x432.jpg 768w, https:\/\/adanaseshaber.com.tr\/wp-content\/uploads\/2022\/07\/ezgi-mola-hakkinda-bir-suc-duyurusu-daha-1-1-390x220.jpg 390w\" sizes=\"auto, (max-width: 1280px) 100vw, 1280px\" \/><\/p>\n<p><strong>SOSYAL MEDYADA TEPK\u0130LER \u00c7I\u011e G\u0130B\u0130<\/strong><\/p>\n<p>Orhan\u2019\u0131n avukat\u0131n\u0131n verdi\u011fi dilek\u00e7ede, uzla\u015ft\u0131rma m\u00fcessesesinin daha etkin y\u00fcr\u00fct\u00fclebilmesi, bundan sonraki g\u00f6r\u00fc\u015fmelerin if\u015fa edilmemesi ve taraflar\u0131n g\u00fcven i\u00e7inde kalmalar\u0131 ad\u0131na Ezgi Mola\u2019n\u0131n cezaland\u0131r\u0131lmas\u0131 istendi. S\u00f6z konusu dilek\u00e7ede ayr\u0131ca Ezgi Mola\u2019ya 5 y\u0131la kadar hapis istemiyle dava a\u00e7\u0131lmas\u0131 gerekti\u011fi belirtildi. Musa Orhan cephesinden \u00fcnl\u00fc oyuncu Ezgi Mola\u2019ya bir su\u00e7 duyurusu daha gelmesi sosyal medyay\u0131 aya\u011fa kald\u0131rd\u0131. Olaya tepkiler \u00e7\u0131\u011f gibi b\u00fcy\u00fcrken konuyla ilgili sosyal medya \u00fczerinden binlerce payla\u015f\u0131m yap\u0131ld\u0131.<\/p>\n","protected":false},"excerpt":{"rendered":"<p>\u00dcnl\u00fc oyuncu Ezgi Mola, cinsel sald\u0131r\u0131 iddias\u0131yla yarg\u0131lanan Musa Orhan\u2019a hakaret etti\u011fi gerek\u00e7esiyle yarg\u0131lanm\u0131\u015f ve para cezas\u0131 alm\u0131\u015ft\u0131. \u00dcnl\u00fc oyuncu hakk\u0131nda Musa Orhan\u2019dan bir su\u00e7 duyurusu daha geldi. Musa Orhan\u2019\u0131n Ezgi Mola hakk\u0131nda yeni bir su\u00e7 duyurusunda daha bulunmas\u0131 sosyal medyan\u0131n g\u00fcndemine oturdu. Sosyal medya kullan\u0131c\u0131lar\u0131 duruma tepki g\u00f6sterdi. Orhan\u2019\u0131n avukat\u0131 Mehmet Erkan Akku\u015f taraf\u0131ndan &hellip;<\/p>\n","protected":false},"author":6,"featured_media":30230,"comment_status":"closed","ping_status":"closed","sticky":false,"template":"","format":"standard","meta":{"footnotes":""},"categories":[15431],"tags":[],"class_list":["post-30228","post","type-post","status-publish","format-standard","has-post-thumbnail","hentry","category-medya"],"amp_enabled":true,"_links":{"self":[{"href":"https:\/\/adanaseshaber.com.tr\/index.php?rest_route=\/wp\/v2\/posts\/30228","targetHints":{"allow":["GET"]}}],"collection":[{"href":"https:\/\/adanaseshaber.com.tr\/index.php?rest_route=\/wp\/v2\/posts"}],"about":[{"href":"https:\/\/adanaseshaber.com.tr\/index.php?rest_route=\/wp\/v2\/types\/post"}],"author":[{"embeddable":true,"href":"https:\/\/adanaseshaber.com.tr\/index.php?rest_route=\/wp\/v2\/users\/6"}],"replies":[{"embeddable":true,"href":"https:\/\/adanaseshaber.com.tr\/index.php?rest_route=%2Fwp%2Fv2%2Fcomments&post=30228"}],"version-history":[{"count":3,"href":"https:\/\/adanaseshaber.com.tr\/index.php?rest_route=\/wp\/v2\/posts\/30228\/revisions"}],"predecessor-version":[{"id":30237,"href":"https:\/\/adanaseshaber.com.tr\/index.php?rest_route=\/wp\/v2\/posts\/30228\/revisions\/30237"}],"wp:featuredmedia":[{"embeddable":true,"href":"https:\/\/adanaseshaber.com.tr\/index.php?rest_route=\/wp\/v2\/media\/30230"}],"wp:attachment":[{"href":"https:\/\/adanaseshaber.com.tr\/index.php?rest_route=%2Fwp%2Fv2%2Fmedia&parent=30228"}],"wp:term":[{"taxonomy":"category","embeddable":true,"href":"https:\/\/adanaseshaber.com.tr\/index.php?rest_route=%2Fwp%2Fv2%2Fcategories&post=30228"},{"taxonomy":"post_tag","embeddable":true,"href":"https:\/\/adanaseshaber.com.tr\/index.php?rest_route=%2Fwp%2Fv2%2Ftags&post=30228"}],"curies":[{"name":"wp","href":"https:\/\/api.w.org\/{rel}","templated":true}]}}