{"id":30238,"date":"2022-07-29T14:02:55","date_gmt":"2022-07-29T11:02:55","guid":{"rendered":"https:\/\/www.adanaseshaber.com\/?p=30238"},"modified":"2022-07-29T14:03:25","modified_gmt":"2022-07-29T11:03:25","slug":"meb-okullarin-acilacagi-tarihi-acikladi","status":"publish","type":"post","link":"https:\/\/adanaseshaber.com.tr\/?p=30238","title":{"rendered":"MEB okullar\u0131n a\u00e7\u0131laca\u011f\u0131 tarihi a\u00e7\u0131klad\u0131"},"content":{"rendered":"<p>Yaz tatili devam ederken \u00f6\u011frenciler ve veliler bir yandan yeni e\u011fitim \u00f6\u011fretim y\u0131l\u0131 ile ilgili ara\u015ft\u0131rmalar\u0131na devam ediyor. Okullar\u0131n ne zaman a\u00e7\u0131laca\u011f\u0131na dair merakl\u0131 ara\u015ft\u0131rmalar devam ederken Milli E\u011fitim Bakanl\u0131\u011f\u0131, yeni e\u011fitim \u00f6\u011fretim y\u0131l\u0131 takvimini payla\u015ft\u0131. 2022-2023 e\u011fitim \u00f6\u011fretim y\u0131l\u0131n\u0131n ne zaman ba\u015flayaca\u011f\u0131 ve t\u00fcm detaylar MEB taraf\u0131ndan payla\u015f\u0131ld\u0131. Milli E\u011fitim Bakanl\u0131\u011f\u0131, okullar\u0131n a\u00e7\u0131laca\u011f\u0131 tarihle ilgili a\u00e7\u0131klama yapt\u0131. Yeni e\u011fitim \u00f6\u011fretim d\u00f6neminin hangi tarihte ba\u015flayaca\u011f\u0131n\u0131 duyuran Bakanl\u0131k, ilkokul birinci s\u0131n\u0131fa ba\u015flayacak olan \u00f6\u011frencilerle ilgili detay\u0131 da payla\u015ft\u0131. \u0130\u015fte Milli E\u011fitim Bakanl\u0131\u011f\u0131 taraf\u0131ndan yap\u0131lan a\u00e7\u0131klaman\u0131n t\u00fcm detaylar\u0131\u2026<\/p>\n<p><strong>OKULLAR NE ZAMAN A\u00c7ILACAK?<\/strong><\/p>\n<p>Milli E\u011fitim Bakanl\u0131\u011f\u0131, 2022-2023 e\u011fitim-\u00f6\u011fretim y\u0131l\u0131 \u00e7al\u0131\u015fma takvimini payla\u015ft\u0131. MEB\u2019in payla\u015ft\u0131\u011f\u0131 takvim kapsam\u0131nda \u00f6\u011fretmenler mesleki \u00e7al\u0131\u015fmalar\u0131n\u0131 1 Eyl\u00fcl 2022 Per\u015fembe g\u00fcn\u00fcnden itibaren ger\u00e7ekle\u015ftirecek. Okullarda birinci d\u00f6nem 12 Eyl\u00fcl 2022 Pazartesi g\u00fcn\u00fc ba\u015flayacak.<\/p>\n<p><strong>1. SINIFLAR 1 HAFTA ERKEN BA\u015eLAYACAK<\/strong><\/p>\n<p>\u0130lkokul 1. S\u0131n\u0131flar i\u00e7in yeni e\u011fitim-\u00f6\u011fretim y\u0131l\u0131 erken ba\u015flayacak. Bu kapsamda 2022-2023 e\u011fitim-\u00f6\u011fretim y\u0131l\u0131nda okul \u00f6ncesi ve ilkokul 1. s\u0131n\u0131f \u00f6\u011frencileri 5 Eyl\u00fcl-9 Eyl\u00fcl 2022 tarihleri aras\u0131nda uyum e\u011fitimlerine ba\u015flayacak.<\/p>\n<p><strong>REHBERL\u0130K \u00c7ALI\u015eMALARI YAPILACAK<\/strong><\/p>\n<p>\u00d6te yandan ortaokul ve \u0130mam Hatip Ortaokullar\u0131\u2019n\u0131n 5. s\u0131n\u0131flar\u0131, orta\u00f6\u011fretim kurumlar\u0131n\u0131n haz\u0131rl\u0131k ve 9. s\u0131n\u0131flar\u0131 ile pansiyonlarda kalacak \u00f6\u011frencilere y\u00f6nelik okul hakk\u0131nda bilgilendirme,, akademik ve mesleki geli\u015fimlerini destekleme, yeni girdikleri e\u011fitim ortam\u0131na k\u0131sa s\u00fcrede uyum sa\u011flama amac\u0131yla gerekli rehberlik \u00e7al\u0131\u015fmalar\u0131 da yap\u0131lacak.<\/p>\n<p><img loading=\"lazy\" decoding=\"async\" class=\"aligncenter wp-image-30241 size-full\" src=\"https:\/\/adanaseshaber.com.tr\/wp-content\/uploads\/2022\/07\/meb-okullarin-acilacagi-tarihi-acikladi.jpg\" alt=\"\" width=\"1280\" height=\"720\" srcset=\"https:\/\/adanaseshaber.com.tr\/wp-content\/uploads\/2022\/07\/meb-okullarin-acilacagi-tarihi-acikladi.jpg 1280w, https:\/\/adanaseshaber.com.tr\/wp-content\/uploads\/2022\/07\/meb-okullarin-acilacagi-tarihi-acikladi-300x169.jpg 300w, https:\/\/adanaseshaber.com.tr\/wp-content\/uploads\/2022\/07\/meb-okullarin-acilacagi-tarihi-acikladi-1024x576.jpg 1024w, https:\/\/adanaseshaber.com.tr\/wp-content\/uploads\/2022\/07\/meb-okullarin-acilacagi-tarihi-acikladi-768x432.jpg 768w, https:\/\/adanaseshaber.com.tr\/wp-content\/uploads\/2022\/07\/meb-okullarin-acilacagi-tarihi-acikladi-390x220.jpg 390w\" sizes=\"auto, (max-width: 1280px) 100vw, 1280px\" \/><\/p>\n<p><strong>YARIYIL TAT\u0130L\u0130 23 OCAK\u2019TA<\/strong><\/p>\n<p>2022-2023 e\u011fitim-\u00f6\u011fretim y\u0131l\u0131n\u0131n birinci d\u00f6nem ara tatili 14 Kas\u0131m 2022 Pazartesi g\u00fcn\u00fc ba\u015flayacak ve 18 Kas\u0131m 2022 Cuma g\u00fcn\u00fc sona erecek. Yar\u0131y\u0131l tatili ise 23 Ocak 2023 Pazartesi g\u00fcn\u00fc ba\u015flayacak ve 3 \u015eubat 2023 Cuma g\u00fcn\u00fc sona erecek. Okullarda ikinci d\u00f6nem ise 6 \u015eubat 2023 Pazartesi g\u00fcn\u00fc ba\u015flayacak. Okullarda ikinci d\u00f6nem ara tatili ise 17-20 Nisan 2023 tarihleri aras\u0131nda yap\u0131lacak. 2022-2023 e\u011fitim-\u00f6\u011fretim y\u0131l\u0131 16 Haziran 2023 tarihinde sona erecek ve yaz tatili ba\u015flayacak.<\/p>\n<p>&nbsp;<\/p>\n","protected":false},"excerpt":{"rendered":"<p>Yaz tatili devam ederken \u00f6\u011frenciler ve veliler bir yandan yeni e\u011fitim \u00f6\u011fretim y\u0131l\u0131 ile ilgili ara\u015ft\u0131rmalar\u0131na devam ediyor. Okullar\u0131n ne zaman a\u00e7\u0131laca\u011f\u0131na dair merakl\u0131 ara\u015ft\u0131rmalar devam ederken Milli E\u011fitim Bakanl\u0131\u011f\u0131, yeni e\u011fitim \u00f6\u011fretim y\u0131l\u0131 takvimini payla\u015ft\u0131. 2022-2023 e\u011fitim \u00f6\u011fretim y\u0131l\u0131n\u0131n ne zaman ba\u015flayaca\u011f\u0131 ve t\u00fcm detaylar MEB taraf\u0131ndan payla\u015f\u0131ld\u0131. Milli E\u011fitim Bakanl\u0131\u011f\u0131, okullar\u0131n a\u00e7\u0131laca\u011f\u0131 tarihle &hellip;<\/p>\n","protected":false},"author":6,"featured_media":30239,"comment_status":"closed","ping_status":"closed","sticky":false,"template":"","format":"standard","meta":{"footnotes":""},"categories":[1],"tags":[],"class_list":["post-30238","post","type-post","status-publish","format-standard","has-post-thumbnail","hentry","category-genel"],"amp_enabled":true,"_links":{"self":[{"href":"https:\/\/adanaseshaber.com.tr\/index.php?rest_route=\/wp\/v2\/posts\/30238","targetHints":{"allow":["GET"]}}],"collection":[{"href":"https:\/\/adanaseshaber.com.tr\/index.php?rest_route=\/wp\/v2\/posts"}],"about":[{"href":"https:\/\/adanaseshaber.com.tr\/index.php?rest_route=\/wp\/v2\/types\/post"}],"author":[{"embeddable":true,"href":"https:\/\/adanaseshaber.com.tr\/index.php?rest_route=\/wp\/v2\/users\/6"}],"replies":[{"embeddable":true,"href":"https:\/\/adanaseshaber.com.tr\/index.php?rest_route=%2Fwp%2Fv2%2Fcomments&post=30238"}],"version-history":[{"count":2,"href":"https:\/\/adanaseshaber.com.tr\/index.php?rest_route=\/wp\/v2\/posts\/30238\/revisions"}],"predecessor-version":[{"id":30242,"href":"https:\/\/adanaseshaber.com.tr\/index.php?rest_route=\/wp\/v2\/posts\/30238\/revisions\/30242"}],"wp:featuredmedia":[{"embeddable":true,"href":"https:\/\/adanaseshaber.com.tr\/index.php?rest_route=\/wp\/v2\/media\/30239"}],"wp:attachment":[{"href":"https:\/\/adanaseshaber.com.tr\/index.php?rest_route=%2Fwp%2Fv2%2Fmedia&parent=30238"}],"wp:term":[{"taxonomy":"category","embeddable":true,"href":"https:\/\/adanaseshaber.com.tr\/index.php?rest_route=%2Fwp%2Fv2%2Fcategories&post=30238"},{"taxonomy":"post_tag","embeddable":true,"href":"https:\/\/adanaseshaber.com.tr\/index.php?rest_route=%2Fwp%2Fv2%2Ftags&post=30238"}],"curies":[{"name":"wp","href":"https:\/\/api.w.org\/{rel}","templated":true}]}}