{"id":30260,"date":"2022-07-29T15:06:31","date_gmt":"2022-07-29T12:06:31","guid":{"rendered":"https:\/\/www.adanaseshaber.com\/?p=30260"},"modified":"2022-07-29T15:08:07","modified_gmt":"2022-07-29T12:08:07","slug":"sokak-roportajinda-bir-vatandasin-cami-yorumu-gundem-oldu","status":"publish","type":"post","link":"https:\/\/adanaseshaber.com.tr\/?p=30260","title":{"rendered":"Sokak r\u00f6portaj\u0131nda bir vatanda\u015f\u0131n Cami yorumu g\u00fcndem oldu"},"content":{"rendered":"<p>Sokak r\u00f6portajlar\u0131ndaki ilgin\u00e7 yorumlar s\u0131k s\u0131k g\u00fcndeme gelmeye devam ederken bu kez bir vatanda\u015f\u0131n Cami yorumu g\u00fcndeme bomba gibi d\u00fc\u015ft\u00fc. Sokak r\u00f6portaj\u0131 s\u0131ras\u0131nda yapt\u0131\u011f\u0131 Cami yorumuyla g\u00f6renleri \u015fa\u015f\u0131rtan bir vatanda\u015f s\u00f6yledikleriyle sosyal medyan\u0131n da g\u00fcndemine oturdu. Sosyal medya \u00fczerinde k\u0131sa s\u00fcrede yay\u0131lan olaya binlerce yorum geldi. Sokak r\u00f6portaj\u0131 esnas\u0131nda kendisine mikrofon uzat\u0131lan bir vatanda\u015f\u0131n yapt\u0131\u011f\u0131 Cami yorumu sosyal medyada viral oldu. K\u0131sa s\u00fcrede g\u00fcndem olan konuyla ilgili binlerce payla\u015f\u0131m yap\u0131ld\u0131. Cami yorumuyla g\u00fcndeme oturan vatanda\u015f\u0131n g\u00f6r\u00fcnt\u00fclerine yorum ve be\u011feni ya\u011farken r\u00f6portaj esnas\u0131nda bir ba\u015fka vatanda\u015f\u0131n yap\u0131lan Cami yorumuna \u2018Sa\u00e7mal\u0131yorsun\u2019 \u015feklindeki \u00e7\u0131k\u0131\u015f\u0131 da \u00e7ok konu\u015fuldu. \u0130\u015fte detaylar\u2026<\/p>\n<p><strong>SOKAK R\u00d6PORTAJINDA G\u00dcNDEM OLAN CAM\u0130 YORUMU<\/strong><\/p>\n<p>Sokak r\u00f6portajlar\u0131nda vatanda\u015flar\u0131n yapt\u0131\u011f\u0131 \u00e7\u0131k\u0131\u015flar g\u00fcndeme gelmeye devam ediyor. Bu kez kendisine mikrofon uzat\u0131lan bir vatanda\u015f\u0131n yapt\u0131\u011f\u0131 Cami yorumu g\u00fcndem oldu. R\u00f6portaj esnas\u0131nda \u2018Cami ne demektir?\u2019 diyerek yapt\u0131\u011f\u0131 yorum payla\u015f\u0131m rekorlar\u0131 k\u0131rd\u0131. Vatanda\u015f, \u2018&#8217;Cami ne demektir? Cami\u2019nin C\u2019si CHP\u2019nin C\u2019sidir. Cami\u2019nin A\u2019s\u0131 AK Parti\u2019nin A\u2019s\u0131d\u0131r. M, Milliyet\u00e7i Hareket Partisidir. \u0130, \u0130Y\u0130 Partidir. G\u00f6r\u00fcyorsunuz Cami\u2019ye HDP girememi\u015ftir. Neden? Neden? &#8216;Camih&#8217; olmuyor i\u015fte.&#8217;\u2019 diyerek g\u00f6renleri \u015fa\u015fk\u0131na \u00e7evirdi.<\/p>\n<p><img loading=\"lazy\" decoding=\"async\" class=\"aligncenter wp-image-30268 size-full\" src=\"https:\/\/adanaseshaber.com.tr\/wp-content\/uploads\/2022\/07\/sokak-roportajinda-bir-vatandasin-cami-yorumu-gundem-oldu-2.jpg\" alt=\"\" width=\"1280\" height=\"720\" srcset=\"https:\/\/adanaseshaber.com.tr\/wp-content\/uploads\/2022\/07\/sokak-roportajinda-bir-vatandasin-cami-yorumu-gundem-oldu-2.jpg 1280w, https:\/\/adanaseshaber.com.tr\/wp-content\/uploads\/2022\/07\/sokak-roportajinda-bir-vatandasin-cami-yorumu-gundem-oldu-2-300x169.jpg 300w, https:\/\/adanaseshaber.com.tr\/wp-content\/uploads\/2022\/07\/sokak-roportajinda-bir-vatandasin-cami-yorumu-gundem-oldu-2-1024x576.jpg 1024w, https:\/\/adanaseshaber.com.tr\/wp-content\/uploads\/2022\/07\/sokak-roportajinda-bir-vatandasin-cami-yorumu-gundem-oldu-2-768x432.jpg 768w, https:\/\/adanaseshaber.com.tr\/wp-content\/uploads\/2022\/07\/sokak-roportajinda-bir-vatandasin-cami-yorumu-gundem-oldu-2-390x220.jpg 390w\" sizes=\"auto, (max-width: 1280px) 100vw, 1280px\" \/><\/p>\n<p><strong>SOSYAL MEDYADA G\u00dcNDEM OLDU<\/strong><\/p>\n<p>Sokak r\u00f6portaj\u0131 esnas\u0131nda yapt\u0131\u011f\u0131 Cami yorumuyla herkesi \u015fa\u015f\u0131rtan vatanda\u015f k\u0131sa s\u00fcrede sosyal medyan\u0131n g\u00fcndemine yerle\u015fti. Vatanda\u015f\u0131n \u2018Cami\u2019 yorumu esnas\u0131nda orada bulunan bir vatanda\u015f\u0131n \u2018Sa\u00e7mal\u0131yorsun\u2019 tepkisi de \u00e7ok konu\u015fuldu. K\u0131sa s\u00fcrede g\u00fcndem olan g\u00f6r\u00fcnt\u00fclere yorum ve be\u011feni ya\u011fd\u0131.<\/p>\n<p>&nbsp;<\/p>\n","protected":false},"excerpt":{"rendered":"<p>Sokak r\u00f6portajlar\u0131ndaki ilgin\u00e7 yorumlar s\u0131k s\u0131k g\u00fcndeme gelmeye devam ederken bu kez bir vatanda\u015f\u0131n Cami yorumu g\u00fcndeme bomba gibi d\u00fc\u015ft\u00fc. Sokak r\u00f6portaj\u0131 s\u0131ras\u0131nda yapt\u0131\u011f\u0131 Cami yorumuyla g\u00f6renleri \u015fa\u015f\u0131rtan bir vatanda\u015f s\u00f6yledikleriyle sosyal medyan\u0131n da g\u00fcndemine oturdu. Sosyal medya \u00fczerinde k\u0131sa s\u00fcrede yay\u0131lan olaya binlerce yorum geldi. Sokak r\u00f6portaj\u0131 esnas\u0131nda kendisine mikrofon uzat\u0131lan bir vatanda\u015f\u0131n yapt\u0131\u011f\u0131 &hellip;<\/p>\n","protected":false},"author":6,"featured_media":30267,"comment_status":"closed","ping_status":"closed","sticky":false,"template":"","format":"standard","meta":{"footnotes":""},"categories":[15431],"tags":[],"class_list":["post-30260","post","type-post","status-publish","format-standard","has-post-thumbnail","hentry","category-medya"],"amp_enabled":true,"_links":{"self":[{"href":"https:\/\/adanaseshaber.com.tr\/index.php?rest_route=\/wp\/v2\/posts\/30260","targetHints":{"allow":["GET"]}}],"collection":[{"href":"https:\/\/adanaseshaber.com.tr\/index.php?rest_route=\/wp\/v2\/posts"}],"about":[{"href":"https:\/\/adanaseshaber.com.tr\/index.php?rest_route=\/wp\/v2\/types\/post"}],"author":[{"embeddable":true,"href":"https:\/\/adanaseshaber.com.tr\/index.php?rest_route=\/wp\/v2\/users\/6"}],"replies":[{"embeddable":true,"href":"https:\/\/adanaseshaber.com.tr\/index.php?rest_route=%2Fwp%2Fv2%2Fcomments&post=30260"}],"version-history":[{"count":2,"href":"https:\/\/adanaseshaber.com.tr\/index.php?rest_route=\/wp\/v2\/posts\/30260\/revisions"}],"predecessor-version":[{"id":30269,"href":"https:\/\/adanaseshaber.com.tr\/index.php?rest_route=\/wp\/v2\/posts\/30260\/revisions\/30269"}],"wp:featuredmedia":[{"embeddable":true,"href":"https:\/\/adanaseshaber.com.tr\/index.php?rest_route=\/wp\/v2\/media\/30267"}],"wp:attachment":[{"href":"https:\/\/adanaseshaber.com.tr\/index.php?rest_route=%2Fwp%2Fv2%2Fmedia&parent=30260"}],"wp:term":[{"taxonomy":"category","embeddable":true,"href":"https:\/\/adanaseshaber.com.tr\/index.php?rest_route=%2Fwp%2Fv2%2Fcategories&post=30260"},{"taxonomy":"post_tag","embeddable":true,"href":"https:\/\/adanaseshaber.com.tr\/index.php?rest_route=%2Fwp%2Fv2%2Ftags&post=30260"}],"curies":[{"name":"wp","href":"https:\/\/api.w.org\/{rel}","templated":true}]}}