{"id":30272,"date":"2022-07-29T15:45:49","date_gmt":"2022-07-29T12:45:49","guid":{"rendered":"https:\/\/www.adanaseshaber.com\/?p=30272"},"modified":"2022-07-29T21:44:12","modified_gmt":"2022-07-29T18:44:12","slug":"doya-doya-moda-kim-elendi-29-temmuz-2022-doya-doya-moda-haftanin-birincisi-kim-oldu","status":"publish","type":"post","link":"https:\/\/adanaseshaber.com.tr\/?p=30272","title":{"rendered":"Doya Doya Moda kim elendi? 29 Temmuz 2022 Doya Doya Moda haftan\u0131n birincisi kim oldu?"},"content":{"rendered":"<p>TV8 ekranlar\u0131n\u0131n ilgiyle izlenen moda program\u0131 Doya Doya Moda\u2019da haftan\u0131n finali b\u00f6l\u00fcm\u00fc geldi \u00e7att\u0131. T\u00fcm hafta boyunca en tarz ve en \u015f\u0131k olabilmek i\u00e7in birbirleriyle m\u00fccadele eden yar\u0131\u015fmac\u0131lar j\u00fcri \u00fcyelerinden en y\u00fcksek puanlar\u0131 alabilmek i\u00e7in her \u015feylerini ortaya koydu. \u015eimdi ise g\u00f6zler haftan\u0131n finaline \u00e7evrildi. Haftan\u0131n finalinde en d\u00fc\u015f\u00fck puan\u0131 alan bir yar\u0131\u015fmac\u0131 programa veda edecek. T\u00fcm hafta verilen m\u00fccadele ve al\u0131nan puanlar bug\u00fcn \u00e7ok daha b\u00fcy\u00fck \u00f6nem ta\u015f\u0131yor. Doya Doya Moda\u2019n\u0131n haftan\u0131n finali b\u00f6l\u00fcm\u00fc i\u00e7in nefesler tutuldu ve heyecanl\u0131 bekleyi\u015f ba\u015flad\u0131. Bug\u00fcn bir yar\u0131\u015fmac\u0131 haftan\u0131n birincisi olurken bir yar\u0131\u015fmac\u0131 ise programa veda edecek. Peki, Doya Doya Moda 29 Temmuz 2022 kim elendi? Doya Doya Moda haftan\u0131n birincisi kim oldu 29 Temmuz 2022? Doya Doya Moda 29 Temmuz 2022 puan tablosu a\u00e7\u0131kland\u0131 m\u0131? \u0130\u015fte t\u00fcm merak edilenler\u2026<\/p>\n<p><strong>DOYA DOYA MODA 29 TEMMUZ 2022 PUAN TABLOSU<\/strong><\/p>\n<p>Doya Doya Moda yar\u0131\u015fmac\u0131lar\u0131n\u0131n merakla beklenen 29 Temmuz 2022 puan tablosu hen\u00fcz a\u00e7\u0131klanmad\u0131. Cuma g\u00fcn\u00fcne, haftan\u0131n finali b\u00f6l\u00fcm\u00fcne ait g\u00fcncel puan tablosu a\u00e7\u0131kland\u0131ktan hemen sonra t\u00fcm detaylar\u0131 sizlerle payla\u015faca\u011f\u0131z\u2026<\/p>\n<p>Doya Doya Moda yar\u0131\u015fmac\u0131lar\u0131n\u0131n 29 Temmuz 2022 Cuma g\u00fcn\u00fcne ait puan tablosu \u015f\u00f6yle;<\/p>\n<p>Aleyna: 33 puan<\/p>\n<p>Selen: 13 puan<\/p>\n<p>Tina: 33 puan<\/p>\n<p>Banu: 27 puan<\/p>\n<p>Zeynep: 32 puan<\/p>\n<p>Nihan: 21 puan<\/p>\n<p>H\u00fclya: 37 puan<\/p>\n<p><strong>DOYA DOYA MODA HAFTANIN B\u0130R\u0130NC\u0130S\u0130<\/strong><\/p>\n<p>Doya Doya Moda\u2019n\u0131n 29 Temmuz 2022 Cuma g\u00fcn\u00fcne ait yeni b\u00f6l\u00fcm\u00fcnde, haftan\u0131n finali b\u00f6l\u00fcm\u00fcnde hen\u00fcz rakiplerine g\u00f6re en y\u00fcksek puan\u0131 alarak haftan\u0131n birincisi olan yar\u0131\u015fmac\u0131n\u0131n ismi a\u00e7\u0131klanmad\u0131. Haftan\u0131n birincisi olan isim a\u00e7\u0131kland\u0131ktan hemen sonra detaylar\u0131 sizlerle payla\u015faca\u011f\u0131z\u2026<\/p>\n<p>Doya Doya Moda&#8217;n\u0131n bu haftaki birincisi toplamda ula\u015ft\u0131\u011f\u0131 95 puanla H\u00fclya oldu.<\/p>\n<p><img loading=\"lazy\" decoding=\"async\" class=\"aligncenter wp-image-30275 size-full\" src=\"https:\/\/adanaseshaber.com.tr\/wp-content\/uploads\/2022\/07\/doya-doya-moda-kim-elendi-29-temmuz-2022-doya-doya-moda-haftanin-birincisi-kim-oldu-1.jpg\" alt=\"\" width=\"1280\" height=\"720\" srcset=\"https:\/\/adanaseshaber.com.tr\/wp-content\/uploads\/2022\/07\/doya-doya-moda-kim-elendi-29-temmuz-2022-doya-doya-moda-haftanin-birincisi-kim-oldu-1.jpg 1280w, https:\/\/adanaseshaber.com.tr\/wp-content\/uploads\/2022\/07\/doya-doya-moda-kim-elendi-29-temmuz-2022-doya-doya-moda-haftanin-birincisi-kim-oldu-1-300x169.jpg 300w, https:\/\/adanaseshaber.com.tr\/wp-content\/uploads\/2022\/07\/doya-doya-moda-kim-elendi-29-temmuz-2022-doya-doya-moda-haftanin-birincisi-kim-oldu-1-1024x576.jpg 1024w, https:\/\/adanaseshaber.com.tr\/wp-content\/uploads\/2022\/07\/doya-doya-moda-kim-elendi-29-temmuz-2022-doya-doya-moda-haftanin-birincisi-kim-oldu-1-768x432.jpg 768w, https:\/\/adanaseshaber.com.tr\/wp-content\/uploads\/2022\/07\/doya-doya-moda-kim-elendi-29-temmuz-2022-doya-doya-moda-haftanin-birincisi-kim-oldu-1-390x220.jpg 390w\" sizes=\"auto, (max-width: 1280px) 100vw, 1280px\" \/><\/p>\n<p><strong>DOYA DOYA MODA BU HAFTA K\u0130M ELEND\u0130?<\/strong><\/p>\n<p>Doya Doya Moda\u2019n\u0131n bug\u00fcnk\u00fc b\u00f6l\u00fcm\u00fcnde bir veda ya\u015fanacak. T\u00fcm hafta boyunca j\u00fcriden ald\u0131\u011f\u0131 puanlar kapsam\u0131nda rakiplerine g\u00f6re en az puan\u0131 toplayan bir yar\u0131\u015fmac\u0131 elenerek programa veda edecek. Hen\u00fcz Doya Doya Moda\u2019dan elenen yar\u0131\u015fmac\u0131n\u0131n ismi belli olmad\u0131. Elenen isim a\u00e7\u0131kland\u0131ktan hemen sonra sizleri bilgilendirece\u011fiz\u2026<\/p>\n<p>Doya Doya Moda&#8217;n\u0131n 29 Temmuz 2022 Cuma g\u00fcn\u00fc ekrana gelen haftan\u0131n finali b\u00f6l\u00fcm\u00fcnde elenen isim Selen oldu.<\/p>\n","protected":false},"excerpt":{"rendered":"<p>TV8 ekranlar\u0131n\u0131n ilgiyle izlenen moda program\u0131 Doya Doya Moda\u2019da haftan\u0131n finali b\u00f6l\u00fcm\u00fc geldi \u00e7att\u0131. T\u00fcm hafta boyunca en tarz ve en \u015f\u0131k olabilmek i\u00e7in birbirleriyle m\u00fccadele eden yar\u0131\u015fmac\u0131lar j\u00fcri \u00fcyelerinden en y\u00fcksek puanlar\u0131 alabilmek i\u00e7in her \u015feylerini ortaya koydu. \u015eimdi ise g\u00f6zler haftan\u0131n finaline \u00e7evrildi. Haftan\u0131n finalinde en d\u00fc\u015f\u00fck puan\u0131 alan bir yar\u0131\u015fmac\u0131 programa veda &hellip;<\/p>\n","protected":false},"author":6,"featured_media":30273,"comment_status":"closed","ping_status":"closed","sticky":false,"template":"","format":"standard","meta":{"footnotes":""},"categories":[1],"tags":[],"class_list":["post-30272","post","type-post","status-publish","format-standard","has-post-thumbnail","hentry","category-genel"],"amp_enabled":true,"_links":{"self":[{"href":"https:\/\/adanaseshaber.com.tr\/index.php?rest_route=\/wp\/v2\/posts\/30272","targetHints":{"allow":["GET"]}}],"collection":[{"href":"https:\/\/adanaseshaber.com.tr\/index.php?rest_route=\/wp\/v2\/posts"}],"about":[{"href":"https:\/\/adanaseshaber.com.tr\/index.php?rest_route=\/wp\/v2\/types\/post"}],"author":[{"embeddable":true,"href":"https:\/\/adanaseshaber.com.tr\/index.php?rest_route=\/wp\/v2\/users\/6"}],"replies":[{"embeddable":true,"href":"https:\/\/adanaseshaber.com.tr\/index.php?rest_route=%2Fwp%2Fv2%2Fcomments&post=30272"}],"version-history":[{"count":5,"href":"https:\/\/adanaseshaber.com.tr\/index.php?rest_route=\/wp\/v2\/posts\/30272\/revisions"}],"predecessor-version":[{"id":30365,"href":"https:\/\/adanaseshaber.com.tr\/index.php?rest_route=\/wp\/v2\/posts\/30272\/revisions\/30365"}],"wp:featuredmedia":[{"embeddable":true,"href":"https:\/\/adanaseshaber.com.tr\/index.php?rest_route=\/wp\/v2\/media\/30273"}],"wp:attachment":[{"href":"https:\/\/adanaseshaber.com.tr\/index.php?rest_route=%2Fwp%2Fv2%2Fmedia&parent=30272"}],"wp:term":[{"taxonomy":"category","embeddable":true,"href":"https:\/\/adanaseshaber.com.tr\/index.php?rest_route=%2Fwp%2Fv2%2Fcategories&post=30272"},{"taxonomy":"post_tag","embeddable":true,"href":"https:\/\/adanaseshaber.com.tr\/index.php?rest_route=%2Fwp%2Fv2%2Ftags&post=30272"}],"curies":[{"name":"wp","href":"https:\/\/api.w.org\/{rel}","templated":true}]}}