{"id":30290,"date":"2022-07-29T16:47:13","date_gmt":"2022-07-29T13:47:13","guid":{"rendered":"https:\/\/www.adanaseshaber.com\/?p=30290"},"modified":"2022-07-29T16:56:47","modified_gmt":"2022-07-29T13:56:47","slug":"son-dakika-marmaristeki-orman-yangini-otele-sicradi","status":"publish","type":"post","link":"https:\/\/adanaseshaber.com.tr\/?p=30290","title":{"rendered":"Son dakika! Marmaris\u2019teki orman yang\u0131n\u0131 otele s\u0131\u00e7rad\u0131"},"content":{"rendered":"<p>Mu\u011fla\u2019n\u0131n Marmaris il\u00e7esinde ba\u015flayan orman yang\u0131n\u0131 b\u00f6lgede bulunan bir otele s\u0131\u00e7rad\u0131. Ekiplerin h\u0131zla m\u00fcdahale etti\u011fi orman yang\u0131n\u0131n\u0131 kontrol alt\u0131na almak i\u00e7in havadan ve karadan m\u00fcdahaleler s\u00fcr\u00fcyor. Yerle\u015fim yerine \u00e7ok yak\u0131n olan bir b\u00f6lgede ba\u015flayan orman yang\u0131n\u0131n\u0131n otele s\u0131\u00e7ramas\u0131 sonucunda b\u00fcy\u00fck panik ya\u015fand\u0131. B\u00f6lgedeki bir otele s\u0131\u00e7rayan alevler korku ve panik yarat\u0131rken yang\u0131n\u0131 kontrol alt\u0131na almak i\u00e7in havadan ve karadan m\u00fcdahalelerin devam etti\u011fi \u00f6\u011frenildi.<\/p>\n<p><b>7 HEL\u0130KOPTER VE 5 U\u00c7AKLA M\u00dcDAHALE ED\u0130L\u0130YOR<\/b><\/p>\n<p>Mu\u011fla&#8217;n\u0131n Marmaris il\u00e7esinde saat 16.00 sular\u0131nda il\u00e7e merkezindeki otogar\u0131n \u00fcst k\u0131sm\u0131nda yer alan k\u0131z\u0131l\u00e7am a\u011fa\u00e7lar\u0131yla kapl\u0131 ormanda yang\u0131n \u00e7\u0131kt\u0131. B\u00f6lgeden h\u0131zla y\u00fckselen duman\u0131 g\u00f6renler 112 Acil \u00c7a\u011fr\u0131 Merkezi&#8217;ne ihbarda bulundu. Vatanda\u015flar\u0131n ihbar\u0131 \u00fczerine b\u00f6lgeye sevk edilen Mu\u011fla Orman B\u00f6lge M\u00fcd\u00fcrl\u00fc\u011f\u00fc ekipleri alevlere m\u00fcdahale etmeye ba\u015flad\u0131. Yang\u0131na 7 helikopter ve 5 u\u00e7akla m\u00fcdahale edildi\u011fi bilgisine ula\u015f\u0131ld\u0131.<\/p>\n<p><strong>YANGIN OTELE SI\u00c7RADI<\/strong><\/p>\n<p>Yang\u0131n\u0131n yerle\u015fim yerlerini b\u00fcy\u00fck oranda tehdit etti\u011fi \u00f6\u011frenilirken alevlerin b\u00f6lgedeki bir otele s\u0131\u00e7rad\u0131\u011f\u0131 bilgisi payla\u015f\u0131ld\u0131. Yang\u0131n sebebiyle h\u0131zla etraf\u0131 saran alevler b\u00fcy\u00fck korku ve panik yaratt\u0131.<\/p>\n<p><img loading=\"lazy\" decoding=\"async\" class=\"aligncenter wp-image-30302 size-full\" src=\"https:\/\/adanaseshaber.com.tr\/wp-content\/uploads\/2022\/07\/son-dakika-marmaristeki-orman-yangini-otele-sicradi-1.jpg\" alt=\"\" width=\"1280\" height=\"720\" srcset=\"https:\/\/adanaseshaber.com.tr\/wp-content\/uploads\/2022\/07\/son-dakika-marmaristeki-orman-yangini-otele-sicradi-1.jpg 1280w, https:\/\/adanaseshaber.com.tr\/wp-content\/uploads\/2022\/07\/son-dakika-marmaristeki-orman-yangini-otele-sicradi-1-300x169.jpg 300w, https:\/\/adanaseshaber.com.tr\/wp-content\/uploads\/2022\/07\/son-dakika-marmaristeki-orman-yangini-otele-sicradi-1-1024x576.jpg 1024w, https:\/\/adanaseshaber.com.tr\/wp-content\/uploads\/2022\/07\/son-dakika-marmaristeki-orman-yangini-otele-sicradi-1-768x432.jpg 768w, https:\/\/adanaseshaber.com.tr\/wp-content\/uploads\/2022\/07\/son-dakika-marmaristeki-orman-yangini-otele-sicradi-1-390x220.jpg 390w\" sizes=\"auto, (max-width: 1280px) 100vw, 1280px\" \/><\/p>\n<p><strong>MARMAR\u0130S BELED\u0130YE BA\u015eKANI&#8217;NDAN A\u00c7IKLAMA<\/strong><\/p>\n<p>Yang\u0131nla ilgili a\u00e7\u0131klama yapan Marmaris Belediye Ba\u015fkan\u0131 Mehmet Oktay, yang\u0131na karadan ve havadan m\u00fcdahalenin devam etti\u011fini aktard\u0131. Yang\u0131n\u0131n son olarak Turizm Meslek Y\u00fcksekokulu ve Uygulama Oteli&#8217;ne s\u0131\u00e7rad\u0131\u011f\u0131n\u0131 s\u00f6yleyen Oktay, &#8216;Bir villaya da s\u0131\u00e7ram\u0131\u015f durumda. Ama ekipler m\u00fcdahalelerini sa\u011fl\u0131yor. Bununla birlikte 7 villada tahliyeler ger\u00e7ekle\u015fti. Helikopterler ve itfaiye ara\u00e7lar\u0131 \u00e7al\u0131\u015fmalar\u0131na devam ediyorlar. K\u0131sa s\u00fcrede s\u00f6ner diye tahmin ediyorum. Ge\u00e7ti\u011fimiz y\u0131l yanan b\u00f6lgede, ge\u00e7ti\u011fimiz y\u0131l kurtard\u0131\u011f\u0131m\u0131z bir aland\u0131. \u0130n\u015fallah en k\u0131sa s\u00fcrede sonland\u0131raca\u011f\u0131z.&#8217; dedi.<\/p>\n","protected":false},"excerpt":{"rendered":"<p>Mu\u011fla\u2019n\u0131n Marmaris il\u00e7esinde ba\u015flayan orman yang\u0131n\u0131 b\u00f6lgede bulunan bir otele s\u0131\u00e7rad\u0131. Ekiplerin h\u0131zla m\u00fcdahale etti\u011fi orman yang\u0131n\u0131n\u0131 kontrol alt\u0131na almak i\u00e7in havadan ve karadan m\u00fcdahaleler s\u00fcr\u00fcyor. Yerle\u015fim yerine \u00e7ok yak\u0131n olan bir b\u00f6lgede ba\u015flayan orman yang\u0131n\u0131n\u0131n otele s\u0131\u00e7ramas\u0131 sonucunda b\u00fcy\u00fck panik ya\u015fand\u0131. B\u00f6lgedeki bir otele s\u0131\u00e7rayan alevler korku ve panik yarat\u0131rken yang\u0131n\u0131 kontrol alt\u0131na almak &hellip;<\/p>\n","protected":false},"author":6,"featured_media":30291,"comment_status":"closed","ping_status":"closed","sticky":false,"template":"","format":"standard","meta":{"footnotes":""},"categories":[1],"tags":[],"class_list":["post-30290","post","type-post","status-publish","format-standard","has-post-thumbnail","hentry","category-genel"],"amp_enabled":true,"_links":{"self":[{"href":"https:\/\/adanaseshaber.com.tr\/index.php?rest_route=\/wp\/v2\/posts\/30290","targetHints":{"allow":["GET"]}}],"collection":[{"href":"https:\/\/adanaseshaber.com.tr\/index.php?rest_route=\/wp\/v2\/posts"}],"about":[{"href":"https:\/\/adanaseshaber.com.tr\/index.php?rest_route=\/wp\/v2\/types\/post"}],"author":[{"embeddable":true,"href":"https:\/\/adanaseshaber.com.tr\/index.php?rest_route=\/wp\/v2\/users\/6"}],"replies":[{"embeddable":true,"href":"https:\/\/adanaseshaber.com.tr\/index.php?rest_route=%2Fwp%2Fv2%2Fcomments&post=30290"}],"version-history":[{"count":6,"href":"https:\/\/adanaseshaber.com.tr\/index.php?rest_route=\/wp\/v2\/posts\/30290\/revisions"}],"predecessor-version":[{"id":30303,"href":"https:\/\/adanaseshaber.com.tr\/index.php?rest_route=\/wp\/v2\/posts\/30290\/revisions\/30303"}],"wp:featuredmedia":[{"embeddable":true,"href":"https:\/\/adanaseshaber.com.tr\/index.php?rest_route=\/wp\/v2\/media\/30291"}],"wp:attachment":[{"href":"https:\/\/adanaseshaber.com.tr\/index.php?rest_route=%2Fwp%2Fv2%2Fmedia&parent=30290"}],"wp:term":[{"taxonomy":"category","embeddable":true,"href":"https:\/\/adanaseshaber.com.tr\/index.php?rest_route=%2Fwp%2Fv2%2Fcategories&post=30290"},{"taxonomy":"post_tag","embeddable":true,"href":"https:\/\/adanaseshaber.com.tr\/index.php?rest_route=%2Fwp%2Fv2%2Ftags&post=30290"}],"curies":[{"name":"wp","href":"https:\/\/api.w.org\/{rel}","templated":true}]}}