{"id":30316,"date":"2022-07-29T17:59:11","date_gmt":"2022-07-29T14:59:11","guid":{"rendered":"https:\/\/www.adanaseshaber.com\/?p=30316"},"modified":"2022-07-29T18:11:59","modified_gmt":"2022-07-29T15:11:59","slug":"marmaris-orman-yangini-kontrol-altina-alindi","status":"publish","type":"post","link":"https:\/\/adanaseshaber.com.tr\/?p=30316","title":{"rendered":"Marmaris orman yang\u0131n\u0131 kontrol alt\u0131na al\u0131nd\u0131"},"content":{"rendered":"<p>Mu\u011fla\u2019n\u0131n Marmaris il\u00e7esinde ba\u015flayan orman yang\u0131n\u0131 bir otele s\u0131\u00e7ram\u0131\u015f ve h\u0131zla yay\u0131lan alevler b\u00fcy\u00fck korku ve panik yaratm\u0131\u015ft\u0131. Ekiplerin yang\u0131n\u0131 kontrol alt\u0131na almak i\u00e7in hem havadan hem de karadan ba\u015flatt\u0131\u011f\u0131 m\u00fcdahale ile yang\u0131n kontrol alt\u0131na al\u0131nd\u0131. Yang\u0131na 5 u\u00e7ak, 8 helikopter ve 40 araz\u00f6zle m\u00fcdahale edildi. Saat 16.00 sular\u0131nda ba\u015flayan yang\u0131na \u00e7evredekilerin ihbar\u0131 \u00fczerine m\u00fcdahaleler ba\u015flam\u0131\u015ft\u0131. Marmaris il\u00e7esinde yerle\u015fim yeri yak\u0131n\u0131nda ba\u015flayan yang\u0131n bir otele s\u0131\u00e7ram\u0131\u015ft\u0131. Yang\u0131na m\u00fcdahale h\u0131zla ba\u015flarken yang\u0131n\u0131n yerle\u015fim yerlerini tehdit etti\u011fi bilgisine yer verilmi\u015fti. Yang\u0131n\u0131n s\u0131\u00e7rad\u0131\u011f\u0131 otel tahliye edilirken yang\u0131na 5 u\u00e7akla m\u00fcdahale edildi\u011fi a\u00e7\u0131kland\u0131. AFAD\u2019dan yap\u0131lan a\u00e7\u0131klamada ise otelden tahliyeler aras\u0131nda yaral\u0131 olmad\u0131\u011f\u0131 bildirildi.<\/p>\n<p><b>HAVADAN VE KARADAN M\u00dcDAHALE <\/b><\/p>\n<p>Marmaris&#8217;te il\u00e7e merkezindeki otogar\u0131n \u00fcst k\u0131sm\u0131ndaki k\u0131z\u0131l\u00e7am a\u011fa\u00e7lar\u0131yla kapl\u0131 ormanda saat 16.00 sular\u0131nda yang\u0131n \u00e7\u0131kt\u0131. B\u00f6lgeden h\u0131zla y\u00fckselen duman\u0131 g\u00f6ren vatanda\u015flar 112 Acil \u00c7a\u011fr\u0131 Merkezi&#8217;ne ihbarda bulundu. \u0130hbar \u00fczerine b\u00f6lgeye sevk edilen ekipler alevlere m\u00fcdahaleye ba\u015flad\u0131. Hem havadan hem de karadan m\u00fcdahale edilen yang\u0131n\u0131n yerle\u015fim yerlerini tehdit etti\u011fi bildirildi. Ormanl\u0131k alanda ba\u015flayan yang\u0131n dakikalar sonra b\u00f6lgedeki bir otele s\u0131\u00e7rad\u0131. H\u0131zla y\u00fckselen alevlerin b\u00fcy\u00fck korku ve panik yaratt\u0131\u011f\u0131 otelde tahliyeler ba\u015flad\u0131.<\/p>\n<p><strong>ORMAN GENEL M\u00dcD\u00dcRL\u00dc\u011e\u00dc&#8217;NDEN A\u00c7IKLAMA<\/strong><\/p>\n<p>Yang\u0131nla ilgili a\u00e7\u0131klama yapan Orman Genel M\u00fcd\u00fcrl\u00fc\u011f\u00fc, yang\u0131na m\u00fcdahale i\u00e7in 5 u\u00e7ak, 8 helikopter ve 8 ara\u00f6z g\u00f6revlendirildi\u011fini aktard\u0131. Orman yang\u0131n\u0131na 10 dakika i\u00e7erisinde ilk m\u00fcdahalenin ger\u00e7ekle\u015ftirildi\u011fini belirten OGM, &#8216;Orman\u0131n Kahramanlar\u0131 Ye\u015fil Vatan\u0131m\u0131z\u0131 korumak i\u00e7in alevlerle m\u00fccadele ediyor.&#8217; ifadelerini kulland\u0131.<\/p>\n<p><img loading=\"lazy\" decoding=\"async\" class=\"aligncenter wp-image-30329 size-full\" src=\"https:\/\/adanaseshaber.com.tr\/wp-content\/uploads\/2022\/07\/marmaris-orman-yangini-kontrol-altina-alindi-1.jpg\" alt=\"\" width=\"1280\" height=\"720\" srcset=\"https:\/\/adanaseshaber.com.tr\/wp-content\/uploads\/2022\/07\/marmaris-orman-yangini-kontrol-altina-alindi-1.jpg 1280w, https:\/\/adanaseshaber.com.tr\/wp-content\/uploads\/2022\/07\/marmaris-orman-yangini-kontrol-altina-alindi-1-300x169.jpg 300w, https:\/\/adanaseshaber.com.tr\/wp-content\/uploads\/2022\/07\/marmaris-orman-yangini-kontrol-altina-alindi-1-1024x576.jpg 1024w, https:\/\/adanaseshaber.com.tr\/wp-content\/uploads\/2022\/07\/marmaris-orman-yangini-kontrol-altina-alindi-1-768x432.jpg 768w, https:\/\/adanaseshaber.com.tr\/wp-content\/uploads\/2022\/07\/marmaris-orman-yangini-kontrol-altina-alindi-1-390x220.jpg 390w\" sizes=\"auto, (max-width: 1280px) 100vw, 1280px\" \/><\/p>\n<p><strong>YANGIN KONTROL ALTINA ALINDI<\/strong><\/p>\n<p>Orman Genel M\u00fcd\u00fcrl\u00fc\u011f\u00fc&#8217;nden gelen bu a\u00e7\u0131klamadan k\u0131sa bir s\u00fcre sonra Marmaris yang\u0131n\u0131n\u0131n kontrol alt\u0131na al\u0131nd\u0131\u011f\u0131 duyuruldu.<\/p>\n<p><img loading=\"lazy\" decoding=\"async\" class=\"aligncenter wp-image-30331 size-full\" src=\"https:\/\/adanaseshaber.com.tr\/wp-content\/uploads\/2022\/07\/marmaris-orman-yangini-kontrol-altina-alindi-2.jpg\" alt=\"\" width=\"1280\" height=\"720\" srcset=\"https:\/\/adanaseshaber.com.tr\/wp-content\/uploads\/2022\/07\/marmaris-orman-yangini-kontrol-altina-alindi-2.jpg 1280w, https:\/\/adanaseshaber.com.tr\/wp-content\/uploads\/2022\/07\/marmaris-orman-yangini-kontrol-altina-alindi-2-300x169.jpg 300w, https:\/\/adanaseshaber.com.tr\/wp-content\/uploads\/2022\/07\/marmaris-orman-yangini-kontrol-altina-alindi-2-1024x576.jpg 1024w, https:\/\/adanaseshaber.com.tr\/wp-content\/uploads\/2022\/07\/marmaris-orman-yangini-kontrol-altina-alindi-2-768x432.jpg 768w, https:\/\/adanaseshaber.com.tr\/wp-content\/uploads\/2022\/07\/marmaris-orman-yangini-kontrol-altina-alindi-2-390x220.jpg 390w\" sizes=\"auto, (max-width: 1280px) 100vw, 1280px\" \/><\/p>\n<p><strong>AFAD&#8217;DAN A\u00c7IKLAMA GELD\u0130<\/strong><\/p>\n<p>Alevlerin s\u0131\u00e7rad\u0131\u011f\u0131 otelle ilgili AFAD&#8217;dan gelen a\u00e7\u0131klamada ise &#8216;Otelden tahliye edilen vatanda\u015flar\u0131m\u0131z aras\u0131nda yaral\u0131 bulunmamaktad\u0131r.&#8217; ifadeleri kullan\u0131ld\u0131. Yang\u0131nla ilgili a\u00e7\u0131klama yapan Marmaris Belediye Ba\u015fkan\u0131 Mehmet Oktay ise villalarda da tahliye i\u015flemlerinin ger\u00e7ekle\u015ftirildi\u011fini s\u00f6yledi ve &#8216;Karadan ve havadan t\u00fcm ekipler m\u00fcdahaleleri ger\u00e7ekle\u015ftiriyor. En son Turizm Meslek Y\u00fckseokulu ve Uygulama Oteli&#8217;ne s\u0131\u00e7rad\u0131. Bir villaya da s\u0131\u00e7ram\u0131\u015f durumda. Ama ekipler m\u00fcdahalelerini sa\u011fl\u0131yor. Bununla birlikte 7 villada da tahliyeler ger\u00e7ekle\u015fti.&#8217; dedi.<\/p>\n<p>&nbsp;<\/p>\n<p>&nbsp;<\/p>\n","protected":false},"excerpt":{"rendered":"<p>Mu\u011fla\u2019n\u0131n Marmaris il\u00e7esinde ba\u015flayan orman yang\u0131n\u0131 bir otele s\u0131\u00e7ram\u0131\u015f ve h\u0131zla yay\u0131lan alevler b\u00fcy\u00fck korku ve panik yaratm\u0131\u015ft\u0131. Ekiplerin yang\u0131n\u0131 kontrol alt\u0131na almak i\u00e7in hem havadan hem de karadan ba\u015flatt\u0131\u011f\u0131 m\u00fcdahale ile yang\u0131n kontrol alt\u0131na al\u0131nd\u0131. Yang\u0131na 5 u\u00e7ak, 8 helikopter ve 40 araz\u00f6zle m\u00fcdahale edildi. Saat 16.00 sular\u0131nda ba\u015flayan yang\u0131na \u00e7evredekilerin ihbar\u0131 \u00fczerine m\u00fcdahaleler &hellip;<\/p>\n","protected":false},"author":6,"featured_media":30319,"comment_status":"closed","ping_status":"closed","sticky":false,"template":"","format":"standard","meta":{"footnotes":""},"categories":[1],"tags":[],"class_list":["post-30316","post","type-post","status-publish","format-standard","has-post-thumbnail","hentry","category-genel"],"amp_enabled":true,"_links":{"self":[{"href":"https:\/\/adanaseshaber.com.tr\/index.php?rest_route=\/wp\/v2\/posts\/30316","targetHints":{"allow":["GET"]}}],"collection":[{"href":"https:\/\/adanaseshaber.com.tr\/index.php?rest_route=\/wp\/v2\/posts"}],"about":[{"href":"https:\/\/adanaseshaber.com.tr\/index.php?rest_route=\/wp\/v2\/types\/post"}],"author":[{"embeddable":true,"href":"https:\/\/adanaseshaber.com.tr\/index.php?rest_route=\/wp\/v2\/users\/6"}],"replies":[{"embeddable":true,"href":"https:\/\/adanaseshaber.com.tr\/index.php?rest_route=%2Fwp%2Fv2%2Fcomments&post=30316"}],"version-history":[{"count":6,"href":"https:\/\/adanaseshaber.com.tr\/index.php?rest_route=\/wp\/v2\/posts\/30316\/revisions"}],"predecessor-version":[{"id":30332,"href":"https:\/\/adanaseshaber.com.tr\/index.php?rest_route=\/wp\/v2\/posts\/30316\/revisions\/30332"}],"wp:featuredmedia":[{"embeddable":true,"href":"https:\/\/adanaseshaber.com.tr\/index.php?rest_route=\/wp\/v2\/media\/30319"}],"wp:attachment":[{"href":"https:\/\/adanaseshaber.com.tr\/index.php?rest_route=%2Fwp%2Fv2%2Fmedia&parent=30316"}],"wp:term":[{"taxonomy":"category","embeddable":true,"href":"https:\/\/adanaseshaber.com.tr\/index.php?rest_route=%2Fwp%2Fv2%2Fcategories&post=30316"},{"taxonomy":"post_tag","embeddable":true,"href":"https:\/\/adanaseshaber.com.tr\/index.php?rest_route=%2Fwp%2Fv2%2Ftags&post=30316"}],"curies":[{"name":"wp","href":"https:\/\/api.w.org\/{rel}","templated":true}]}}