{"id":30340,"date":"2022-07-29T18:29:56","date_gmt":"2022-07-29T15:29:56","guid":{"rendered":"https:\/\/www.adanaseshaber.com\/?p=30340"},"modified":"2022-07-29T18:30:19","modified_gmt":"2022-07-29T15:30:19","slug":"saglik-bakanligi-27-bin-saglik-personeli-alimi-kadro-ve-brans-dagilimi","status":"publish","type":"post","link":"https:\/\/adanaseshaber.com.tr\/?p=30340","title":{"rendered":"Sa\u011fl\u0131k Bakanl\u0131\u011f\u0131 27 bin sa\u011fl\u0131k personeli al\u0131m\u0131 kadro ve bran\u015f da\u011f\u0131l\u0131m\u0131"},"content":{"rendered":"<p>Sa\u011fl\u0131k Bakanl\u0131\u011f\u0131 27 bin s\u00f6zle\u015fmeli personel al\u0131m\u0131 yapacak. 2022 y\u0131l\u0131n\u0131n sonuna kadar yap\u0131lacak olan al\u0131mlarla ilgili ara\u015ft\u0131rmalar ba\u015flad\u0131. Hangi b\u00f6l\u00fcme ka\u00e7 ki\u015fi al\u0131naca\u011f\u0131, ba\u015fvurular\u0131n ne zaman ba\u015flayaca\u011f\u0131, kadro ve bran\u015f da\u011f\u0131l\u0131m\u0131 ile ilgili ara\u015ft\u0131rmalar yo\u011funla\u015ft\u0131. Sa\u011fl\u0131k Bakan\u0131 Fahrettin Koca\u2019dan da konuyla ilgili payla\u015f\u0131m geldi. Resmi Gazete\u2019de yay\u0131mlanan kararda y\u0131l sonuna kadar istihdam edilecek personel say\u0131s\u0131yla ilgili detaylar yer ald\u0131. Resmi Gazete\u2019de yay\u0131mlanan Cumhurba\u015fkanl\u0131\u011f\u0131 karar\u0131 ile y\u0131l sonuna kadar s\u00f6zle\u015fmeli sa\u011fl\u0131k personeli olarak istihdam edilecek personel say\u0131s\u0131 27 bin olarak belirlendi. Bakan Koca\u2019dan da yay\u0131mlanan kararla ilgili sosyal medya \u00fczerinden bir a\u00e7\u0131klama geldi. \u0130\u015fte detaylar\u2026<\/p>\n<p><strong>S\u00d6ZLE\u015eMEL\u0130 PERSONEL ALIMI KADROSU VE BRAN\u015e DA\u011eILIMI<\/strong><\/p>\n<p>29 Temmuz 2022 tarihli Resmi Gazete\u2019de yay\u0131mlanan karar kapsam\u0131nda eleman temininde g\u00fc\u00e7l\u00fck \u00e7ekilen yerlerde ve hizmet dallar\u0131nda sa\u011fl\u0131k hizmetlerinin etkili ve verimli bir \u015fekilde y\u00fcr\u00fct\u00fclebilmesi amac\u0131yla 2022 y\u0131l\u0131n\u0131n sonuna kadar uygulanmak \u00fczere istihdam edilecek s\u00f6zle\u015fmeli sa\u011fl\u0131k personeli say\u0131s\u0131 27 bin olarak belirlendi. Karar kapsam\u0131nda y\u0131l sonuna kadar 7 bin 114 doktor, 19 bin 694 uzman doktor, 38 sa\u011fl\u0131k memuru, 147 ebe, 1 diyetisyen, 3 hem\u015fire, 1 psikolog, 1 di\u015f doktoru ve 1 sa\u011fl\u0131k teknikeri s\u00f6zle\u015fmeli olarak istihdam edilecek.<\/p>\n<p><img loading=\"lazy\" decoding=\"async\" class=\"aligncenter wp-image-30346 size-full\" src=\"https:\/\/adanaseshaber.com.tr\/wp-content\/uploads\/2022\/07\/saglik-bakanligi-27-bin-saglik-personeli-alimi-kadro-ve-brans-dagilimi-1.jpg\" alt=\"\" width=\"1280\" height=\"720\" srcset=\"https:\/\/adanaseshaber.com.tr\/wp-content\/uploads\/2022\/07\/saglik-bakanligi-27-bin-saglik-personeli-alimi-kadro-ve-brans-dagilimi-1.jpg 1280w, https:\/\/adanaseshaber.com.tr\/wp-content\/uploads\/2022\/07\/saglik-bakanligi-27-bin-saglik-personeli-alimi-kadro-ve-brans-dagilimi-1-300x169.jpg 300w, https:\/\/adanaseshaber.com.tr\/wp-content\/uploads\/2022\/07\/saglik-bakanligi-27-bin-saglik-personeli-alimi-kadro-ve-brans-dagilimi-1-1024x576.jpg 1024w, https:\/\/adanaseshaber.com.tr\/wp-content\/uploads\/2022\/07\/saglik-bakanligi-27-bin-saglik-personeli-alimi-kadro-ve-brans-dagilimi-1-768x432.jpg 768w, https:\/\/adanaseshaber.com.tr\/wp-content\/uploads\/2022\/07\/saglik-bakanligi-27-bin-saglik-personeli-alimi-kadro-ve-brans-dagilimi-1-390x220.jpg 390w\" sizes=\"auto, (max-width: 1280px) 100vw, 1280px\" \/><\/p>\n<p><strong>BAKAN KOCA\u2019DAN A\u00c7IKLAMA<\/strong><\/p>\n<p>Konuyla ilgili sosyal medya hesab\u0131 \u00fczerinden a\u00e7\u0131klama yapan Sa\u011fl\u0131k Bakan\u0131 Fahrettin Koca, \u2018Resmi Gazete\u2019de yay\u0131mlanan Cumhurba\u015fkan\u0131 karar\u0131yla s\u00f6zle\u015fmeli sa\u011fl\u0131k personeli say\u0131s\u0131 27.000 oldu. Daha uygun ko\u015fullarda istihdam f\u0131rsat\u0131 do\u011fuyor. Artan s\u00f6zle\u015fmeli kadrolar\u0131m\u0131zda, \u00f6ncelik, yan dal uzmanlar\u0131yla hizmet y\u00fck\u00fcml\u00fcl\u00fc\u011f\u00fcn\u00fc tamamlam\u0131\u015f hekimlere verilecek. Hay\u0131rl\u0131 olsun.\u2019 \u0130fadelerini kulland\u0131.<\/p>\n","protected":false},"excerpt":{"rendered":"<p>Sa\u011fl\u0131k Bakanl\u0131\u011f\u0131 27 bin s\u00f6zle\u015fmeli personel al\u0131m\u0131 yapacak. 2022 y\u0131l\u0131n\u0131n sonuna kadar yap\u0131lacak olan al\u0131mlarla ilgili ara\u015ft\u0131rmalar ba\u015flad\u0131. Hangi b\u00f6l\u00fcme ka\u00e7 ki\u015fi al\u0131naca\u011f\u0131, ba\u015fvurular\u0131n ne zaman ba\u015flayaca\u011f\u0131, kadro ve bran\u015f da\u011f\u0131l\u0131m\u0131 ile ilgili ara\u015ft\u0131rmalar yo\u011funla\u015ft\u0131. Sa\u011fl\u0131k Bakan\u0131 Fahrettin Koca\u2019dan da konuyla ilgili payla\u015f\u0131m geldi. Resmi Gazete\u2019de yay\u0131mlanan kararda y\u0131l sonuna kadar istihdam edilecek personel say\u0131s\u0131yla &hellip;<\/p>\n","protected":false},"author":6,"featured_media":30342,"comment_status":"closed","ping_status":"closed","sticky":false,"template":"","format":"standard","meta":{"footnotes":""},"categories":[9],"tags":[],"class_list":["post-30340","post","type-post","status-publish","format-standard","has-post-thumbnail","hentry","category-saglik"],"amp_enabled":true,"_links":{"self":[{"href":"https:\/\/adanaseshaber.com.tr\/index.php?rest_route=\/wp\/v2\/posts\/30340","targetHints":{"allow":["GET"]}}],"collection":[{"href":"https:\/\/adanaseshaber.com.tr\/index.php?rest_route=\/wp\/v2\/posts"}],"about":[{"href":"https:\/\/adanaseshaber.com.tr\/index.php?rest_route=\/wp\/v2\/types\/post"}],"author":[{"embeddable":true,"href":"https:\/\/adanaseshaber.com.tr\/index.php?rest_route=\/wp\/v2\/users\/6"}],"replies":[{"embeddable":true,"href":"https:\/\/adanaseshaber.com.tr\/index.php?rest_route=%2Fwp%2Fv2%2Fcomments&post=30340"}],"version-history":[{"count":3,"href":"https:\/\/adanaseshaber.com.tr\/index.php?rest_route=\/wp\/v2\/posts\/30340\/revisions"}],"predecessor-version":[{"id":30348,"href":"https:\/\/adanaseshaber.com.tr\/index.php?rest_route=\/wp\/v2\/posts\/30340\/revisions\/30348"}],"wp:featuredmedia":[{"embeddable":true,"href":"https:\/\/adanaseshaber.com.tr\/index.php?rest_route=\/wp\/v2\/media\/30342"}],"wp:attachment":[{"href":"https:\/\/adanaseshaber.com.tr\/index.php?rest_route=%2Fwp%2Fv2%2Fmedia&parent=30340"}],"wp:term":[{"taxonomy":"category","embeddable":true,"href":"https:\/\/adanaseshaber.com.tr\/index.php?rest_route=%2Fwp%2Fv2%2Fcategories&post=30340"},{"taxonomy":"post_tag","embeddable":true,"href":"https:\/\/adanaseshaber.com.tr\/index.php?rest_route=%2Fwp%2Fv2%2Ftags&post=30340"}],"curies":[{"name":"wp","href":"https:\/\/api.w.org\/{rel}","templated":true}]}}