{"id":30349,"date":"2022-07-29T18:55:53","date_gmt":"2022-07-29T15:55:53","guid":{"rendered":"https:\/\/www.adanaseshaber.com\/?p=30349"},"modified":"2022-07-29T21:28:30","modified_gmt":"2022-07-29T18:28:30","slug":"doya-doya-moda-gulsah-saracoglu-selen-kavgasi-studyoyu-terk-etti","status":"publish","type":"post","link":"https:\/\/adanaseshaber.com.tr\/?p=30349","title":{"rendered":"Doya Doya Moda G\u00fcl\u015fah Sara\u00e7o\u011flu-Selen kavgas\u0131! St\u00fcdyoyu terk etti"},"content":{"rendered":"<p>TV8 ekranlar\u0131n\u0131n fenomen yar\u0131\u015fma program\u0131 Doya Doya Moda\u2019n\u0131n bug\u00fcnk\u00fc yeni b\u00f6l\u00fcm\u00fcnde g\u00fcndeme bomba gibi d\u00fc\u015fen bir olay ya\u015fand\u0131. Yar\u0131\u015fman\u0131n j\u00fcri \u00fcyelerinden G\u00fcl\u015fah Sara\u00e7o\u011flu\u2019nun yar\u0131\u015fmac\u0131 Selen\u2019e kar\u015f\u0131 tavr\u0131 ve kulland\u0131\u011f\u0131 ifadeler sosyal medyan\u0131n g\u00fcndemine oturdu. J\u00fcri \u00fcyesi Sara\u00e7o\u011flu ve Selen aras\u0131ndaki gerilim sonras\u0131nda Sara\u00e7o\u011flu\u2019nun st\u00fcdyoyu terk etti\u011fi g\u00f6r\u00fcld\u00fc. G\u00fcl\u015fah Sara\u00e7o\u011flu\u2019nun yar\u0131\u015fmac\u0131 Selen\u2019e kar\u015f\u0131 tak\u0131nd\u0131\u011f\u0131 tav\u0131r ve mesle\u011fi ile ilgili s\u00f6yledi\u011fi s\u00f6zler sosyal medya kullan\u0131c\u0131lar\u0131 taraf\u0131ndan tepki ald\u0131. Selen\u2019in kendisine kar\u015f\u0131l\u0131k vermesi \u00fczerine st\u00fcdyoda tansiyon y\u00fckselirken G\u00fcl\u015fah Sara\u00e7o\u011flu\u2019nun st\u00fcdyoyu terk etti\u011fi g\u00f6r\u00fcld\u00fc. Programdaki gergin anlar \u00e7ok konu\u015fuldu. G\u00fcndeme bomba gibi d\u00fc\u015fen olayla ilgili payla\u015f\u0131mlar devam ediyor.<\/p>\n<p><strong>\u2018KAYBEDECE\u011e\u0130N \u00c7OK DAVALAR OLUR\u2019<\/strong><\/p>\n<p>Doya Doya Moda\u2019n\u0131n 29 Temmuz 2022 Cuma g\u00fcn\u00fcne ait yeni b\u00f6l\u00fcm\u00fcnde j\u00fcri \u00fcyesi G\u00fcl\u015fah Sara\u00e7o\u011flu ve yar\u0131\u015fmac\u0131 Selen aras\u0131ndaki kavga g\u00fcndeme bomba gibi d\u00fc\u015ft\u00fc. Hukuk \u00f6\u011frencisi olan Selen\u2019e \u2018Kazanmaktan \u00e7ok kaybedece\u011fin davalar olur\u2019 diyen Sara\u00e7o\u011flu\u2019na yar\u0131\u015fmac\u0131 Selen\u2019den yan\u0131t gecikmedi. Selen, \u2018B\u00fcy\u00fck konu\u015fmamak gerekir\u2019 yan\u0131t\u0131yla Sara\u00e7o\u011flu\u2019nu \u00f6fkelendirdi. Selen\u2019in tav\u0131rlar\u0131ndan rahats\u0131z olan G\u00fcl\u015fah Sara\u00e7o\u011flu, \u2018Hi\u00e7bir \u015fey bilmesen bile haddini bil!\u2019 diyerek tepkisini dile getirdi.<\/p>\n<p><img loading=\"lazy\" decoding=\"async\" class=\"aligncenter wp-image-30357 size-full\" src=\"https:\/\/adanaseshaber.com.tr\/wp-content\/uploads\/2022\/07\/doya-doya-moda-gulsah-saracoglu-selen-kavgasi-studyoyu-terk-etti-1.jpg\" alt=\"\" width=\"1280\" height=\"720\" srcset=\"https:\/\/adanaseshaber.com.tr\/wp-content\/uploads\/2022\/07\/doya-doya-moda-gulsah-saracoglu-selen-kavgasi-studyoyu-terk-etti-1.jpg 1280w, https:\/\/adanaseshaber.com.tr\/wp-content\/uploads\/2022\/07\/doya-doya-moda-gulsah-saracoglu-selen-kavgasi-studyoyu-terk-etti-1-300x169.jpg 300w, https:\/\/adanaseshaber.com.tr\/wp-content\/uploads\/2022\/07\/doya-doya-moda-gulsah-saracoglu-selen-kavgasi-studyoyu-terk-etti-1-1024x576.jpg 1024w, https:\/\/adanaseshaber.com.tr\/wp-content\/uploads\/2022\/07\/doya-doya-moda-gulsah-saracoglu-selen-kavgasi-studyoyu-terk-etti-1-768x432.jpg 768w, https:\/\/adanaseshaber.com.tr\/wp-content\/uploads\/2022\/07\/doya-doya-moda-gulsah-saracoglu-selen-kavgasi-studyoyu-terk-etti-1-390x220.jpg 390w\" sizes=\"auto, (max-width: 1280px) 100vw, 1280px\" \/><\/p>\n<p><strong>ST\u00dcDYOYU TERK ETT\u0130<\/strong><\/p>\n<p>Selen\u2019le tart\u0131\u015fma ya\u015fayan ve kendisine yan\u0131t verilmesi \u00fczerine \u00f6fkelenen j\u00fcri \u00fcyesi G\u00fcl\u015fah Sara\u00e7o\u011flu, \u2018Hi\u00e7bir \u015fey bilmesen bile haddini bil!\u2019 dedi\u011fi Selen\u2019in kendisine \u2018Biliyorum ve size sayg\u0131s\u0131zl\u0131k yapmadan konu\u015fuyorum ben\u2019 yan\u0131t\u0131n\u0131 vermesi \u00fczerine \u2018Ben puan\u0131m\u0131 not ald\u0131m. Selen\u2019den sonra beni \u00e7a\u011f\u0131r\u0131rs\u0131n\u0131z. \u00c7\u00fcnk\u00fc tahamm\u00fcl\u00fcm yok bu k\u0131za\u2019 diyerek st\u00fcdyoyu terk etti.<\/p>\n<p><img loading=\"lazy\" decoding=\"async\" class=\"aligncenter wp-image-30359 size-full\" src=\"https:\/\/adanaseshaber.com.tr\/wp-content\/uploads\/2022\/07\/doya-doya-moda-gulsah-saracoglu-selen-kavgasi-studyoyu-terk-etti-2.jpg\" alt=\"\" width=\"1280\" height=\"720\" srcset=\"https:\/\/adanaseshaber.com.tr\/wp-content\/uploads\/2022\/07\/doya-doya-moda-gulsah-saracoglu-selen-kavgasi-studyoyu-terk-etti-2.jpg 1280w, https:\/\/adanaseshaber.com.tr\/wp-content\/uploads\/2022\/07\/doya-doya-moda-gulsah-saracoglu-selen-kavgasi-studyoyu-terk-etti-2-300x169.jpg 300w, https:\/\/adanaseshaber.com.tr\/wp-content\/uploads\/2022\/07\/doya-doya-moda-gulsah-saracoglu-selen-kavgasi-studyoyu-terk-etti-2-1024x576.jpg 1024w, https:\/\/adanaseshaber.com.tr\/wp-content\/uploads\/2022\/07\/doya-doya-moda-gulsah-saracoglu-selen-kavgasi-studyoyu-terk-etti-2-768x432.jpg 768w, https:\/\/adanaseshaber.com.tr\/wp-content\/uploads\/2022\/07\/doya-doya-moda-gulsah-saracoglu-selen-kavgasi-studyoyu-terk-etti-2-390x220.jpg 390w\" sizes=\"auto, (max-width: 1280px) 100vw, 1280px\" \/><\/p>\n<p><strong>TEPK\u0130 YA\u011eDI<\/strong><\/p>\n<p>Doya Doya Moda\u2019n\u0131n bug\u00fcnk\u00fc yeni b\u00f6l\u00fcm\u00fcnde j\u00fcri \u00fcyesi G\u00fcl\u015fah Sara\u00e7o\u011flu\u2019nun hukuk \u00f6\u011frencisi olan yar\u0131\u015fmac\u0131 Selen\u2019in mesle\u011fine dair k\u00f6t\u00fc yorumda bulunmas\u0131 ve sert bir \u015fekilde ele\u015ftirerek kulland\u0131\u011f\u0131 ifadelere sosyal medya \u00fczerinden tepki ya\u011fd\u0131. Ya\u015fanan tart\u0131\u015fmada yar\u0131\u015fmac\u0131 Selen&#8217;i hakl\u0131 bulan sosyal medya kullan\u0131c\u0131lar\u0131 yapt\u0131klar\u0131 yorumlarla G\u00fcl\u015fah Sara\u00e7o\u011flu&#8217;na tavru ve kulland\u0131\u011f\u0131 rencide edici ifadelerden dolay\u0131 tepki g\u00f6sterdi.<\/p>\n","protected":false},"excerpt":{"rendered":"<p>TV8 ekranlar\u0131n\u0131n fenomen yar\u0131\u015fma program\u0131 Doya Doya Moda\u2019n\u0131n bug\u00fcnk\u00fc yeni b\u00f6l\u00fcm\u00fcnde g\u00fcndeme bomba gibi d\u00fc\u015fen bir olay ya\u015fand\u0131. Yar\u0131\u015fman\u0131n j\u00fcri \u00fcyelerinden G\u00fcl\u015fah Sara\u00e7o\u011flu\u2019nun yar\u0131\u015fmac\u0131 Selen\u2019e kar\u015f\u0131 tavr\u0131 ve kulland\u0131\u011f\u0131 ifadeler sosyal medyan\u0131n g\u00fcndemine oturdu. J\u00fcri \u00fcyesi Sara\u00e7o\u011flu ve Selen aras\u0131ndaki gerilim sonras\u0131nda Sara\u00e7o\u011flu\u2019nun st\u00fcdyoyu terk etti\u011fi g\u00f6r\u00fcld\u00fc. G\u00fcl\u015fah Sara\u00e7o\u011flu\u2019nun yar\u0131\u015fmac\u0131 Selen\u2019e kar\u015f\u0131 tak\u0131nd\u0131\u011f\u0131 tav\u0131r ve &hellip;<\/p>\n","protected":false},"author":6,"featured_media":30350,"comment_status":"closed","ping_status":"closed","sticky":false,"template":"","format":"standard","meta":{"footnotes":""},"categories":[15431],"tags":[],"class_list":["post-30349","post","type-post","status-publish","format-standard","has-post-thumbnail","hentry","category-medya"],"amp_enabled":true,"_links":{"self":[{"href":"https:\/\/adanaseshaber.com.tr\/index.php?rest_route=\/wp\/v2\/posts\/30349","targetHints":{"allow":["GET"]}}],"collection":[{"href":"https:\/\/adanaseshaber.com.tr\/index.php?rest_route=\/wp\/v2\/posts"}],"about":[{"href":"https:\/\/adanaseshaber.com.tr\/index.php?rest_route=\/wp\/v2\/types\/post"}],"author":[{"embeddable":true,"href":"https:\/\/adanaseshaber.com.tr\/index.php?rest_route=\/wp\/v2\/users\/6"}],"replies":[{"embeddable":true,"href":"https:\/\/adanaseshaber.com.tr\/index.php?rest_route=%2Fwp%2Fv2%2Fcomments&post=30349"}],"version-history":[{"count":3,"href":"https:\/\/adanaseshaber.com.tr\/index.php?rest_route=\/wp\/v2\/posts\/30349\/revisions"}],"predecessor-version":[{"id":30360,"href":"https:\/\/adanaseshaber.com.tr\/index.php?rest_route=\/wp\/v2\/posts\/30349\/revisions\/30360"}],"wp:featuredmedia":[{"embeddable":true,"href":"https:\/\/adanaseshaber.com.tr\/index.php?rest_route=\/wp\/v2\/media\/30350"}],"wp:attachment":[{"href":"https:\/\/adanaseshaber.com.tr\/index.php?rest_route=%2Fwp%2Fv2%2Fmedia&parent=30349"}],"wp:term":[{"taxonomy":"category","embeddable":true,"href":"https:\/\/adanaseshaber.com.tr\/index.php?rest_route=%2Fwp%2Fv2%2Fcategories&post=30349"},{"taxonomy":"post_tag","embeddable":true,"href":"https:\/\/adanaseshaber.com.tr\/index.php?rest_route=%2Fwp%2Fv2%2Ftags&post=30349"}],"curies":[{"name":"wp","href":"https:\/\/api.w.org\/{rel}","templated":true}]}}