{"id":30352,"date":"2022-07-29T21:24:59","date_gmt":"2022-07-29T18:24:59","guid":{"rendered":"https:\/\/www.adanaseshaber.com\/?p=30352"},"modified":"2022-07-29T21:25:24","modified_gmt":"2022-07-29T18:25:24","slug":"doya-doya-moda-selen-kimdir-kac-yasinda-doya-doya-moda-selen-ozcan-instagram-hesabi","status":"publish","type":"post","link":"https:\/\/adanaseshaber.com.tr\/?p=30352","title":{"rendered":"Doya Doya Moda Selen kimdir, ka\u00e7 ya\u015f\u0131nda? Doya Doya Moda Selen \u00d6zcan Instagram hesab\u0131"},"content":{"rendered":"<p>Ekranlar\u0131n en \u00e7ok izlenen yar\u0131\u015fma programlar\u0131ndan biri olan Doya Doya Moda\u2019n\u0131n yeni sezonu da ilgiyle takip ediliyor. Yepyeni yar\u0131\u015fmac\u0131larla yeni sezonda da ekranda f\u0131rt\u0131na gibi esen programda zaman zaman gergin anlar da ya\u015fan\u0131yor. En tarz olmak i\u00e7in m\u00fccadele eden ve en \u015f\u0131k benim diyen yar\u0131\u015fmac\u0131lar\u0131n kat\u0131ld\u0131\u011f\u0131 program\u0131n yeni sezon yar\u0131\u015fmac\u0131lar\u0131 da bir hayli dikkat \u00e7ekiyor. Doya Doya Moda\u2019n\u0131n yeni sezonunda en dikkat \u00e7eken isimlerden biri de Selen \u00d6zcan oluyor. \u00c7\u0131k\u0131\u015flar\u0131 ve verdi\u011fi tepkilerle g\u00fcndemden d\u00fc\u015fmeyen Selen \u00d6zcan, son olarak j\u00fcri \u00fcyesi G\u00fcl\u015fah Sara\u00e7o\u011flu ile ya\u015fad\u0131\u011f\u0131 tart\u0131\u015fmayla g\u00fcndeme geldi. Peki, Doya Doya Moda Selen kimdir, ka\u00e7 ya\u015f\u0131nda? Doya Doya Moda Selen \u00d6zcan nereli? Doya Doya Moda Selen \u00d6zcan Instagram hesab\u0131 nedir? \u0130\u015fte t\u00fcm merak edilenler\u2026<\/p>\n<p><strong>SELEN \u00d6ZCAN K\u0130MD\u0130R?<\/strong><\/p>\n<p>Doya Doya Moda\u2019n\u0131n yeni sezon yar\u0131\u015fmac\u0131lar\u0131 aras\u0131nda yer alan Selen \u00d6zcan, 24 ya\u015f\u0131nda aslen Kayserili ve \u0130stanbul\u2019da ya\u015f\u0131yor. Ko\u00e7 burcu olan Selen \u00d6zcan, Hukuk Fak\u00fcltesi son s\u0131n\u0131f \u00f6\u011frencidir. Ge\u00e7ti\u011fimiz aylarda Lezzet D\u00fc\u015fk\u00fcnleri adl\u0131 programa kat\u0131lan Selen, programa karde\u015fiyle kat\u0131lm\u0131\u015ft\u0131. Tarz\u0131na ve kombinlerine \u00e7ok g\u00fcvendi\u011fini s\u00f6yleyen Selen, programda uzun s\u00fcre kalaca\u011f\u0131n\u0131 iddia ediyor.<\/p>\n<p><strong>SELEN \u00d6ZCAN INSTAGRAM HESABI NED\u0130R?<\/strong><\/p>\n<p>Doya Doya Moda yar\u0131\u015fmac\u0131s\u0131 Selen \u00d6zcan\u2019\u0131n Instagram kullan\u0131c\u0131 ad\u0131 selenozcaan\u2019d\u0131r.<\/p>\n<p><img loading=\"lazy\" decoding=\"async\" class=\"aligncenter wp-image-30355 size-full\" src=\"https:\/\/adanaseshaber.com.tr\/wp-content\/uploads\/2022\/07\/doya-doya-moda-selen-kimdir-kac-yasinda-doya-doya-moda-selen-ozcan-instagram-hesabi-1.jpg\" alt=\"\" width=\"1280\" height=\"720\" srcset=\"https:\/\/adanaseshaber.com.tr\/wp-content\/uploads\/2022\/07\/doya-doya-moda-selen-kimdir-kac-yasinda-doya-doya-moda-selen-ozcan-instagram-hesabi-1.jpg 1280w, https:\/\/adanaseshaber.com.tr\/wp-content\/uploads\/2022\/07\/doya-doya-moda-selen-kimdir-kac-yasinda-doya-doya-moda-selen-ozcan-instagram-hesabi-1-300x169.jpg 300w, https:\/\/adanaseshaber.com.tr\/wp-content\/uploads\/2022\/07\/doya-doya-moda-selen-kimdir-kac-yasinda-doya-doya-moda-selen-ozcan-instagram-hesabi-1-1024x576.jpg 1024w, https:\/\/adanaseshaber.com.tr\/wp-content\/uploads\/2022\/07\/doya-doya-moda-selen-kimdir-kac-yasinda-doya-doya-moda-selen-ozcan-instagram-hesabi-1-768x432.jpg 768w, https:\/\/adanaseshaber.com.tr\/wp-content\/uploads\/2022\/07\/doya-doya-moda-selen-kimdir-kac-yasinda-doya-doya-moda-selen-ozcan-instagram-hesabi-1-390x220.jpg 390w\" sizes=\"auto, (max-width: 1280px) 100vw, 1280px\" \/><\/p>\n<p><strong>G\u00dcL\u015eAH SARA\u00c7O\u011eLU \u0130LE KAVGASI G\u00dcNDEM OLDU<\/strong><\/p>\n<p>Doya Doya Moda\u2019n\u0131n iddial\u0131 yar\u0131\u015fmac\u0131lar\u0131ndan biri olan Selen \u00d6zcan\u2019\u0131n program\u0131n 29 Temmuz 2022 Cuma g\u00fcn\u00fcne ait haftan\u0131n finali b\u00f6l\u00fcm\u00fcnde j\u00fcri \u00fcyesi G\u00fcl\u015fah Sara\u00e7o\u011flu ile kavgas\u0131 g\u00fcndeme bomba gibi d\u00fc\u015ft\u00fc. Selen ve G\u00fcl\u015fah Sara\u00e7o\u011flu aras\u0131nda k\u0131sa s\u00fcreli tansiyon y\u00fckselirken \u00f6fkelenen Sara\u00e7o\u011flu, st\u00fcdyoyu terk etti.<\/p>\n","protected":false},"excerpt":{"rendered":"<p>Ekranlar\u0131n en \u00e7ok izlenen yar\u0131\u015fma programlar\u0131ndan biri olan Doya Doya Moda\u2019n\u0131n yeni sezonu da ilgiyle takip ediliyor. Yepyeni yar\u0131\u015fmac\u0131larla yeni sezonda da ekranda f\u0131rt\u0131na gibi esen programda zaman zaman gergin anlar da ya\u015fan\u0131yor. En tarz olmak i\u00e7in m\u00fccadele eden ve en \u015f\u0131k benim diyen yar\u0131\u015fmac\u0131lar\u0131n kat\u0131ld\u0131\u011f\u0131 program\u0131n yeni sezon yar\u0131\u015fmac\u0131lar\u0131 da bir hayli dikkat \u00e7ekiyor. &hellip;<\/p>\n","protected":false},"author":6,"featured_media":30353,"comment_status":"closed","ping_status":"closed","sticky":false,"template":"","format":"standard","meta":{"footnotes":""},"categories":[1],"tags":[],"class_list":["post-30352","post","type-post","status-publish","format-standard","has-post-thumbnail","hentry","category-genel"],"amp_enabled":true,"_links":{"self":[{"href":"https:\/\/adanaseshaber.com.tr\/index.php?rest_route=\/wp\/v2\/posts\/30352","targetHints":{"allow":["GET"]}}],"collection":[{"href":"https:\/\/adanaseshaber.com.tr\/index.php?rest_route=\/wp\/v2\/posts"}],"about":[{"href":"https:\/\/adanaseshaber.com.tr\/index.php?rest_route=\/wp\/v2\/types\/post"}],"author":[{"embeddable":true,"href":"https:\/\/adanaseshaber.com.tr\/index.php?rest_route=\/wp\/v2\/users\/6"}],"replies":[{"embeddable":true,"href":"https:\/\/adanaseshaber.com.tr\/index.php?rest_route=%2Fwp%2Fv2%2Fcomments&post=30352"}],"version-history":[{"count":2,"href":"https:\/\/adanaseshaber.com.tr\/index.php?rest_route=\/wp\/v2\/posts\/30352\/revisions"}],"predecessor-version":[{"id":30356,"href":"https:\/\/adanaseshaber.com.tr\/index.php?rest_route=\/wp\/v2\/posts\/30352\/revisions\/30356"}],"wp:featuredmedia":[{"embeddable":true,"href":"https:\/\/adanaseshaber.com.tr\/index.php?rest_route=\/wp\/v2\/media\/30353"}],"wp:attachment":[{"href":"https:\/\/adanaseshaber.com.tr\/index.php?rest_route=%2Fwp%2Fv2%2Fmedia&parent=30352"}],"wp:term":[{"taxonomy":"category","embeddable":true,"href":"https:\/\/adanaseshaber.com.tr\/index.php?rest_route=%2Fwp%2Fv2%2Fcategories&post=30352"},{"taxonomy":"post_tag","embeddable":true,"href":"https:\/\/adanaseshaber.com.tr\/index.php?rest_route=%2Fwp%2Fv2%2Ftags&post=30352"}],"curies":[{"name":"wp","href":"https:\/\/api.w.org\/{rel}","templated":true}]}}