{"id":30366,"date":"2022-07-29T22:29:42","date_gmt":"2022-07-29T19:29:42","guid":{"rendered":"https:\/\/www.adanaseshaber.com\/?p=30366"},"modified":"2022-07-29T22:30:19","modified_gmt":"2022-07-29T19:30:19","slug":"mevlut-cavusoglundan-alman-bakana-osman-kavala-ayari","status":"publish","type":"post","link":"https:\/\/adanaseshaber.com.tr\/?p=30366","title":{"rendered":"Mevl\u00fct \u00c7avu\u015fo\u011flu\u2019ndan Alman bakana Osman Kavala ayar\u0131"},"content":{"rendered":"<p>D\u0131\u015fi\u015fleri Bakan\u0131 Mevl\u00fct \u00c7avu\u015fo\u011flu, Almanya D\u0131\u015fi\u015fleri Bakan\u0131 Annalena Baerbock ile g\u00f6r\u00fc\u015fmesinde Osman Kavala tepkisi ile g\u00fcndem oldu. Bakan \u00c7avu\u015fo\u011flu\u2019nun Alman mevkida\u015f\u0131na verdi\u011fi Kavala tepkisi g\u00fcndem oldu. Ortak bas\u0131n toplant\u0131s\u0131na damga vuran anlar d\u00fcnya g\u00fcndemine oturdu. \u00c7avu\u015fo\u011flu\u2019nun rest \u00e7ekti\u011fi anlar \u00e7ok konu\u015fuldu. Almanya D\u0131\u015fi\u015fleri Bakan\u0131 ile g\u00f6r\u00fc\u015fme ger\u00e7ekle\u015ftiren D\u0131\u015fi\u015fleri Bakan\u0131m\u0131z Mevl\u00fct \u00c7avu\u015fo\u011flu, Osman Kavala\u2019y\u0131 T\u00fcrkiye aleyhine kullanan Almanya\u2019ya tepki g\u00f6sterdi. Kavala konusunda tepkisini net bir \u015fekilde ortaya koyan \u00c7avu\u015fo\u011flu\u2019nun a\u00e7\u0131klamalar\u0131 g\u00fcndeme bomba gibi d\u00fc\u015ft\u00fc. \u0130\u015fte Bakan \u00c7avu\u015fo\u011flu\u2019nun Alman mevkida\u015f\u0131na verdi\u011fi Kavala tepkisi ve t\u00fcm detaylar\u2026<\/p>\n<p><strong>OSMAN KAVALA TEPK\u0130S\u0130<\/strong><\/p>\n<p>D\u0131\u015fi\u015fleri Bakan\u0131 Mevl\u00fct \u00c7avu\u015fo\u011flu ile Almanya D\u0131\u015fi\u015fleri Bakan\u0131 Annalena Baerbock \u0130stanbul2da g\u00f6r\u00fc\u015fme ger\u00e7ekle\u015ftirdi. \u0130ki bakan aras\u0131ndaki g\u00f6r\u00fc\u015fme sona erdikten sonra ortak bas\u0131n toplant\u0131s\u0131 d\u00fczenlendi. Toplant\u0131da, A\u0130HM kararlar\u0131n\u0131n yaln\u0131zca T\u00fcrkiye\u2019ye dayat\u0131lmak istendi\u011fini s\u00f6yleyen \u00c7avu\u015fo\u011flu, \u2018Kavala\u2019y\u0131 T\u00fcrkiye aleyhine kullan\u0131yordunuz\u2019 dedi.<\/p>\n<p><strong>\u2018TER\u00d6R \u00d6RG\u00dcTLER\u0130NE KAR\u015eI M\u00dcCADELE VERD\u0130K\u2019<\/strong><\/p>\n<p>Ortak bas\u0131n toplant\u0131s\u0131nda konu\u015fan D\u0131\u015fi\u015fleri Bakan\u0131 Mevl\u00fct \u00c7avu\u015fo\u011flu, \u2018Her \u015feyden \u00f6nce Suriye\u2019de biz t\u00fcm ter\u00f6r \u00f6rg\u00fctlerine kar\u015f\u0131 m\u00fccadele verdik, \u015fehitler verdik.\u2019 dedi ve \u2018DEA\u015e\u2019la m\u00fccadele etmek istiyorsan\u0131z sahaya inersiniz\u2019 ifadelerini kulland\u0131. Uluslararas\u0131 hukukun \u00f6nemine vurgu yapan Bakan \u00c7avu\u015fo\u011flu, \u2018Say\u0131n Baerbock \u015fimdi Yunanistan\u2019dan geldi. 14 senedir orada ya\u015fayan T\u00fcrk az\u0131nl\u0131\u011f\u0131n haklar\u0131 hakk\u0131nda kararlar uygulanm\u0131yor. Gelelim Norve\u00e7\u2019e. \u00c7ocuklara ili\u015fkin sosyal haklara ili\u015fkin Avrupa \u0130nsan Haklar\u0131 Mahkemesi kararlar\u0131 uygulanm\u0131yor. A\u0130HM kararlar\u0131n\u0131 Yunanistan\u2019a hat\u0131rlatmazken niye s\u00fcrekli Kavala konusunu g\u00fcndeme getiriyorsunuz? \u00c7\u00fcnk\u00fc Kavala\u2019y\u0131 T\u00fcrkiye aleyhine kullan\u0131yorsunuz. Bu konularda \u00e7ifte standarda d\u00fc\u015fmeden, hukuk \u00e7er\u00e7evesinde biz T\u00fcrkiye olarak konu\u015fmaya haz\u0131r\u0131z. Ben Tahran\u2019daki bulu\u015fma ile ilgili \u015funu beklerdim, T\u00fcrkiye\u2019nin Putin ile g\u00f6r\u00fc\u015fmesinden sonra tah\u0131l ihrac\u0131n\u0131n \u00f6n\u00fcndeki engelin kald\u0131r\u0131ld\u0131\u011f\u0131 vurgusunun yap\u0131lmas\u0131n\u0131 beklerdim.\u2019 dedi.<\/p>\n<p><img loading=\"lazy\" decoding=\"async\" class=\"aligncenter wp-image-30369 size-full\" src=\"https:\/\/adanaseshaber.com.tr\/wp-content\/uploads\/2022\/07\/mevlut-cavusoglundan-alman-bakana-osman-kavala-ayari-1.jpg\" alt=\"\" width=\"1280\" height=\"720\" srcset=\"https:\/\/adanaseshaber.com.tr\/wp-content\/uploads\/2022\/07\/mevlut-cavusoglundan-alman-bakana-osman-kavala-ayari-1.jpg 1280w, https:\/\/adanaseshaber.com.tr\/wp-content\/uploads\/2022\/07\/mevlut-cavusoglundan-alman-bakana-osman-kavala-ayari-1-300x169.jpg 300w, https:\/\/adanaseshaber.com.tr\/wp-content\/uploads\/2022\/07\/mevlut-cavusoglundan-alman-bakana-osman-kavala-ayari-1-1024x576.jpg 1024w, https:\/\/adanaseshaber.com.tr\/wp-content\/uploads\/2022\/07\/mevlut-cavusoglundan-alman-bakana-osman-kavala-ayari-1-768x432.jpg 768w, https:\/\/adanaseshaber.com.tr\/wp-content\/uploads\/2022\/07\/mevlut-cavusoglundan-alman-bakana-osman-kavala-ayari-1-390x220.jpg 390w\" sizes=\"auto, (max-width: 1280px) 100vw, 1280px\" \/><\/p>\n<p><strong>\u2018SUR\u0130YEL\u0130 M\u00dcLTEC\u0130LERLE B\u0130R ARAYA GELECE\u011e\u0130M\u2019<\/strong><\/p>\n<p>\u00c7avu\u015fo\u011flu\u2019nun a\u00e7\u0131klamalar\u0131 sonras\u0131nda s\u00f6z alan Almanya D\u0131\u015fi\u015fleri Bakan\u0131 Baerbock, iki \u00fclke ili\u015fkilerinin \u00f6zel \u00f6neme sahip oldu\u011funu s\u00f6yledi ve \u2018Yeni ortakl\u0131klar \u00e7ok \u00f6nemli. Enerji ihtiyac\u0131 \u00e7ok b\u00fcy\u00fck. Paris \u0130klim Anla\u015fmas\u0131\u2019n\u0131n onaylanmas\u0131 bizim i\u00e7in \u00e7ok \u00f6nemli.\u2019 dedi. Konu\u015fmas\u0131n\u0131n devam\u0131nda Suriyeli m\u00fcltecilerle bir araya gelece\u011fini belirten Alman bakan, \u2018T\u00fcrkiye\u2019ye te\u015fekk\u00fcr bor\u00e7luyuz. Bu kadar \u00e7ok insan\u0131 kabul etmeniz \u00e7ok etkileyici. 4 milyon m\u00fcltecinin g\u00fcvenle ya\u015famalar\u0131 \u00f6nemli. Biz de finansal olarak deste\u011fi s\u00fcrd\u00fcrmek istiyoruz. Yeni bir askeri \u00e7at\u0131\u015fma insanlara ac\u0131 yaratacakt\u0131r. \u0130stikrars\u0131zl\u0131k DAE\u015e gibi \u00f6rg\u00fctlere yarayacakt\u0131r.\u2019 ifadelerini kulland\u0131.<\/p>\n","protected":false},"excerpt":{"rendered":"<p>D\u0131\u015fi\u015fleri Bakan\u0131 Mevl\u00fct \u00c7avu\u015fo\u011flu, Almanya D\u0131\u015fi\u015fleri Bakan\u0131 Annalena Baerbock ile g\u00f6r\u00fc\u015fmesinde Osman Kavala tepkisi ile g\u00fcndem oldu. Bakan \u00c7avu\u015fo\u011flu\u2019nun Alman mevkida\u015f\u0131na verdi\u011fi Kavala tepkisi g\u00fcndem oldu. Ortak bas\u0131n toplant\u0131s\u0131na damga vuran anlar d\u00fcnya g\u00fcndemine oturdu. \u00c7avu\u015fo\u011flu\u2019nun rest \u00e7ekti\u011fi anlar \u00e7ok konu\u015fuldu. Almanya D\u0131\u015fi\u015fleri Bakan\u0131 ile g\u00f6r\u00fc\u015fme ger\u00e7ekle\u015ftiren D\u0131\u015fi\u015fleri Bakan\u0131m\u0131z Mevl\u00fct \u00c7avu\u015fo\u011flu, Osman Kavala\u2019y\u0131 T\u00fcrkiye aleyhine &hellip;<\/p>\n","protected":false},"author":6,"featured_media":30367,"comment_status":"closed","ping_status":"closed","sticky":false,"template":"","format":"standard","meta":{"footnotes":""},"categories":[1],"tags":[],"class_list":["post-30366","post","type-post","status-publish","format-standard","has-post-thumbnail","hentry","category-genel"],"amp_enabled":true,"_links":{"self":[{"href":"https:\/\/adanaseshaber.com.tr\/index.php?rest_route=\/wp\/v2\/posts\/30366","targetHints":{"allow":["GET"]}}],"collection":[{"href":"https:\/\/adanaseshaber.com.tr\/index.php?rest_route=\/wp\/v2\/posts"}],"about":[{"href":"https:\/\/adanaseshaber.com.tr\/index.php?rest_route=\/wp\/v2\/types\/post"}],"author":[{"embeddable":true,"href":"https:\/\/adanaseshaber.com.tr\/index.php?rest_route=\/wp\/v2\/users\/6"}],"replies":[{"embeddable":true,"href":"https:\/\/adanaseshaber.com.tr\/index.php?rest_route=%2Fwp%2Fv2%2Fcomments&post=30366"}],"version-history":[{"count":2,"href":"https:\/\/adanaseshaber.com.tr\/index.php?rest_route=\/wp\/v2\/posts\/30366\/revisions"}],"predecessor-version":[{"id":30370,"href":"https:\/\/adanaseshaber.com.tr\/index.php?rest_route=\/wp\/v2\/posts\/30366\/revisions\/30370"}],"wp:featuredmedia":[{"embeddable":true,"href":"https:\/\/adanaseshaber.com.tr\/index.php?rest_route=\/wp\/v2\/media\/30367"}],"wp:attachment":[{"href":"https:\/\/adanaseshaber.com.tr\/index.php?rest_route=%2Fwp%2Fv2%2Fmedia&parent=30366"}],"wp:term":[{"taxonomy":"category","embeddable":true,"href":"https:\/\/adanaseshaber.com.tr\/index.php?rest_route=%2Fwp%2Fv2%2Fcategories&post=30366"},{"taxonomy":"post_tag","embeddable":true,"href":"https:\/\/adanaseshaber.com.tr\/index.php?rest_route=%2Fwp%2Fv2%2Ftags&post=30366"}],"curies":[{"name":"wp","href":"https:\/\/api.w.org\/{rel}","templated":true}]}}