{"id":30550,"date":"2022-07-31T10:56:18","date_gmt":"2022-07-31T07:56:18","guid":{"rendered":"https:\/\/www.adanaseshaber.com\/?p=30550"},"modified":"2022-07-31T10:59:02","modified_gmt":"2022-07-31T07:59:02","slug":"denizlide-dehset-bosanmak-isteyen-esini-bicaklayip-canli-yayin-acti","status":"publish","type":"post","link":"https:\/\/adanaseshaber.com.tr\/?p=30550","title":{"rendered":"Denizli\u2019de deh\u015fet! Bo\u015fanmak isteyen e\u015fini b\u0131\u00e7aklay\u0131p canl\u0131 yay\u0131n a\u00e7t\u0131"},"content":{"rendered":"<p>Denizli\u2019de bo\u015fanmak isteyen e\u015fini defalarca b\u0131\u00e7aklayan g\u00f6z\u00fc d\u00f6nm\u00fc\u015f adam olay\u0131n ard\u0131ndan canl\u0131 yay\u0131n a\u00e7arak ak\u0131l almaz ifadeler kulland\u0131. Bo\u015fanmak isteyen ve bu karar\u0131ndan vazge\u00e7meyen e\u015fi Rabia D.A.\u2019y\u0131 defalarca b\u0131\u00e7aklayan Onur A., e\u015fini b\u0131\u00e7aklad\u0131ktan sonra canl\u0131 yay\u0131n a\u00e7t\u0131 ve pes dedirten a\u00e7\u0131klamalarda bulundu. G\u00f6z\u00fc d\u00f6nm\u00fc\u015f adam\u0131n canl\u0131 yay\u0131nda s\u00f6yledikleri duyanlar\u0131 \u015fa\u015fk\u0131na \u00e7evirdi. E\u015fi Rabia D.A.\u2019y\u0131 b\u0131\u00e7aklad\u0131ktan sonra talihsiz kad\u0131n\u0131n sosyal medya hesab\u0131ndan canl\u0131 yay\u0131n a\u00e7an Onur A.\u2019n\u0131n elindeki b\u0131\u00e7a\u011f\u0131 g\u00f6stererek s\u00f6yledikleri pes dedirtti. Talihsiz kad\u0131n karn\u0131na ald\u0131\u011f\u0131 b\u0131\u00e7ak darbeleri sonras\u0131nda a\u011f\u0131r yaral\u0131 olarak hastaneye kald\u0131r\u0131l\u0131rken hayati tehlikesinin devam etti\u011fi bilgisine ula\u015f\u0131ld\u0131. \u0130\u015fte detaylar\u2026<\/p>\n<p><strong>BO\u015eANMAK \u0130STEYEN E\u015e\u0130N\u0130 DEFALARCA BI\u00c7AKLADI<\/strong><\/p>\n<p>Olay, Denizli Ac\u0131payam il\u00e7esi A\u015fa\u011f\u0131 Mahalle\u2019de meydana geldi. 26 ya\u015f\u0131ndaki Onur A., bir s\u00fcredir ayr\u0131 ya\u015fad\u0131\u011f\u0131 ve bo\u015fanma a\u015famas\u0131nda oldu\u011fu 22 ya\u015f\u0131ndaki e\u015fi Rabia D.A.\u2019y\u0131 konu\u015fmak i\u00e7in parka \u00e7a\u011f\u0131rd\u0131. Burada \u00e7ift aras\u0131nda \u00e7\u0131kan tart\u0131\u015fma k\u0131sa s\u00fcrede kavgaya d\u00f6n\u00fc\u015ft\u00fc ve Onur A., yan\u0131ndaki b\u0131\u00e7akla talihsiz kad\u0131n\u0131 karn\u0131ndan defalarca b\u0131\u00e7aklad\u0131.<\/p>\n<p><strong>HAYAT\u0130 TEHL\u0130KES\u0130 DEVAM ED\u0130YOR<\/strong><\/p>\n<p>Ald\u0131\u011f\u0131 b\u0131\u00e7ak darbeleri sonucunda kanlar i\u00e7inde yere y\u0131\u011f\u0131lan talihsiz kad\u0131n \u00e7evredeki vatanda\u015flar\u0131n ihbar\u0131 \u00fczerine olay yerine gelen sa\u011fl\u0131k ekiplerinin ilk m\u00fcdahalesinin ard\u0131ndan Pamukkale \u00dcniversitesi Hastanesi\u2019nde tedavi alt\u0131na al\u0131nd\u0131. A\u011f\u0131r yaralanan gen\u00e7 kad\u0131n\u0131n hayati tehlikesinin devam etti\u011fi \u00f6\u011frenildi.<img loading=\"lazy\" decoding=\"async\" class=\"aligncenter wp-image-30553 size-full\" src=\"https:\/\/adanaseshaber.com.tr\/wp-content\/uploads\/2022\/07\/denizlide-dehset-bosanmak-isteyen-esini-bicaklayip-canli-yayin-acti-1.jpg\" alt=\"\" width=\"1280\" height=\"720\" srcset=\"https:\/\/adanaseshaber.com.tr\/wp-content\/uploads\/2022\/07\/denizlide-dehset-bosanmak-isteyen-esini-bicaklayip-canli-yayin-acti-1.jpg 1280w, https:\/\/adanaseshaber.com.tr\/wp-content\/uploads\/2022\/07\/denizlide-dehset-bosanmak-isteyen-esini-bicaklayip-canli-yayin-acti-1-300x169.jpg 300w, https:\/\/adanaseshaber.com.tr\/wp-content\/uploads\/2022\/07\/denizlide-dehset-bosanmak-isteyen-esini-bicaklayip-canli-yayin-acti-1-1024x576.jpg 1024w, https:\/\/adanaseshaber.com.tr\/wp-content\/uploads\/2022\/07\/denizlide-dehset-bosanmak-isteyen-esini-bicaklayip-canli-yayin-acti-1-768x432.jpg 768w, https:\/\/adanaseshaber.com.tr\/wp-content\/uploads\/2022\/07\/denizlide-dehset-bosanmak-isteyen-esini-bicaklayip-canli-yayin-acti-1-390x220.jpg 390w\" sizes=\"auto, (max-width: 1280px) 100vw, 1280px\" \/><\/p>\n<p><strong>CANLI YAYIN A\u00c7TI<\/strong><\/p>\n<p>Kavga s\u0131ras\u0131nda yan\u0131nda getirdi\u011fi b\u0131\u00e7akla e\u015fi Rabia D.A.\u2019y\u0131 a\u011f\u0131r yaralayan Onur A., sald\u0131r\u0131 sonras\u0131nda e\u015finin sosyal medya hesab\u0131ndan canl\u0131 yay\u0131n a\u00e7t\u0131 ve elindeki b\u0131\u00e7a\u011f\u0131 g\u00f6stererek \u2018T\u00fcm \u00e7abam\u0131za ra\u011fmen sonunda namusumuzu temizledik. Neymi\u015f, her insan kah\u2026yap\u0131lmazm\u0131\u015f karde\u015f.\u2019 ifadelerini kulland\u0131.<\/p>\n<p><img loading=\"lazy\" decoding=\"async\" class=\"aligncenter wp-image-30555 size-full\" src=\"https:\/\/adanaseshaber.com.tr\/wp-content\/uploads\/2022\/07\/denizlide-dehset-bosanmak-isteyen-esini-bicaklayip-canli-yayin-acti-2.jpg\" alt=\"\" width=\"1280\" height=\"720\" srcset=\"https:\/\/adanaseshaber.com.tr\/wp-content\/uploads\/2022\/07\/denizlide-dehset-bosanmak-isteyen-esini-bicaklayip-canli-yayin-acti-2.jpg 1280w, https:\/\/adanaseshaber.com.tr\/wp-content\/uploads\/2022\/07\/denizlide-dehset-bosanmak-isteyen-esini-bicaklayip-canli-yayin-acti-2-300x169.jpg 300w, https:\/\/adanaseshaber.com.tr\/wp-content\/uploads\/2022\/07\/denizlide-dehset-bosanmak-isteyen-esini-bicaklayip-canli-yayin-acti-2-1024x576.jpg 1024w, https:\/\/adanaseshaber.com.tr\/wp-content\/uploads\/2022\/07\/denizlide-dehset-bosanmak-isteyen-esini-bicaklayip-canli-yayin-acti-2-768x432.jpg 768w, https:\/\/adanaseshaber.com.tr\/wp-content\/uploads\/2022\/07\/denizlide-dehset-bosanmak-isteyen-esini-bicaklayip-canli-yayin-acti-2-390x220.jpg 390w\" sizes=\"auto, (max-width: 1280px) 100vw, 1280px\" \/><\/p>\n<p><strong>TUTUKLANDI<\/strong><\/p>\n<p>A\u00e7t\u0131\u011f\u0131 canl\u0131 yay\u0131n\u0131n ard\u0131ndan kay\u0131plara kar\u0131\u015fan sald\u0131rgan Onur A., polis ekiplerinin ba\u015flatt\u0131\u011f\u0131 \u00e7al\u0131\u015fma sonucunda \u00c7ameli il\u00e7esinde sakland\u0131\u011f\u0131 adreste g\u00f6zalt\u0131na al\u0131nd\u0131. E\u015fini bo\u015fanma karar\u0131ndan vazge\u00e7iremedi\u011fi i\u00e7in \u00f6fkeye kap\u0131ld\u0131\u011f\u0131n\u0131 s\u00f6yleyen Onur A.\u2019n\u0131n daha \u00f6nce de ayn\u0131 sebeple intihara te\u015febb\u00fcs etti\u011fi \u00f6\u011frenildi. Emniyetteki i\u015flemlerinin ard\u0131ndan sevk edildi\u011fi adli makamlarca tutuklanan Onur A., cezaevine g\u00f6nderilirken olayla ilgili soru\u015fturman\u0131n devam etti\u011fi bilgisi payla\u015f\u0131ld\u0131.<\/p>\n","protected":false},"excerpt":{"rendered":"<p>Denizli\u2019de bo\u015fanmak isteyen e\u015fini defalarca b\u0131\u00e7aklayan g\u00f6z\u00fc d\u00f6nm\u00fc\u015f adam olay\u0131n ard\u0131ndan canl\u0131 yay\u0131n a\u00e7arak ak\u0131l almaz ifadeler kulland\u0131. Bo\u015fanmak isteyen ve bu karar\u0131ndan vazge\u00e7meyen e\u015fi Rabia D.A.\u2019y\u0131 defalarca b\u0131\u00e7aklayan Onur A., e\u015fini b\u0131\u00e7aklad\u0131ktan sonra canl\u0131 yay\u0131n a\u00e7t\u0131 ve pes dedirten a\u00e7\u0131klamalarda bulundu. G\u00f6z\u00fc d\u00f6nm\u00fc\u015f adam\u0131n canl\u0131 yay\u0131nda s\u00f6yledikleri duyanlar\u0131 \u015fa\u015fk\u0131na \u00e7evirdi. E\u015fi Rabia D.A.\u2019y\u0131 b\u0131\u00e7aklad\u0131ktan &hellip;<\/p>\n","protected":false},"author":6,"featured_media":30551,"comment_status":"closed","ping_status":"closed","sticky":false,"template":"","format":"standard","meta":{"footnotes":""},"categories":[1],"tags":[],"class_list":["post-30550","post","type-post","status-publish","format-standard","has-post-thumbnail","hentry","category-genel"],"amp_enabled":true,"_links":{"self":[{"href":"https:\/\/adanaseshaber.com.tr\/index.php?rest_route=\/wp\/v2\/posts\/30550","targetHints":{"allow":["GET"]}}],"collection":[{"href":"https:\/\/adanaseshaber.com.tr\/index.php?rest_route=\/wp\/v2\/posts"}],"about":[{"href":"https:\/\/adanaseshaber.com.tr\/index.php?rest_route=\/wp\/v2\/types\/post"}],"author":[{"embeddable":true,"href":"https:\/\/adanaseshaber.com.tr\/index.php?rest_route=\/wp\/v2\/users\/6"}],"replies":[{"embeddable":true,"href":"https:\/\/adanaseshaber.com.tr\/index.php?rest_route=%2Fwp%2Fv2%2Fcomments&post=30550"}],"version-history":[{"count":3,"href":"https:\/\/adanaseshaber.com.tr\/index.php?rest_route=\/wp\/v2\/posts\/30550\/revisions"}],"predecessor-version":[{"id":30556,"href":"https:\/\/adanaseshaber.com.tr\/index.php?rest_route=\/wp\/v2\/posts\/30550\/revisions\/30556"}],"wp:featuredmedia":[{"embeddable":true,"href":"https:\/\/adanaseshaber.com.tr\/index.php?rest_route=\/wp\/v2\/media\/30551"}],"wp:attachment":[{"href":"https:\/\/adanaseshaber.com.tr\/index.php?rest_route=%2Fwp%2Fv2%2Fmedia&parent=30550"}],"wp:term":[{"taxonomy":"category","embeddable":true,"href":"https:\/\/adanaseshaber.com.tr\/index.php?rest_route=%2Fwp%2Fv2%2Fcategories&post=30550"},{"taxonomy":"post_tag","embeddable":true,"href":"https:\/\/adanaseshaber.com.tr\/index.php?rest_route=%2Fwp%2Fv2%2Ftags&post=30550"}],"curies":[{"name":"wp","href":"https:\/\/api.w.org\/{rel}","templated":true}]}}