{"id":30561,"date":"2022-07-31T11:15:55","date_gmt":"2022-07-31T08:15:55","guid":{"rendered":"https:\/\/www.adanaseshaber.com\/?p=30561"},"modified":"2022-07-31T11:16:45","modified_gmt":"2022-07-31T08:16:45","slug":"cumhurbaskani-erdogan-3-kez-aday-olabilir-mi-erdogan-2023-secimlerinde-aday-olabilir-mi-ysk-acikladi","status":"publish","type":"post","link":"https:\/\/adanaseshaber.com.tr\/?p=30561","title":{"rendered":"Cumhurba\u015fkan\u0131 Erdo\u011fan 3. Kez aday olabilir mi? Erdo\u011fan 2023 se\u00e7imlerinde aday olabilir mi? YSK a\u00e7\u0131klad\u0131"},"content":{"rendered":"<p>2023 se\u00e7imlerine do\u011fru geri say\u0131m s\u00fcrerken son d\u00f6nemde en \u00e7ok tart\u0131\u015f\u0131lan konular\u0131n ba\u015f\u0131nda Cumhurba\u015fkan\u0131 Recep Tayyip Erdo\u011fan\u2019\u0131n adayl\u0131\u011f\u0131 geliyor. Erdo\u011fan\u2019\u0131n 3. kez aday olup olamayaca\u011f\u0131na dair soruya yan\u0131t aran\u0131rken Erdo\u011fan\u2019\u0131n 2023 se\u00e7imlerinden tekrar Cumhurba\u015fkan\u0131 aday\u0131 olup olamayaca\u011f\u0131 sorusunun yan\u0131t\u0131 i\u00e7in g\u00f6zler YSK\u2019ya \u00e7evrildi. Merak edilen soruyla ilgili YSK\u2019dan yan\u0131t geldi. Liberal Demokrat Parti, Cumhurba\u015fkan\u0131 Erdo\u011fan\u2019\u0131n \u00fc\u00e7\u00fcnc\u00fc kez aday olup olamayaca\u011f\u0131 sorusunu sordu. Y\u00fcksek Se\u00e7im Kurulu\u2019ndan bu soruya yan\u0131t geldi. Peki, Cumhurba\u015fkan\u0131 Erdo\u011fan 2023 se\u00e7imlerinde aday olabilir mi? Erdo\u011fan 3. kez aday olabilir mi? Erdo\u011fan Cumhurba\u015fkan\u0131 aday\u0131 olabilecek mi? \u0130\u015fte YSK\u2019dan merak edilen soruya gelen yan\u0131t ve t\u00fcm detaylar\u2026<\/p>\n<p><strong>ERDO\u011eAN 3. KEZ ADAY OLAB\u0130L\u0130R M\u0130?<\/strong><\/p>\n<p>Liberal Demokrat Parti Genel Ba\u015fkan Yard\u0131mc\u0131s\u0131 Hasan Kulaks\u0131z, Cumhurba\u015fkan\u0131 Recep Tayyip Erdo\u011fan\u2019\u0131n ge\u00e7ti\u011fimiz aylarda 2023 se\u00e7imleri i\u00e7in adayl\u0131\u011f\u0131n\u0131 a\u00e7\u0131klamas\u0131n\u0131n ard\u0131ndan Y\u00fcksek Se\u00e7im Kurulu\u2019na bir dilek\u00e7e verdi ve \u2018Erdo\u011fan hukuken aday olabilir mi?\u2019 sorusunu sordu. Merak edilen bu soruya YSK\u2019dan yan\u0131t geldi.<\/p>\n<p><strong>YSK CEVAPLADI<\/strong><\/p>\n<p>Y\u00fcksek Se\u00e7im Kurulu, bu sorunun cevab\u0131n\u0131 \u2018G\u00f6r\u00fc\u015f bildirilmesine yer olmad\u0131\u011f\u0131na oybirli\u011fiyle karar verildi\u2019 ifadeleriyle yan\u0131tlad\u0131. YSK yan\u0131t\u0131nda, \u2018\u0130lgili kanunda, YSK\u2019n\u0131n g\u00f6rev ve yetkileri say\u0131lm\u0131\u015ft\u0131r. Say\u0131lan bu g\u00f6revler aras\u0131nda \u00f6zel nitelikli istemler konusunda g\u00f6r\u00fc\u015f bildirme g\u00f6rev ve y\u00fck\u00fcml\u00fcl\u00fc\u011f\u00fc bulunmamaktad\u0131r. A\u00e7\u0131klanan gerek\u00e7elerle g\u00f6r\u00fc\u015f bildirilmesine yer olmad\u0131\u011f\u0131na oybirli\u011fiyle karar verildi.\u2019 ifadeleri kullan\u0131ld\u0131.<\/p>\n<p><img loading=\"lazy\" decoding=\"async\" class=\"aligncenter wp-image-30564 size-full\" src=\"https:\/\/adanaseshaber.com.tr\/wp-content\/uploads\/2022\/07\/cumhurbaskani-erdogan-3-kez-aday-olabilir-mi-erdogan-2023-secimlerinde-aday-olabilir-mi-ysk-acikladi-1.jpg\" alt=\"\" width=\"1280\" height=\"720\" srcset=\"https:\/\/adanaseshaber.com.tr\/wp-content\/uploads\/2022\/07\/cumhurbaskani-erdogan-3-kez-aday-olabilir-mi-erdogan-2023-secimlerinde-aday-olabilir-mi-ysk-acikladi-1.jpg 1280w, https:\/\/adanaseshaber.com.tr\/wp-content\/uploads\/2022\/07\/cumhurbaskani-erdogan-3-kez-aday-olabilir-mi-erdogan-2023-secimlerinde-aday-olabilir-mi-ysk-acikladi-1-300x169.jpg 300w, https:\/\/adanaseshaber.com.tr\/wp-content\/uploads\/2022\/07\/cumhurbaskani-erdogan-3-kez-aday-olabilir-mi-erdogan-2023-secimlerinde-aday-olabilir-mi-ysk-acikladi-1-1024x576.jpg 1024w, https:\/\/adanaseshaber.com.tr\/wp-content\/uploads\/2022\/07\/cumhurbaskani-erdogan-3-kez-aday-olabilir-mi-erdogan-2023-secimlerinde-aday-olabilir-mi-ysk-acikladi-1-768x432.jpg 768w, https:\/\/adanaseshaber.com.tr\/wp-content\/uploads\/2022\/07\/cumhurbaskani-erdogan-3-kez-aday-olabilir-mi-erdogan-2023-secimlerinde-aday-olabilir-mi-ysk-acikladi-1-390x220.jpg 390w\" sizes=\"auto, (max-width: 1280px) 100vw, 1280px\" \/><\/p>\n<p><strong>\u0130K\u0130NC\u0130 D\u0130LEK\u00c7E G\u00d6NDER\u0130LD\u0130<\/strong><\/p>\n<p>YSK\u2019n\u0131n bu yan\u0131t\u0131 kar\u015f\u0131s\u0131nda LDP, s\u00f6z konusu cevab\u0131n tart\u0131\u015fmalar\u0131 bitirmedi\u011fine dikkat \u00e7ekti ve YSK\u2019ya ikinci bir dilek\u00e7e daha g\u00f6nderdi. S\u00f6zc\u00fc\u2019n\u00fcn haberine g\u00f6re, LDP Genel Ba\u015fkan Yard\u0131mc\u0131s\u0131 Hasan Kulaks\u0131z, YSK\u2019n\u0131n konuya a\u00e7\u0131kl\u0131k getirmemesi \u00fczerine Anayasa Mahkemesi\u2019ne dilek\u00e7e verdi.a<\/p>\n","protected":false},"excerpt":{"rendered":"<p>2023 se\u00e7imlerine do\u011fru geri say\u0131m s\u00fcrerken son d\u00f6nemde en \u00e7ok tart\u0131\u015f\u0131lan konular\u0131n ba\u015f\u0131nda Cumhurba\u015fkan\u0131 Recep Tayyip Erdo\u011fan\u2019\u0131n adayl\u0131\u011f\u0131 geliyor. Erdo\u011fan\u2019\u0131n 3. kez aday olup olamayaca\u011f\u0131na dair soruya yan\u0131t aran\u0131rken Erdo\u011fan\u2019\u0131n 2023 se\u00e7imlerinden tekrar Cumhurba\u015fkan\u0131 aday\u0131 olup olamayaca\u011f\u0131 sorusunun yan\u0131t\u0131 i\u00e7in g\u00f6zler YSK\u2019ya \u00e7evrildi. Merak edilen soruyla ilgili YSK\u2019dan yan\u0131t geldi. Liberal Demokrat Parti, Cumhurba\u015fkan\u0131 Erdo\u011fan\u2019\u0131n &hellip;<\/p>\n","protected":false},"author":6,"featured_media":30562,"comment_status":"closed","ping_status":"closed","sticky":false,"template":"","format":"standard","meta":{"footnotes":""},"categories":[1],"tags":[],"class_list":["post-30561","post","type-post","status-publish","format-standard","has-post-thumbnail","hentry","category-genel"],"amp_enabled":true,"_links":{"self":[{"href":"https:\/\/adanaseshaber.com.tr\/index.php?rest_route=\/wp\/v2\/posts\/30561","targetHints":{"allow":["GET"]}}],"collection":[{"href":"https:\/\/adanaseshaber.com.tr\/index.php?rest_route=\/wp\/v2\/posts"}],"about":[{"href":"https:\/\/adanaseshaber.com.tr\/index.php?rest_route=\/wp\/v2\/types\/post"}],"author":[{"embeddable":true,"href":"https:\/\/adanaseshaber.com.tr\/index.php?rest_route=\/wp\/v2\/users\/6"}],"replies":[{"embeddable":true,"href":"https:\/\/adanaseshaber.com.tr\/index.php?rest_route=%2Fwp%2Fv2%2Fcomments&post=30561"}],"version-history":[{"count":3,"href":"https:\/\/adanaseshaber.com.tr\/index.php?rest_route=\/wp\/v2\/posts\/30561\/revisions"}],"predecessor-version":[{"id":30566,"href":"https:\/\/adanaseshaber.com.tr\/index.php?rest_route=\/wp\/v2\/posts\/30561\/revisions\/30566"}],"wp:featuredmedia":[{"embeddable":true,"href":"https:\/\/adanaseshaber.com.tr\/index.php?rest_route=\/wp\/v2\/media\/30562"}],"wp:attachment":[{"href":"https:\/\/adanaseshaber.com.tr\/index.php?rest_route=%2Fwp%2Fv2%2Fmedia&parent=30561"}],"wp:term":[{"taxonomy":"category","embeddable":true,"href":"https:\/\/adanaseshaber.com.tr\/index.php?rest_route=%2Fwp%2Fv2%2Fcategories&post=30561"},{"taxonomy":"post_tag","embeddable":true,"href":"https:\/\/adanaseshaber.com.tr\/index.php?rest_route=%2Fwp%2Fv2%2Ftags&post=30561"}],"curies":[{"name":"wp","href":"https:\/\/api.w.org\/{rel}","templated":true}]}}