{"id":30575,"date":"2022-07-31T11:48:50","date_gmt":"2022-07-31T08:48:50","guid":{"rendered":"https:\/\/www.adanaseshaber.com\/?p=30575"},"modified":"2022-07-31T11:49:40","modified_gmt":"2022-07-31T08:49:40","slug":"asi-karsitlari-tarafindan-tehdit-edilen-doktor-olu-bulundu","status":"publish","type":"post","link":"https:\/\/adanaseshaber.com.tr\/?p=30575","title":{"rendered":"A\u015f\u0131 kar\u015f\u0131tlar\u0131 taraf\u0131ndan tehdit edilen doktor \u00f6l\u00fc bulundu"},"content":{"rendered":"<p>D\u00fcnya genelinde etkili olmaya devam eden pandemi s\u00fcreci beraberinde farkl\u0131 yorumlar\u0131 ve g\u00f6r\u00fc\u015fleri de getirdi. \u0130nsan sa\u011fl\u0131\u011f\u0131n\u0131 tehdit eden koronavir\u00fcs salg\u0131n\u0131yla m\u00fccadele t\u00fcm d\u00fcnyada devam ederken salg\u0131na kar\u015f\u0131 en etkili g\u00fc\u00e7 olarak belirtilen a\u015f\u0131lara kar\u015f\u0131 olanlar Avusturya\u2019da bir doktoru hedef alm\u0131\u015f ve bir doktoru tehdit etmi\u015fti. A\u015f\u0131 kar\u015f\u0131tlar\u0131ndan \u00f6l\u00fcm tehdidi ald\u0131\u011f\u0131 belirtilen doktor Lisa-Maria Kellermayr\u2019\u0131n intihar etti\u011fi a\u00e7\u0131kland\u0131. Muayenesinde \u00f6l\u00fc bulunan Avusturyal\u0131 doktorun odas\u0131nda bir intihar notu bulundu\u011fu ancak kesin \u00f6l\u00fcm sebebinin otopsi sonucuyla belli olaca\u011f\u0131 aktar\u0131ld\u0131. \u00d6l\u00fcm sebebinin a\u00e7\u0131klanmas\u0131 i\u00e7in otopsi sonucu beklenecek.<\/p>\n<p><strong>A\u015eI MESAJLARI VERM\u0130\u015eT\u0130<\/strong><\/p>\n<p>T\u00fcm d\u00fcnyay\u0131 kas\u0131p kavuran koronavir\u00fcs pandemisi boyunca s\u0131k s\u0131k medyaya r\u00f6portajlar veren Avusturyal\u0131 doktor, a\u015f\u0131 olma mesajlar\u0131 vermi\u015f ve pandemiyle m\u00fccadelede a\u015f\u0131n\u0131n \u00f6nemine dikkat \u00e7ekmi\u015fti. Muayenehanesinde \u00f6l\u00fc bulundu\u011fu \u00f6\u011frenilen doktorun odas\u0131nda bir intihar notu bulundu\u011fu a\u00e7\u0131kland\u0131.<\/p>\n<p><strong>A\u015eI KAR\u015eITLARINDAN TEHD\u0130TLER ALIYORDU<\/strong><\/p>\n<p>Salg\u0131n d\u00f6neminde medyaya pandemiyle m\u00fccadele ve a\u015f\u0131 konusunda s\u0131k s\u0131k r\u00f6portajlar veren Avusturyal\u0131 doktor Lisa Maria Kellermayr, a\u015f\u0131 kar\u015f\u0131tlar\u0131 ve pandemi kompo teorisyenleri taraf\u0131ndan \u00f6l\u00fcm tehditleri al\u0131yordu. Muayenehanesinde \u00f6l\u00fc bulundu\u011fu \u00f6\u011frenilen doktorla ilgili savc\u0131l\u0131ktan yap\u0131lan a\u00e7\u0131klamada ise odas\u0131nda bir intihar notu bulundu\u011fu fakat \u00f6l\u00fcm sebebinin a\u00e7\u0131klanmas\u0131 i\u00e7in otopsi sonucunun beklenece\u011fi ifadelerine yer verildi.<\/p>\n<p><img loading=\"lazy\" decoding=\"async\" class=\"aligncenter wp-image-30578 size-full\" src=\"https:\/\/adanaseshaber.com.tr\/wp-content\/uploads\/2022\/07\/asi-karsitlari-tarafindan-tehdit-edilen-doktor-olu-bulundu-1.jpg\" alt=\"\" width=\"1280\" height=\"720\" srcset=\"https:\/\/adanaseshaber.com.tr\/wp-content\/uploads\/2022\/07\/asi-karsitlari-tarafindan-tehdit-edilen-doktor-olu-bulundu-1.jpg 1280w, https:\/\/adanaseshaber.com.tr\/wp-content\/uploads\/2022\/07\/asi-karsitlari-tarafindan-tehdit-edilen-doktor-olu-bulundu-1-300x169.jpg 300w, https:\/\/adanaseshaber.com.tr\/wp-content\/uploads\/2022\/07\/asi-karsitlari-tarafindan-tehdit-edilen-doktor-olu-bulundu-1-1024x576.jpg 1024w, https:\/\/adanaseshaber.com.tr\/wp-content\/uploads\/2022\/07\/asi-karsitlari-tarafindan-tehdit-edilen-doktor-olu-bulundu-1-768x432.jpg 768w, https:\/\/adanaseshaber.com.tr\/wp-content\/uploads\/2022\/07\/asi-karsitlari-tarafindan-tehdit-edilen-doktor-olu-bulundu-1-390x220.jpg 390w\" sizes=\"auto, (max-width: 1280px) 100vw, 1280px\" \/><\/p>\n<p><strong>KARANT\u0130NA VE A\u015eI KAMPANYALARI PROTESTO ED\u0130LM\u0130\u015eT\u0130<\/strong><\/p>\n<p>Bilindi\u011fi gibi Avusturya geride b\u0131rakt\u0131\u011f\u0131m\u0131z g\u00fcnlerde koronavir\u00fcs a\u015f\u0131s\u0131n\u0131 zorunlu k\u0131lma plan\u0131ndan vazge\u00e7mi\u015fti. Hem karantinalar hem de a\u015f\u0131 kampanyalar\u0131 y\u00fczlerce ki\u015fi taraf\u0131ndan protesto edilmi\u015fti. Doktor Kellemayr\u2019\u0131n \u00f6l\u00fcm\u00fcn\u00fcn ard\u0131ndan h\u00fck\u00fcmetten doktorlara y\u00f6nelik bir \u00e7a\u011fr\u0131 geldi ve doktorlara y\u00f6nelik yap\u0131lan korku ve y\u0131ld\u0131rma tacirli\u011fi kampanyalar\u0131na son verilmesi istendi.<\/p>\n","protected":false},"excerpt":{"rendered":"<p>D\u00fcnya genelinde etkili olmaya devam eden pandemi s\u00fcreci beraberinde farkl\u0131 yorumlar\u0131 ve g\u00f6r\u00fc\u015fleri de getirdi. \u0130nsan sa\u011fl\u0131\u011f\u0131n\u0131 tehdit eden koronavir\u00fcs salg\u0131n\u0131yla m\u00fccadele t\u00fcm d\u00fcnyada devam ederken salg\u0131na kar\u015f\u0131 en etkili g\u00fc\u00e7 olarak belirtilen a\u015f\u0131lara kar\u015f\u0131 olanlar Avusturya\u2019da bir doktoru hedef alm\u0131\u015f ve bir doktoru tehdit etmi\u015fti. A\u015f\u0131 kar\u015f\u0131tlar\u0131ndan \u00f6l\u00fcm tehdidi ald\u0131\u011f\u0131 belirtilen doktor Lisa-Maria Kellermayr\u2019\u0131n &hellip;<\/p>\n","protected":false},"author":6,"featured_media":30576,"comment_status":"closed","ping_status":"closed","sticky":false,"template":"","format":"standard","meta":{"footnotes":""},"categories":[9],"tags":[],"class_list":["post-30575","post","type-post","status-publish","format-standard","has-post-thumbnail","hentry","category-saglik"],"amp_enabled":true,"_links":{"self":[{"href":"https:\/\/adanaseshaber.com.tr\/index.php?rest_route=\/wp\/v2\/posts\/30575","targetHints":{"allow":["GET"]}}],"collection":[{"href":"https:\/\/adanaseshaber.com.tr\/index.php?rest_route=\/wp\/v2\/posts"}],"about":[{"href":"https:\/\/adanaseshaber.com.tr\/index.php?rest_route=\/wp\/v2\/types\/post"}],"author":[{"embeddable":true,"href":"https:\/\/adanaseshaber.com.tr\/index.php?rest_route=\/wp\/v2\/users\/6"}],"replies":[{"embeddable":true,"href":"https:\/\/adanaseshaber.com.tr\/index.php?rest_route=%2Fwp%2Fv2%2Fcomments&post=30575"}],"version-history":[{"count":2,"href":"https:\/\/adanaseshaber.com.tr\/index.php?rest_route=\/wp\/v2\/posts\/30575\/revisions"}],"predecessor-version":[{"id":30579,"href":"https:\/\/adanaseshaber.com.tr\/index.php?rest_route=\/wp\/v2\/posts\/30575\/revisions\/30579"}],"wp:featuredmedia":[{"embeddable":true,"href":"https:\/\/adanaseshaber.com.tr\/index.php?rest_route=\/wp\/v2\/media\/30576"}],"wp:attachment":[{"href":"https:\/\/adanaseshaber.com.tr\/index.php?rest_route=%2Fwp%2Fv2%2Fmedia&parent=30575"}],"wp:term":[{"taxonomy":"category","embeddable":true,"href":"https:\/\/adanaseshaber.com.tr\/index.php?rest_route=%2Fwp%2Fv2%2Fcategories&post=30575"},{"taxonomy":"post_tag","embeddable":true,"href":"https:\/\/adanaseshaber.com.tr\/index.php?rest_route=%2Fwp%2Fv2%2Ftags&post=30575"}],"curies":[{"name":"wp","href":"https:\/\/api.w.org\/{rel}","templated":true}]}}