{"id":30593,"date":"2022-07-31T14:09:39","date_gmt":"2022-07-31T11:09:39","guid":{"rendered":"https:\/\/www.adanaseshaber.com\/?p=30593"},"modified":"2022-07-31T14:10:16","modified_gmt":"2022-07-31T11:10:16","slug":"ece-seckine-sahnede-telefon-firlattilar","status":"publish","type":"post","link":"https:\/\/adanaseshaber.com.tr\/?p=30593","title":{"rendered":"Ece Se\u00e7kin\u2019e sahnede telefon f\u0131rlatt\u0131lar"},"content":{"rendered":"<p>\u00dcnl\u00fc \u015fark\u0131c\u0131 Ece Se\u00e7kin, konser i\u00e7in gitti\u011fi Bursa\u2019da beklemedi\u011fi bir tepkiyle kar\u015f\u0131la\u015ft\u0131. \u00dcnl\u00fc \u015fark\u0131c\u0131n\u0131n sahnede oldu\u011fu anlarda sahneye f\u0131rlat\u0131lan telefon neredeyse gen\u00e7 \u015fark\u0131c\u0131n\u0131n g\u00f6z\u00fcn\u00fc kaybetmesine sebep olacakt\u0131. U\u011frad\u0131\u011f\u0131 sald\u0131r\u0131 kar\u015f\u0131s\u0131nda b\u00fcy\u00fck \u015fok ya\u015fayan Se\u00e7kin, konseri durdurarak duruma isyan etti. Sahneye telefon f\u0131rlat\u0131lmas\u0131n\u0131n ard\u0131ndan konseri durduran Ece Se\u00e7kin, tepkisini dile getirdi. Ya\u015fanan olay kar\u015f\u0131s\u0131nda \u00e7ok sinirlenen gen\u00e7 \u015fark\u0131c\u0131, \u2018Ne oluyor? Buna de\u011fer mi? Bu kadar adam burada e\u011fleniyoruz sahneye telefon f\u0131rlat\u0131p kula\u011f\u0131m\u0131 delmenize de\u011fer mi? \u0130ki tane TikTok videosu i\u00e7in\u2019 diyerek isyan etti.<\/p>\n<p><strong>TELEFON FIRLATILDI<\/strong><\/p>\n<p>Konser maratonuna devam eden \u00fcnl\u00fc \u015fark\u0131c\u0131 Ece Se\u00e7kin\u2019in yen dura\u011f\u0131 Bursa olmu\u015ftu. Bursa\u2019da konser veren Se\u00e7kin\u2019in g\u00fczel ba\u015flayan konseri daha sonra zehir oldu. Sahnedeyken telefonla sald\u0131r\u0131ya u\u011frayan gen\u00e7 \u015fark\u0131c\u0131 b\u00fcy\u00fck \u015fok ya\u015fad\u0131. Sahneye \u00e7\u0131kan ve \u00e7ok enerjik ba\u015flayan konserinde pe\u015f pe\u015fe sevilen \u015fark\u0131lar\u0131n\u0131 seslendiren Ece Se\u00e7kin, kalabal\u0131\u011f\u0131n i\u00e7inden sahneye f\u0131rlat\u0131lan telefonla neye u\u011frad\u0131\u011f\u0131n\u0131 \u015fa\u015f\u0131rd\u0131.<\/p>\n<p><strong>KONSER\u0130 DURDURDU<\/strong><\/p>\n<p>Kalabal\u0131\u011f\u0131n i\u00e7inden sahneye f\u0131rlat\u0131lan telefon sonras\u0131nda \u00e7ok sinirlenene Ece Se\u00e7kin, konseri durdurdu ve \u2018Ne oluyor? Buna de\u011fer mi? Bu kadar adam burada e\u011fleniyoruz sahneye telefon f\u0131rlat\u0131p kula\u011f\u0131m\u0131 delmenize de\u011fer mi? \u0130ki tane TikTok videosu i\u00e7in\u2019 s\u00f6zleriyle isyan etti.<\/p>\n<p><img loading=\"lazy\" decoding=\"async\" class=\"aligncenter wp-image-30597 size-full\" src=\"https:\/\/adanaseshaber.com.tr\/wp-content\/uploads\/2022\/07\/ece-seckine-sahnede-telefon-firlattilar-1.jpg\" alt=\"\" width=\"1280\" height=\"720\" srcset=\"https:\/\/adanaseshaber.com.tr\/wp-content\/uploads\/2022\/07\/ece-seckine-sahnede-telefon-firlattilar-1.jpg 1280w, https:\/\/adanaseshaber.com.tr\/wp-content\/uploads\/2022\/07\/ece-seckine-sahnede-telefon-firlattilar-1-300x169.jpg 300w, https:\/\/adanaseshaber.com.tr\/wp-content\/uploads\/2022\/07\/ece-seckine-sahnede-telefon-firlattilar-1-1024x576.jpg 1024w, https:\/\/adanaseshaber.com.tr\/wp-content\/uploads\/2022\/07\/ece-seckine-sahnede-telefon-firlattilar-1-768x432.jpg 768w, https:\/\/adanaseshaber.com.tr\/wp-content\/uploads\/2022\/07\/ece-seckine-sahnede-telefon-firlattilar-1-390x220.jpg 390w\" sizes=\"auto, (max-width: 1280px) 100vw, 1280px\" \/><\/p>\n<p><strong>NEREDEYSE G\u00d6Z\u00dc \u00c7IKACAKTI<\/strong><\/p>\n<p>Konserin ard\u0131ndan ald\u0131\u011f\u0131 darbeyle moraran boynunun foto\u011fraf\u0131n\u0131 sosyal medya hesab\u0131ndan payla\u015fan Ece Se\u00e7kin, Bu ak\u015fam o kadar g\u00fczel ve o kadar kalabal\u0131k bir konser ya\u015fad\u0131k. Gelen t\u00fcm Bursal\u0131lara minnettar\u0131m ayaklar\u0131n\u0131za sa\u011fl\u0131k. Bu kadar \u00e7ok e\u011flendi\u011fin i\u00e7in sahneye metrelerce uzaktan telefon f\u0131rlatan arkada\u015f\u0131m mesaj\u0131m sana; de\u011fer mi? Binlerce insan\u0131n e\u011flencesini, benim ve orkestram\u0131n, dans\u00e7\u0131lar\u0131m\u0131n konsantrasyonunu bozmak d\u0131\u015f\u0131nda bir \u015feye hizmet etti mi? Sahneye f\u0131rlat\u0131lan telefonla ilk kim video \u00e7ekti bilmiyorum ama TikTok u\u011fruna ger\u00e7ekten berbat bir ak\u0131m ba\u015flatm\u0131\u015f. Konserde zaten onca polis, zab\u0131ta ve ki\u015fisel \u00f6nlemlerimizle korunuyoruz. Ama hi\u00e7 kimse sizin 10 metreden h\u0131zla f\u0131rlatt\u0131\u011f\u0131n\u0131z telefonlar\u0131n\u0131zdan daha h\u0131zl\u0131 de\u011fil diye d\u00fc\u015f\u00fcn\u00fcyorsunuz (bu maalesef do\u011fru de\u011fil \u00e7\u00fcnk\u00fc jandarma bana bu ak\u015fam tutanak tutturdu mesela) E\u011fer bu ak\u015fam o refleksle sa\u011f kolumu kald\u0131rmasayd\u0131m g\u00f6z\u00fcm \u00e7\u0131km\u0131\u015ft\u0131. Ve biz ne oldu\u011funu anlamaya \u00e7al\u0131\u015f\u0131rken durdurdu\u011fumuz konserde polis kimlik tespiti i\u00e7in sahneye f\u0131rlatt\u0131\u011f\u0131n\u0131z telefonu \u00e7oktan alm\u0131\u015ft\u0131 bile. Kimseden \u015fikayet\u00e7i olmad\u0131m. \u00c7\u00fcnk\u00fc harika bir konserdi ve Bursa\u2019yla bulu\u015fmaya de\u011ferdi. Ama binlerce insan\u0131 ve bizleri TikTok a\u015fk\u0131 i\u00e7in bu duruma sokup sa\u011f kula\u011f\u0131m\u0131 delen arkada\u015fa tekrar sormak istiyorum; de\u011fer mi?\u2019 notunu d\u00fc\u015ft\u00fc.<\/p>\n","protected":false},"excerpt":{"rendered":"<p>\u00dcnl\u00fc \u015fark\u0131c\u0131 Ece Se\u00e7kin, konser i\u00e7in gitti\u011fi Bursa\u2019da beklemedi\u011fi bir tepkiyle kar\u015f\u0131la\u015ft\u0131. \u00dcnl\u00fc \u015fark\u0131c\u0131n\u0131n sahnede oldu\u011fu anlarda sahneye f\u0131rlat\u0131lan telefon neredeyse gen\u00e7 \u015fark\u0131c\u0131n\u0131n g\u00f6z\u00fcn\u00fc kaybetmesine sebep olacakt\u0131. U\u011frad\u0131\u011f\u0131 sald\u0131r\u0131 kar\u015f\u0131s\u0131nda b\u00fcy\u00fck \u015fok ya\u015fayan Se\u00e7kin, konseri durdurarak duruma isyan etti. Sahneye telefon f\u0131rlat\u0131lmas\u0131n\u0131n ard\u0131ndan konseri durduran Ece Se\u00e7kin, tepkisini dile getirdi. Ya\u015fanan olay kar\u015f\u0131s\u0131nda \u00e7ok sinirlenen &hellip;<\/p>\n","protected":false},"author":6,"featured_media":30594,"comment_status":"closed","ping_status":"closed","sticky":false,"template":"","format":"standard","meta":{"footnotes":""},"categories":[15431],"tags":[],"class_list":["post-30593","post","type-post","status-publish","format-standard","has-post-thumbnail","hentry","category-medya"],"amp_enabled":true,"_links":{"self":[{"href":"https:\/\/adanaseshaber.com.tr\/index.php?rest_route=\/wp\/v2\/posts\/30593","targetHints":{"allow":["GET"]}}],"collection":[{"href":"https:\/\/adanaseshaber.com.tr\/index.php?rest_route=\/wp\/v2\/posts"}],"about":[{"href":"https:\/\/adanaseshaber.com.tr\/index.php?rest_route=\/wp\/v2\/types\/post"}],"author":[{"embeddable":true,"href":"https:\/\/adanaseshaber.com.tr\/index.php?rest_route=\/wp\/v2\/users\/6"}],"replies":[{"embeddable":true,"href":"https:\/\/adanaseshaber.com.tr\/index.php?rest_route=%2Fwp%2Fv2%2Fcomments&post=30593"}],"version-history":[{"count":2,"href":"https:\/\/adanaseshaber.com.tr\/index.php?rest_route=\/wp\/v2\/posts\/30593\/revisions"}],"predecessor-version":[{"id":30601,"href":"https:\/\/adanaseshaber.com.tr\/index.php?rest_route=\/wp\/v2\/posts\/30593\/revisions\/30601"}],"wp:featuredmedia":[{"embeddable":true,"href":"https:\/\/adanaseshaber.com.tr\/index.php?rest_route=\/wp\/v2\/media\/30594"}],"wp:attachment":[{"href":"https:\/\/adanaseshaber.com.tr\/index.php?rest_route=%2Fwp%2Fv2%2Fmedia&parent=30593"}],"wp:term":[{"taxonomy":"category","embeddable":true,"href":"https:\/\/adanaseshaber.com.tr\/index.php?rest_route=%2Fwp%2Fv2%2Fcategories&post=30593"},{"taxonomy":"post_tag","embeddable":true,"href":"https:\/\/adanaseshaber.com.tr\/index.php?rest_route=%2Fwp%2Fv2%2Ftags&post=30593"}],"curies":[{"name":"wp","href":"https:\/\/api.w.org\/{rel}","templated":true}]}}