{"id":30604,"date":"2022-07-31T14:29:08","date_gmt":"2022-07-31T11:29:08","guid":{"rendered":"https:\/\/www.adanaseshaber.com\/?p=30604"},"modified":"2022-07-31T14:33:01","modified_gmt":"2022-07-31T11:33:01","slug":"cagla-sikelin-zeynep-bastikin-eski-esi-tolga-akis-ile-ask-yasadigi-iddia-edildi","status":"publish","type":"post","link":"https:\/\/adanaseshaber.com.tr\/?p=30604","title":{"rendered":"\u00c7a\u011fla \u015eikel\u2019in Zeynep Bast\u0131k\u2019\u0131n eski e\u015fi Tolga Ak\u0131\u015f ile a\u015fk ya\u015fad\u0131\u011f\u0131 iddia edildi"},"content":{"rendered":"<p>Yaz\u0131n bomba a\u015fk iddias\u0131 magazin man\u015fetlerine damgas\u0131n\u0131 vurdu. Son d\u00f6nemde \u00f6zel hayat\u0131yla s\u0131k s\u0131k magazin g\u00fcndeminde kendisine yer bulan \u00fcnl\u00fc manken \u00c7a\u011fla \u015eikel\u2019in yeni bir a\u015fka yelken a\u00e7t\u0131\u011f\u0131 iddia edilirken \u015eikel\u2019in a\u015fk ya\u015fad\u0131\u011f\u0131 iddia edilen isim ise magazin g\u00fcndemine bomba gibi d\u00fc\u015ft\u00fc. G\u00fcn\u00fcn en \u00e7ok konu\u015fulan haberi olan \u00c7a\u011fla \u015eikel\u2019in a\u015fk iddias\u0131 haberi sosyal medyan\u0131n da g\u00fcndemine oturdu. Ge\u00e7ti\u011fimiz g\u00fcnlerde \u00fcnl\u00fc i\u015f insan\u0131 \u0130zzet Antebi ile mesajlar\u0131 if\u015fa olan \u00fcnl\u00fc manken \u00c7a\u011fla \u015eikel, uzun s\u00fcre magazin man\u015fetlerinde yer alm\u0131\u015ft\u0131. \u015eikel\u2019in yeni bir a\u015fka yelken a\u00e7t\u0131\u011f\u0131 iddia edilirken a\u015fk ya\u015fad\u0131\u011f\u0131 iddia edilen isim ise \u00e7ok konu\u015fuldu. \u015eikel\u2019in ge\u00e7ti\u011fimiz hafta Zeynep Bast\u0131k\u2019tan bo\u015fanan Tolga Ak\u0131\u015f ile a\u015fk ya\u015fad\u0131\u011f\u0131 \u00f6ne s\u00fcr\u00fcld\u00fc. \u0130\u015fte detaylar\u2026<\/p>\n<p><strong>G\u00dcNDEME DAMGA VURAN A\u015eK \u0130DD\u0130ASI<\/strong><\/p>\n<p>\u00dcnl\u00fc manken \u00c7a\u011fla \u015eikel, son d\u00f6nemde \u00f6zel hayat\u0131yla s\u0131k s\u0131k magazin man\u015fetlerinde yer al\u0131yor. Ge\u00e7ti\u011fimiz g\u00fcnlerde \u00fcnl\u00fc i\u015f insan\u0131 \u0130zzet Abntebi ile mesajlar\u0131 if\u015fa olan g\u00fczel mankenin yeni bir a\u015fka yelken a\u00e7t\u0131\u011f\u0131 iddia edildi. Ge\u00e7ti\u011fimiz hafta Zeynep Bast\u0131k\u2019tan bo\u015fanan Tolga Ak\u0131\u015f ile a\u015fk ya\u015fad\u0131\u011f\u0131 iddia edilen \u00e7a\u011fla \u015eikel g\u00fcndeme bomba gibi d\u00fc\u015ft\u00fc.<\/p>\n<p><img loading=\"lazy\" decoding=\"async\" class=\"aligncenter wp-image-30607 size-full\" src=\"https:\/\/adanaseshaber.com.tr\/wp-content\/uploads\/2022\/07\/cagla-sikelin-zeynep-bastikin-eski-esi-tolga-akis-ile-ask-yasadigi-iddia-edildi-1.jpg\" alt=\"\" width=\"1280\" height=\"720\" srcset=\"https:\/\/adanaseshaber.com.tr\/wp-content\/uploads\/2022\/07\/cagla-sikelin-zeynep-bastikin-eski-esi-tolga-akis-ile-ask-yasadigi-iddia-edildi-1.jpg 1280w, https:\/\/adanaseshaber.com.tr\/wp-content\/uploads\/2022\/07\/cagla-sikelin-zeynep-bastikin-eski-esi-tolga-akis-ile-ask-yasadigi-iddia-edildi-1-300x169.jpg 300w, https:\/\/adanaseshaber.com.tr\/wp-content\/uploads\/2022\/07\/cagla-sikelin-zeynep-bastikin-eski-esi-tolga-akis-ile-ask-yasadigi-iddia-edildi-1-1024x576.jpg 1024w, https:\/\/adanaseshaber.com.tr\/wp-content\/uploads\/2022\/07\/cagla-sikelin-zeynep-bastikin-eski-esi-tolga-akis-ile-ask-yasadigi-iddia-edildi-1-768x432.jpg 768w, https:\/\/adanaseshaber.com.tr\/wp-content\/uploads\/2022\/07\/cagla-sikelin-zeynep-bastikin-eski-esi-tolga-akis-ile-ask-yasadigi-iddia-edildi-1-390x220.jpg 390w\" sizes=\"auto, (max-width: 1280px) 100vw, 1280px\" \/><\/p>\n<p><strong>ED\u0130S\u2019\u0130N KUL\u0130S\u0130NDE DANS \u0130DD\u0130ASI<\/strong><\/p>\n<p>Zeynep Bast\u0131k ile evlili\u011fini noktalayan Tolga Ak\u0131\u015f\u2019\u0131n \u00fcnl\u00fc manken \u00c7a\u011fla \u015eikel ile yeni bir a\u015fka yelken a\u00e7t\u0131\u011f\u0131 iddias\u0131 bu yaz\u0131n en \u00e7ok konu\u015fulan haberi oldu. G\u00fcndeme bomba gibi d\u00fc\u015fen a\u015fk iddias\u0131 sosyal medyan\u0131n da g\u00fcndemine yerle\u015firken \u00c7a\u011fla \u015eikel ile Tolga Ak\u0131\u015f\u2019\u0131n a\u015fklar\u0131n\u0131 yak\u0131n arkada\u015flar\u0131ndan gizlemedi\u011fi \u00f6ne s\u00fcr\u00fcl\u00fcyor. Di\u011fer yandan yeni a\u015fk iddias\u0131yla g\u00fcndeme gelen \u015eikel ve Ak\u0131\u015f\u2019\u0131n ge\u00e7ti\u011fimiz ak\u015fam \u00fcnl\u00fc pop\u00e7u Edis\u2019in kulisinde dans etti\u011fi de iddialar aras\u0131nda.<\/p>\n<p><img loading=\"lazy\" decoding=\"async\" class=\"aligncenter wp-image-30610 size-full\" src=\"https:\/\/adanaseshaber.com.tr\/wp-content\/uploads\/2022\/07\/cagla-sikelin-zeynep-bastikin-eski-esi-tolga-akis-ile-ask-yasadigi-iddia-edildi-2.jpg\" alt=\"\" width=\"1280\" height=\"720\" srcset=\"https:\/\/adanaseshaber.com.tr\/wp-content\/uploads\/2022\/07\/cagla-sikelin-zeynep-bastikin-eski-esi-tolga-akis-ile-ask-yasadigi-iddia-edildi-2.jpg 1280w, https:\/\/adanaseshaber.com.tr\/wp-content\/uploads\/2022\/07\/cagla-sikelin-zeynep-bastikin-eski-esi-tolga-akis-ile-ask-yasadigi-iddia-edildi-2-300x169.jpg 300w, https:\/\/adanaseshaber.com.tr\/wp-content\/uploads\/2022\/07\/cagla-sikelin-zeynep-bastikin-eski-esi-tolga-akis-ile-ask-yasadigi-iddia-edildi-2-1024x576.jpg 1024w, https:\/\/adanaseshaber.com.tr\/wp-content\/uploads\/2022\/07\/cagla-sikelin-zeynep-bastikin-eski-esi-tolga-akis-ile-ask-yasadigi-iddia-edildi-2-768x432.jpg 768w, https:\/\/adanaseshaber.com.tr\/wp-content\/uploads\/2022\/07\/cagla-sikelin-zeynep-bastikin-eski-esi-tolga-akis-ile-ask-yasadigi-iddia-edildi-2-390x220.jpg 390w\" sizes=\"auto, (max-width: 1280px) 100vw, 1280px\" \/><\/p>\n<p><strong>TEK CELSEDE BO\u015eANDILAR<\/strong><\/p>\n<p>Ge\u00e7ti\u011fimiz y\u0131l Temmuz ay\u0131nda Ala\u00e7at\u0131&#8217;da muhte\u015fem bir t\u00f6renle nikah masas\u0131na oturan Zeynep Bast\u0131k ile Tolga Ak\u0131\u015f \u00e7ifti ge\u00e7ti\u011fimiz hafta 6. Ankara Aile Mahkemesi&#8217;nde tek celsede bo\u015fand\u0131klar\u0131 \u00f6\u011frenildi.<\/p>\n<p>&nbsp;<\/p>\n","protected":false},"excerpt":{"rendered":"<p>Yaz\u0131n bomba a\u015fk iddias\u0131 magazin man\u015fetlerine damgas\u0131n\u0131 vurdu. Son d\u00f6nemde \u00f6zel hayat\u0131yla s\u0131k s\u0131k magazin g\u00fcndeminde kendisine yer bulan \u00fcnl\u00fc manken \u00c7a\u011fla \u015eikel\u2019in yeni bir a\u015fka yelken a\u00e7t\u0131\u011f\u0131 iddia edilirken \u015eikel\u2019in a\u015fk ya\u015fad\u0131\u011f\u0131 iddia edilen isim ise magazin g\u00fcndemine bomba gibi d\u00fc\u015ft\u00fc. G\u00fcn\u00fcn en \u00e7ok konu\u015fulan haberi olan \u00c7a\u011fla \u015eikel\u2019in a\u015fk iddias\u0131 haberi sosyal medyan\u0131n &hellip;<\/p>\n","protected":false},"author":6,"featured_media":30605,"comment_status":"closed","ping_status":"closed","sticky":false,"template":"","format":"standard","meta":{"footnotes":""},"categories":[15431],"tags":[],"class_list":["post-30604","post","type-post","status-publish","format-standard","has-post-thumbnail","hentry","category-medya"],"amp_enabled":true,"_links":{"self":[{"href":"https:\/\/adanaseshaber.com.tr\/index.php?rest_route=\/wp\/v2\/posts\/30604","targetHints":{"allow":["GET"]}}],"collection":[{"href":"https:\/\/adanaseshaber.com.tr\/index.php?rest_route=\/wp\/v2\/posts"}],"about":[{"href":"https:\/\/adanaseshaber.com.tr\/index.php?rest_route=\/wp\/v2\/types\/post"}],"author":[{"embeddable":true,"href":"https:\/\/adanaseshaber.com.tr\/index.php?rest_route=\/wp\/v2\/users\/6"}],"replies":[{"embeddable":true,"href":"https:\/\/adanaseshaber.com.tr\/index.php?rest_route=%2Fwp%2Fv2%2Fcomments&post=30604"}],"version-history":[{"count":4,"href":"https:\/\/adanaseshaber.com.tr\/index.php?rest_route=\/wp\/v2\/posts\/30604\/revisions"}],"predecessor-version":[{"id":30611,"href":"https:\/\/adanaseshaber.com.tr\/index.php?rest_route=\/wp\/v2\/posts\/30604\/revisions\/30611"}],"wp:featuredmedia":[{"embeddable":true,"href":"https:\/\/adanaseshaber.com.tr\/index.php?rest_route=\/wp\/v2\/media\/30605"}],"wp:attachment":[{"href":"https:\/\/adanaseshaber.com.tr\/index.php?rest_route=%2Fwp%2Fv2%2Fmedia&parent=30604"}],"wp:term":[{"taxonomy":"category","embeddable":true,"href":"https:\/\/adanaseshaber.com.tr\/index.php?rest_route=%2Fwp%2Fv2%2Fcategories&post=30604"},{"taxonomy":"post_tag","embeddable":true,"href":"https:\/\/adanaseshaber.com.tr\/index.php?rest_route=%2Fwp%2Fv2%2Ftags&post=30604"}],"curies":[{"name":"wp","href":"https:\/\/api.w.org\/{rel}","templated":true}]}}