{"id":30638,"date":"2022-07-31T21:45:58","date_gmt":"2022-07-31T18:45:58","guid":{"rendered":"https:\/\/www.adanaseshaber.com\/?p=30638"},"modified":"2022-07-31T21:48:11","modified_gmt":"2022-07-31T18:48:11","slug":"kosova-musluman-mi-dini-nedir-kosova-nufusu-kactir-kosova-nerede","status":"publish","type":"post","link":"https:\/\/adanaseshaber.com.tr\/?p=30638","title":{"rendered":"Kosova M\u00fcsl\u00fcman m\u0131, dini nedir? Kosova n\u00fcfusu ka\u00e7t\u0131r? Kosova nerede?"},"content":{"rendered":"<p>S\u0131rbistan-Kosova hatt\u0131nda tansiyon giderek y\u00fckselirken son olarak S\u0131rbistan Cumhurba\u015fkan\u0131\u2019n\u0131n yapt\u0131\u011f\u0131 a\u00e7\u0131klama gerilimin daha da y\u00fckselebilece\u011fini g\u00f6sterdi. S\u0131rbistan Cumhurba\u015fkan\u0131 Aleksandar Vucic, Kosovadaki S\u0131rplar\u0131n daha fazla zulme tolerans g\u00f6stermeyece\u011fini belirtti. S\u0131rbistan-Kosova aras\u0131ndaki gerilim devam ederken Kosova hakk\u0131nda ara\u015ft\u0131rmalar ba\u015flad\u0131. S\u0131rbistan-Kosova gerilimi \u00fczerine Kosova ile ilgili yo\u011fun bir ara\u015ft\u0131rma ba\u015flad\u0131. Kosova\u2019n\u0131n dini, dili n\u00fcfusu ve nerede oldu\u011fu merakla ara\u015ft\u0131r\u0131l\u0131yor. Peki, Kosova M\u00fcsl\u00fcman m\u0131? Kosova\u2019n\u0131n dini nedir? Kosova hangi dili konu\u015fuyor? Kosova\u2019n\u0131n n\u00fcfusu ka\u00e7t\u0131r? Kosova nerede? \u0130\u015fte t\u00fcm merak edilenler\u2026<\/p>\n<p><strong>KOSOVA NEREDE?<\/strong><\/p>\n<p>Kosova, kendi ba\u011f\u0131ms\u0131zl\u0131\u011f\u0131n\u0131 ve ekonomik gidi\u015fat\u0131n\u0131 oturtmaya \u00e7al\u0131\u015fan bir \u00fclkedir. Hen\u00fcz \u00e7ok gen\u00e7 bir \u00fclke olan Kosova, Balkanlarda bulunuyor ve T\u00fcrkiye ile ge\u00e7mi\u015fi olduk\u00e7a eskiye dayan\u0131yor. Resmi ad\u0131yla Kosova Cumhuriyeti, Balkanlar\u2019da yer al\u0131yor ve d\u00fcnyada tan\u0131n\u0131rl\u0131\u011f\u0131 olduk\u00e7a s\u0131n\u0131rl\u0131. Denize k\u0131y\u0131s\u0131 olmayan bir \u00fclke olan Kosova, kuzey ve do\u011fuda S\u0131rbistan, g\u00fcneyde Kuzey Makedonya ve Arnavutluk, bat\u0131da ise Karada\u011f ile kom\u015fudur. 1999 y\u0131l\u0131nda Birle\u015fmi\u015f Milletler kontrol\u00fc alt\u0131na al\u0131nm\u0131\u015f, 2008 y\u0131l\u0131nda ise S\u0131rbistan\u2019dan tek tarafl\u0131 olarak ba\u011f\u0131ms\u0131zl\u0131\u011f\u0131n\u0131 ilan etmi\u015ftir. 2020 y\u0131l\u0131n\u0131n Mart ay\u0131 itibar\u0131yla 97 \u00fclke taraf\u0131ndan tan\u0131nmaktad\u0131r. S\u0131rbistan ise Kosova\u2019n\u0131n ba\u011f\u0131ms\u0131zl\u0131\u011f\u0131n\u0131 tan\u0131mamakta ve b\u00f6lgeyi kendisine ba\u011fl\u0131 Kosova ve Metohiya \u00d6zerk B\u00f6lgesi olarak kabul etmektedir.<\/p>\n<p><strong>KOSOVA\u2019NIN D\u0130L\u0130 NED\u0130R?<\/strong><\/p>\n<p>Kosova Cumhuriyeti\u2019nin resmi dili Arnavut\u00e7a ve S\u0131rp\u00e7ad\u0131r. \u00d6te yandan Kosova Anayasas\u0131\u2019nda Bo\u015fnak\u00e7a, Romca ve T\u00fcrk\u00e7e de belediye stat\u00fcs\u00fcnde resmi dil h\u00fcviyeti elde edebilir ve s\u00f6z konusu bu diller toplumun yakla\u015f\u0131k y\u00fczde 5\u2019i taraf\u0131ndan konu\u015fulmaktad\u0131r. Kosova, Avrupa\u2019n\u0131n genelinde kullan\u0131lan Euro\u2019yu para birimi olarak tercih etmi\u015ftir. Resmi olarak 2008 y\u0131l\u0131nda tan\u0131nan Kosova\u2019da para birimi olarak Euro kullan\u0131l\u0131r.<\/p>\n<p><img loading=\"lazy\" decoding=\"async\" class=\"aligncenter wp-image-30641 size-full\" src=\"https:\/\/adanaseshaber.com.tr\/wp-content\/uploads\/2022\/07\/kosova-musluman-mi-dini-nedir-kosova-nufusu-kactir-kosova-nerede-1.jpg\" alt=\"\" width=\"1280\" height=\"720\" srcset=\"https:\/\/adanaseshaber.com.tr\/wp-content\/uploads\/2022\/07\/kosova-musluman-mi-dini-nedir-kosova-nufusu-kactir-kosova-nerede-1.jpg 1280w, https:\/\/adanaseshaber.com.tr\/wp-content\/uploads\/2022\/07\/kosova-musluman-mi-dini-nedir-kosova-nufusu-kactir-kosova-nerede-1-300x169.jpg 300w, https:\/\/adanaseshaber.com.tr\/wp-content\/uploads\/2022\/07\/kosova-musluman-mi-dini-nedir-kosova-nufusu-kactir-kosova-nerede-1-1024x576.jpg 1024w, https:\/\/adanaseshaber.com.tr\/wp-content\/uploads\/2022\/07\/kosova-musluman-mi-dini-nedir-kosova-nufusu-kactir-kosova-nerede-1-768x432.jpg 768w, https:\/\/adanaseshaber.com.tr\/wp-content\/uploads\/2022\/07\/kosova-musluman-mi-dini-nedir-kosova-nufusu-kactir-kosova-nerede-1-390x220.jpg 390w\" sizes=\"auto, (max-width: 1280px) 100vw, 1280px\" \/><\/p>\n<p><strong>KOSOVA\u2019NIN N\u00dcFUSU KA\u00c7TIR?<\/strong><\/p>\n<p>Kosova\u2019n\u0131n n\u00fcfusu ile ilgili de \u00e7ok yo\u011fun bir ara\u015ft\u0131rma var. Son olarak 2020 y\u0131l\u0131nda yap\u0131lan say\u0131mlara g\u00f6re Kosova\u2019n\u0131n n\u00fcfusu 1,873 milyon olarak a\u00e7\u0131klanm\u0131\u015ft\u0131r.<\/p>\n","protected":false},"excerpt":{"rendered":"<p>S\u0131rbistan-Kosova hatt\u0131nda tansiyon giderek y\u00fckselirken son olarak S\u0131rbistan Cumhurba\u015fkan\u0131\u2019n\u0131n yapt\u0131\u011f\u0131 a\u00e7\u0131klama gerilimin daha da y\u00fckselebilece\u011fini g\u00f6sterdi. S\u0131rbistan Cumhurba\u015fkan\u0131 Aleksandar Vucic, Kosovadaki S\u0131rplar\u0131n daha fazla zulme tolerans g\u00f6stermeyece\u011fini belirtti. S\u0131rbistan-Kosova aras\u0131ndaki gerilim devam ederken Kosova hakk\u0131nda ara\u015ft\u0131rmalar ba\u015flad\u0131. S\u0131rbistan-Kosova gerilimi \u00fczerine Kosova ile ilgili yo\u011fun bir ara\u015ft\u0131rma ba\u015flad\u0131. Kosova\u2019n\u0131n dini, dili n\u00fcfusu ve nerede oldu\u011fu merakla &hellip;<\/p>\n","protected":false},"author":6,"featured_media":30639,"comment_status":"closed","ping_status":"closed","sticky":false,"template":"","format":"standard","meta":{"footnotes":""},"categories":[1],"tags":[],"class_list":["post-30638","post","type-post","status-publish","format-standard","has-post-thumbnail","hentry","category-genel"],"amp_enabled":true,"_links":{"self":[{"href":"https:\/\/adanaseshaber.com.tr\/index.php?rest_route=\/wp\/v2\/posts\/30638","targetHints":{"allow":["GET"]}}],"collection":[{"href":"https:\/\/adanaseshaber.com.tr\/index.php?rest_route=\/wp\/v2\/posts"}],"about":[{"href":"https:\/\/adanaseshaber.com.tr\/index.php?rest_route=\/wp\/v2\/types\/post"}],"author":[{"embeddable":true,"href":"https:\/\/adanaseshaber.com.tr\/index.php?rest_route=\/wp\/v2\/users\/6"}],"replies":[{"embeddable":true,"href":"https:\/\/adanaseshaber.com.tr\/index.php?rest_route=%2Fwp%2Fv2%2Fcomments&post=30638"}],"version-history":[{"count":3,"href":"https:\/\/adanaseshaber.com.tr\/index.php?rest_route=\/wp\/v2\/posts\/30638\/revisions"}],"predecessor-version":[{"id":30643,"href":"https:\/\/adanaseshaber.com.tr\/index.php?rest_route=\/wp\/v2\/posts\/30638\/revisions\/30643"}],"wp:featuredmedia":[{"embeddable":true,"href":"https:\/\/adanaseshaber.com.tr\/index.php?rest_route=\/wp\/v2\/media\/30639"}],"wp:attachment":[{"href":"https:\/\/adanaseshaber.com.tr\/index.php?rest_route=%2Fwp%2Fv2%2Fmedia&parent=30638"}],"wp:term":[{"taxonomy":"category","embeddable":true,"href":"https:\/\/adanaseshaber.com.tr\/index.php?rest_route=%2Fwp%2Fv2%2Fcategories&post=30638"},{"taxonomy":"post_tag","embeddable":true,"href":"https:\/\/adanaseshaber.com.tr\/index.php?rest_route=%2Fwp%2Fv2%2Ftags&post=30638"}],"curies":[{"name":"wp","href":"https:\/\/api.w.org\/{rel}","templated":true}]}}