{"id":30644,"date":"2022-07-31T22:07:17","date_gmt":"2022-07-31T19:07:17","guid":{"rendered":"https:\/\/www.adanaseshaber.com\/?p=30644"},"modified":"2022-07-31T22:10:38","modified_gmt":"2022-07-31T19:10:38","slug":"safak-mahmutyazicioglunun-eski-esi-benan-kocadereliden-miras-aciklamasi","status":"publish","type":"post","link":"https:\/\/adanaseshaber.com.tr\/?p=30644","title":{"rendered":"\u015eafak Mahmutyaz\u0131c\u0131o\u011flu\u2019nun eski e\u015fi Benan Kocadereli\u2019den miras a\u00e7\u0131klamas\u0131"},"content":{"rendered":"<p>U\u011frad\u0131\u011f\u0131 sald\u0131r\u0131 sonucunda hayat\u0131n\u0131 kaybeden avukat \u015eafak Mahmutyaz\u0131c\u0131o\u011flu\u2019nun eski e\u015fi Benan Kocadereli, son g\u00fcnlerde g\u00fcndemden d\u00fc\u015fmeyen miras konusuyla ilgili sessizli\u011fini bozdu. \u00dcnl\u00fc sunucu Ece Erken, hayat\u0131n\u0131 kaybeden e\u015fi \u015eafak Mahmutyaz\u0131c\u0131o\u011flu\u2019nun ailesinin mal ka\u00e7\u0131rd\u0131\u011f\u0131na dair payla\u015f\u0131m yapm\u0131\u015ft\u0131. Erken\u2019in bu a\u00e7\u0131klamalar\u0131n\u0131n ard\u0131ndan Benan Kocadereli sessizli\u011fini bozdu ve g\u00fcndeme bomba gibi d\u00fc\u015fen bir a\u00e7\u0131klamada bulundu. Merhum \u015eafak Mahmutyaz\u0131c\u0131o\u011flu\u2019nun ailesi ile yak\u0131n olan Benan Kocadereli, \u2018Mal ka\u00e7\u0131rma yok\u2019 dedi. Kocadereli, her \u015feyin k\u0131zlar\u0131n\u0131n oldu\u011funu s\u00f6yledi ve \u2018As\u0131l mal ka\u00e7\u0131ran ba\u015fka birisi.\u2019 diyerek g\u00fcndeme bomba gibi d\u00fc\u015ft\u00fc. \u0130\u015fte Ece Erken\u2019in mal ka\u00e7\u0131rma iddias\u0131 ve Benan Kocadereli\u2019den gelen o a\u00e7\u0131klaman\u0131n t\u00fcm detaylar\u0131\u2026<\/p>\n<p><strong>ECE ERKEN\u2019DEN MAL KA\u00c7IRMA \u0130DD\u0130ASI<\/strong><\/p>\n<p>Ece Erken\u2019in e\u015fi avukat \u015eafak Mahmutyaz\u0131c\u0131o\u011flu, u\u011frad\u0131\u011f\u0131 sald\u0131r\u0131 sonucunda hayat\u0131n\u0131 kaybetmi\u015fti. E\u015finin vefat\u0131yla y\u0131k\u0131lan \u00fcnl\u00fc sunucu Ece Erken, yapt\u0131\u011f\u0131 sosyal medya payla\u015f\u0131mlar\u0131yla s\u0131k s\u0131k g\u00fcndeme gelirken son olarak mira konusuyla g\u00fcndeme gelmi\u015f hatta merhum e\u015finin karde\u015fi Celal Mahmutyaz\u0131c\u0131o\u011flu taraf\u0131ndan kendisine g\u00f6nderilen mesajlar\u0131 if\u015fa etmi\u015fti. \u015eafaka Mahmutyaz\u0131c\u0131o\u011flu\u2019nun karde\u015fi Celal Mahmutyaz\u0131c\u0131o\u011flu ile kavga eden Ece Erken, kendisine g\u00f6nderilen mesajlar\u0131 sosyal medya \u00fczerinden if\u015fa ederek \u2018Karde\u015finin mallar\u0131na \u00e7\u00f6km\u00fc\u015fs\u00fcn\u2019 notunu d\u00fc\u015fm\u00fc\u015ft\u00fc.<\/p>\n<p><img loading=\"lazy\" decoding=\"async\" class=\"aligncenter wp-image-30649 size-full\" src=\"https:\/\/adanaseshaber.com.tr\/wp-content\/uploads\/2022\/07\/safak-mahmutyazicioglunun-eski-esi-benan-kocadereliden-miras-aciklamasi-2.jpg\" alt=\"\" width=\"1280\" height=\"720\" srcset=\"https:\/\/adanaseshaber.com.tr\/wp-content\/uploads\/2022\/07\/safak-mahmutyazicioglunun-eski-esi-benan-kocadereliden-miras-aciklamasi-2.jpg 1280w, https:\/\/adanaseshaber.com.tr\/wp-content\/uploads\/2022\/07\/safak-mahmutyazicioglunun-eski-esi-benan-kocadereliden-miras-aciklamasi-2-300x169.jpg 300w, https:\/\/adanaseshaber.com.tr\/wp-content\/uploads\/2022\/07\/safak-mahmutyazicioglunun-eski-esi-benan-kocadereliden-miras-aciklamasi-2-1024x576.jpg 1024w, https:\/\/adanaseshaber.com.tr\/wp-content\/uploads\/2022\/07\/safak-mahmutyazicioglunun-eski-esi-benan-kocadereliden-miras-aciklamasi-2-768x432.jpg 768w, https:\/\/adanaseshaber.com.tr\/wp-content\/uploads\/2022\/07\/safak-mahmutyazicioglunun-eski-esi-benan-kocadereliden-miras-aciklamasi-2-390x220.jpg 390w\" sizes=\"auto, (max-width: 1280px) 100vw, 1280px\" \/><\/p>\n<p><strong>\u2018TEK KURU\u015e ALMADIM\u2019<\/strong><\/p>\n<p>Kendisine gelen tehditler \u00fczerine yeni bir a\u00e7\u0131klama yapan \u00fcnl\u00fc sunucu Ece Erken, \u2018Neye \u00fcz\u00fcl\u00fcyorum biliyor musunuz? Miras ne k\u00f6t\u00fc, ne ac\u0131 bir \u015feymi\u015f! Bu insanlar her g\u00fcn bizdeydi, biz de onlarda, \u00e7ocuklar bir arada\u2026 Siz de \u015fahitsiniz tek kuru\u015f almad\u0131m.\u2019 demi\u015fti.<\/p>\n<p><img loading=\"lazy\" decoding=\"async\" class=\"aligncenter wp-image-30647 size-full\" src=\"https:\/\/adanaseshaber.com.tr\/wp-content\/uploads\/2022\/07\/safak-mahmutyazicioglunun-eski-esi-benan-kocadereliden-miras-aciklamasi-1.jpg\" alt=\"\" width=\"1280\" height=\"720\" srcset=\"https:\/\/adanaseshaber.com.tr\/wp-content\/uploads\/2022\/07\/safak-mahmutyazicioglunun-eski-esi-benan-kocadereliden-miras-aciklamasi-1.jpg 1280w, https:\/\/adanaseshaber.com.tr\/wp-content\/uploads\/2022\/07\/safak-mahmutyazicioglunun-eski-esi-benan-kocadereliden-miras-aciklamasi-1-300x169.jpg 300w, https:\/\/adanaseshaber.com.tr\/wp-content\/uploads\/2022\/07\/safak-mahmutyazicioglunun-eski-esi-benan-kocadereliden-miras-aciklamasi-1-1024x576.jpg 1024w, https:\/\/adanaseshaber.com.tr\/wp-content\/uploads\/2022\/07\/safak-mahmutyazicioglunun-eski-esi-benan-kocadereliden-miras-aciklamasi-1-768x432.jpg 768w, https:\/\/adanaseshaber.com.tr\/wp-content\/uploads\/2022\/07\/safak-mahmutyazicioglunun-eski-esi-benan-kocadereliden-miras-aciklamasi-1-390x220.jpg 390w\" sizes=\"auto, (max-width: 1280px) 100vw, 1280px\" \/><\/p>\n<p><strong>BENAN KOCADEREL\u0130&#8217;DEN G\u00dcNDEM OLAN A\u00c7IKLAMA<\/strong><\/p>\n<p>G\u00fcndeme gelen miras a\u00e7\u0131klamalar\u0131n\u0131n ard\u0131ndan \u015eafak Mahmutyaz\u0131c\u0131o\u011flu\u2019nun eski e\u015fi Benan Kocadereli\u2019den de bir a\u00e7\u0131klama geldi. Benan Kocadereli, Al Sana Haber\u2019e g\u00fcndeme bomba gibi d\u00fc\u015fen a\u00e7\u0131klamalarda bulundu. Mal ka\u00e7\u0131rma olmad\u0131\u011f\u0131n\u0131 vurgulayan Kocadereli, \u2018Her \u015fey benim bilgim dahilinde. Mal ka\u00e7\u0131rma de\u011fil onun ad\u0131. Her \u015fey Naz ve Eda\u2019n\u0131n. As\u0131l mal ka\u00e7\u0131ran ba\u015fka birisi.\u2019 dedi. Ece Erken\u2019in hayat sigortas\u0131ndan da para ald\u0131\u011f\u0131 iddia edildi.<\/p>\n<p>&nbsp;<\/p>\n","protected":false},"excerpt":{"rendered":"<p>U\u011frad\u0131\u011f\u0131 sald\u0131r\u0131 sonucunda hayat\u0131n\u0131 kaybeden avukat \u015eafak Mahmutyaz\u0131c\u0131o\u011flu\u2019nun eski e\u015fi Benan Kocadereli, son g\u00fcnlerde g\u00fcndemden d\u00fc\u015fmeyen miras konusuyla ilgili sessizli\u011fini bozdu. \u00dcnl\u00fc sunucu Ece Erken, hayat\u0131n\u0131 kaybeden e\u015fi \u015eafak Mahmutyaz\u0131c\u0131o\u011flu\u2019nun ailesinin mal ka\u00e7\u0131rd\u0131\u011f\u0131na dair payla\u015f\u0131m yapm\u0131\u015ft\u0131. Erken\u2019in bu a\u00e7\u0131klamalar\u0131n\u0131n ard\u0131ndan Benan Kocadereli sessizli\u011fini bozdu ve g\u00fcndeme bomba gibi d\u00fc\u015fen bir a\u00e7\u0131klamada bulundu. Merhum \u015eafak Mahmutyaz\u0131c\u0131o\u011flu\u2019nun &hellip;<\/p>\n","protected":false},"author":6,"featured_media":30645,"comment_status":"closed","ping_status":"closed","sticky":false,"template":"","format":"standard","meta":{"footnotes":""},"categories":[15431],"tags":[],"class_list":["post-30644","post","type-post","status-publish","format-standard","has-post-thumbnail","hentry","category-medya"],"amp_enabled":true,"_links":{"self":[{"href":"https:\/\/adanaseshaber.com.tr\/index.php?rest_route=\/wp\/v2\/posts\/30644","targetHints":{"allow":["GET"]}}],"collection":[{"href":"https:\/\/adanaseshaber.com.tr\/index.php?rest_route=\/wp\/v2\/posts"}],"about":[{"href":"https:\/\/adanaseshaber.com.tr\/index.php?rest_route=\/wp\/v2\/types\/post"}],"author":[{"embeddable":true,"href":"https:\/\/adanaseshaber.com.tr\/index.php?rest_route=\/wp\/v2\/users\/6"}],"replies":[{"embeddable":true,"href":"https:\/\/adanaseshaber.com.tr\/index.php?rest_route=%2Fwp%2Fv2%2Fcomments&post=30644"}],"version-history":[{"count":3,"href":"https:\/\/adanaseshaber.com.tr\/index.php?rest_route=\/wp\/v2\/posts\/30644\/revisions"}],"predecessor-version":[{"id":30650,"href":"https:\/\/adanaseshaber.com.tr\/index.php?rest_route=\/wp\/v2\/posts\/30644\/revisions\/30650"}],"wp:featuredmedia":[{"embeddable":true,"href":"https:\/\/adanaseshaber.com.tr\/index.php?rest_route=\/wp\/v2\/media\/30645"}],"wp:attachment":[{"href":"https:\/\/adanaseshaber.com.tr\/index.php?rest_route=%2Fwp%2Fv2%2Fmedia&parent=30644"}],"wp:term":[{"taxonomy":"category","embeddable":true,"href":"https:\/\/adanaseshaber.com.tr\/index.php?rest_route=%2Fwp%2Fv2%2Fcategories&post=30644"},{"taxonomy":"post_tag","embeddable":true,"href":"https:\/\/adanaseshaber.com.tr\/index.php?rest_route=%2Fwp%2Fv2%2Ftags&post=30644"}],"curies":[{"name":"wp","href":"https:\/\/api.w.org\/{rel}","templated":true}]}}