{"id":30715,"date":"2022-08-01T11:40:24","date_gmt":"2022-08-01T08:40:24","guid":{"rendered":"https:\/\/www.adanaseshaber.com\/?p=30715"},"modified":"2022-08-01T11:49:06","modified_gmt":"2022-08-01T08:49:06","slug":"mitten-nokta-operasyon-erhan-arman-olduruldu","status":"publish","type":"post","link":"https:\/\/adanaseshaber.com.tr\/?p=30715","title":{"rendered":"M\u0130T\u2019ten nokta operasyon! Erhan Arman \u00f6ld\u00fcr\u00fcld\u00fc"},"content":{"rendered":"<p>Milli \u0130stihbarat Te\u015fkilat\u0131\u2019ndan ba\u015far\u0131l\u0131 bir operasyon haberi daha geldi. Ter\u00f6r \u00f6rg\u00fct\u00fcne g\u00f6z a\u00e7t\u0131rmayan M\u0130T, PKK\/YPG\u2019nin s\u00f6zde Aynularab y\u00fcr\u00fctme konseyi Erhan Arman\u2019\u0131 d\u00fczenledi\u011fi \u00f6zel operasyonla etkisiz hale getirdi. Ter\u00f6r \u00f6rg\u00fct\u00fc \u00fcst \u00fcste ald\u0131\u011f\u0131 a\u011f\u0131r darbelerle sars\u0131lmaya devam ediyor. T\u00fcrk Silahl\u0131 Kuvvetleri ve Milli \u0130stihbarat Te\u015fkilat\u0131 taraf\u0131ndan a\u011f\u0131r darbeler alan b\u00f6l\u00fcc\u00fc ter\u00f6r \u00f6rg\u00fct\u00fc PKK\/YPG\u2019nin s\u00f6zde \u00fcst d\u00fczey isimleri tek tek etkisiz hale getiriliyor. Son olarak ise M\u0130T\u2019in ba\u015far\u0131l\u0131 operasyonu ile ter\u00f6r \u00f6rg\u00fct\u00fc PKK\/YPG\u2019nin s\u00f6zde Aynularab (Kobani) y\u00fcr\u00fctme konseyi \u00fcyesi Erhan Arman, d\u00fczenlenen \u00f6zel operasyonla etkisiz hale getirildi.<\/p>\n<p><b>2013 YILINDA \u00d6RG\u00dcTE KATILDI<\/b><\/p>\n<p>G\u00fcvenlik kaynaklar\u0131n\u0131n aktard\u0131\u011f\u0131 bilgiye g\u00f6re, ter\u00f6r \u00f6rg\u00fct\u00fc PKK&#8217;ya kat\u0131lmak \u00fczereyken 2012 y\u0131l\u0131nda yakalanan Berxwedan Mu\u015f kod adl\u0131 ter\u00f6rist Erhan Arman, serbest kalmas\u0131n\u0131n ard\u0131ndan 2013 y\u0131l\u0131nda Mu\u015f k\u0131rsal\u0131nda \u00f6rg\u00fcte kat\u0131ld\u0131.<\/p>\n<p><strong>\u00d6RG\u00dcT\u00dcN S\u00d6ZDE Y\u00d6NET\u0130C\u0130S\u0130 OLDU<\/strong><\/p>\n<p>\u00d6rg\u00fct i\u00e7inde silahl\u0131 faaliyetler y\u00fcr\u00fcten ve \u00e7ok say\u0131da eyleme kat\u0131lan Erhan Arman, Suriye&#8217;ye ge\u00e7ti ve Aynularab&#8217;da \u00f6rg\u00fcte eleman temini i\u00e7in \u00e7al\u0131\u015fmalarda bulundu. Ter\u00f6rist Arman, T\u00fcrkiye&#8217;ye illegal yollardan PKK\/YPG mensuplar\u0131 ve patlay\u0131c\u0131lar\u0131n\u0131n ge\u00e7irilmesi faaliyetlerini de birinci elden organize etti. 2019 y\u0131l\u0131nda ise ter\u00f6r \u00f6rg\u00fct\u00fcn\u00fcn s\u00f6zde Aynularab eyalet y\u00fcr\u00fctmesine y\u00f6netici olarak getirildi.<\/p>\n<p><img loading=\"lazy\" decoding=\"async\" class=\"aligncenter wp-image-30720 size-full\" src=\"https:\/\/adanaseshaber.com.tr\/wp-content\/uploads\/2022\/08\/mitten-nokta-operasyon-erhan-arman-olduruldu-1.jpg\" alt=\"\" width=\"1280\" height=\"720\" srcset=\"https:\/\/adanaseshaber.com.tr\/wp-content\/uploads\/2022\/08\/mitten-nokta-operasyon-erhan-arman-olduruldu-1.jpg 1280w, https:\/\/adanaseshaber.com.tr\/wp-content\/uploads\/2022\/08\/mitten-nokta-operasyon-erhan-arman-olduruldu-1-300x169.jpg 300w, https:\/\/adanaseshaber.com.tr\/wp-content\/uploads\/2022\/08\/mitten-nokta-operasyon-erhan-arman-olduruldu-1-1024x576.jpg 1024w, https:\/\/adanaseshaber.com.tr\/wp-content\/uploads\/2022\/08\/mitten-nokta-operasyon-erhan-arman-olduruldu-1-768x432.jpg 768w, https:\/\/adanaseshaber.com.tr\/wp-content\/uploads\/2022\/08\/mitten-nokta-operasyon-erhan-arman-olduruldu-1-390x220.jpg 390w\" sizes=\"auto, (max-width: 1280px) 100vw, 1280px\" \/><\/p>\n<p><strong>\u00d6ZEL OPERASYONLA ETK\u0130S\u0130Z HALE GET\u0130R\u0130LD\u0130<\/strong><\/p>\n<p>Aynularab&#8217;da \u00f6zel olarak t\u00fcnel ve mevzilendirme sorumlusu olan Arman&#8217;\u0131n T\u00fcrkiye&#8217;nin olas\u0131 harekatlar\u0131na kar\u015f\u0131 \u00f6rg\u00fct savunmas\u0131n\u0131 planlad\u0131\u011f\u0131 bilgisine yer verildi. Berxwedan Mu\u015f kod adl\u0131 ter\u00f6rist Erhan Arman, M\u0130T&#8217;in \u00f6zel operasyonuyla etkisiz hale getirildi.<\/p>\n","protected":false},"excerpt":{"rendered":"<p>Milli \u0130stihbarat Te\u015fkilat\u0131\u2019ndan ba\u015far\u0131l\u0131 bir operasyon haberi daha geldi. Ter\u00f6r \u00f6rg\u00fct\u00fcne g\u00f6z a\u00e7t\u0131rmayan M\u0130T, PKK\/YPG\u2019nin s\u00f6zde Aynularab y\u00fcr\u00fctme konseyi Erhan Arman\u2019\u0131 d\u00fczenledi\u011fi \u00f6zel operasyonla etkisiz hale getirdi. Ter\u00f6r \u00f6rg\u00fct\u00fc \u00fcst \u00fcste ald\u0131\u011f\u0131 a\u011f\u0131r darbelerle sars\u0131lmaya devam ediyor. T\u00fcrk Silahl\u0131 Kuvvetleri ve Milli \u0130stihbarat Te\u015fkilat\u0131 taraf\u0131ndan a\u011f\u0131r darbeler alan b\u00f6l\u00fcc\u00fc ter\u00f6r \u00f6rg\u00fct\u00fc PKK\/YPG\u2019nin s\u00f6zde \u00fcst d\u00fczey &hellip;<\/p>\n","protected":false},"author":6,"featured_media":30716,"comment_status":"closed","ping_status":"closed","sticky":false,"template":"","format":"standard","meta":{"footnotes":""},"categories":[1],"tags":[],"class_list":["post-30715","post","type-post","status-publish","format-standard","has-post-thumbnail","hentry","category-genel"],"amp_enabled":true,"_links":{"self":[{"href":"https:\/\/adanaseshaber.com.tr\/index.php?rest_route=\/wp\/v2\/posts\/30715","targetHints":{"allow":["GET"]}}],"collection":[{"href":"https:\/\/adanaseshaber.com.tr\/index.php?rest_route=\/wp\/v2\/posts"}],"about":[{"href":"https:\/\/adanaseshaber.com.tr\/index.php?rest_route=\/wp\/v2\/types\/post"}],"author":[{"embeddable":true,"href":"https:\/\/adanaseshaber.com.tr\/index.php?rest_route=\/wp\/v2\/users\/6"}],"replies":[{"embeddable":true,"href":"https:\/\/adanaseshaber.com.tr\/index.php?rest_route=%2Fwp%2Fv2%2Fcomments&post=30715"}],"version-history":[{"count":4,"href":"https:\/\/adanaseshaber.com.tr\/index.php?rest_route=\/wp\/v2\/posts\/30715\/revisions"}],"predecessor-version":[{"id":30721,"href":"https:\/\/adanaseshaber.com.tr\/index.php?rest_route=\/wp\/v2\/posts\/30715\/revisions\/30721"}],"wp:featuredmedia":[{"embeddable":true,"href":"https:\/\/adanaseshaber.com.tr\/index.php?rest_route=\/wp\/v2\/media\/30716"}],"wp:attachment":[{"href":"https:\/\/adanaseshaber.com.tr\/index.php?rest_route=%2Fwp%2Fv2%2Fmedia&parent=30715"}],"wp:term":[{"taxonomy":"category","embeddable":true,"href":"https:\/\/adanaseshaber.com.tr\/index.php?rest_route=%2Fwp%2Fv2%2Fcategories&post=30715"},{"taxonomy":"post_tag","embeddable":true,"href":"https:\/\/adanaseshaber.com.tr\/index.php?rest_route=%2Fwp%2Fv2%2Ftags&post=30715"}],"curies":[{"name":"wp","href":"https:\/\/api.w.org\/{rel}","templated":true}]}}