{"id":30726,"date":"2022-08-01T12:02:30","date_gmt":"2022-08-01T09:02:30","guid":{"rendered":"https:\/\/www.adanaseshaber.com\/?p=30726"},"modified":"2022-08-01T12:03:40","modified_gmt":"2022-08-01T09:03:40","slug":"milli-voleybolcu-ebrar-karakurt-tacize-ugradi","status":"publish","type":"post","link":"https:\/\/adanaseshaber.com.tr\/?p=30726","title":{"rendered":"Milli voleybolcu Ebrar Karakurt tacize u\u011frad\u0131"},"content":{"rendered":"<p>Milli voleybolcumuz Ebrar Karakurt, Kad\u0131k\u00f6y\u2019de alkoll\u00fc bir adam ile birbirine girdi. Ge\u00e7ti\u011fimiz g\u00fcn meydana gelen olayda Karakurt\u2019un bir mekana girerek lavabosunu kullanmak istedi\u011fi ve mekandan \u00e7\u0131karken s\u00f6zl\u00fc tacize u\u011frad\u0131\u011f\u0131 \u00f6\u011frenildi. \u015eahs\u0131n Karakurt\u2019a \u2018Fenerbah\u00e7e d\u00fc\u015fmanlar\u0131n\u0131n Kad\u0131k\u00f6y\u2019de yeri yok\u2019 dedi\u011fi \u00f6\u011frenilirken gen\u00e7 voleybolcunun ise bu s\u00f6zlerin ard\u0131ndan \u00f6fkeden \u00e7\u0131lg\u0131na d\u00f6nd\u00fc\u011f\u00fc bilgisine ula\u015f\u0131ld\u0131. Ebrar Karakurt\u2019a s\u00f6zl\u00fc tacizde bulunan \u015fahs\u0131n alkoll\u00fc oldu\u011fu \u00f6\u011frenilirken duyduklar\u0131 kar\u015f\u0131s\u0131nda sinirlenen Karakurt\u2019un ise \u2018Ne diyorsun lan sen?\u2019 diyerek adam\u0131n \u00fcst\u00fcne y\u00fcr\u00fcd\u00fc\u011f\u00fc belirtildi. Tansiyonun bir anda y\u00fckseldi\u011fi olay yerinde \u00f6fkeden adeta \u00e7\u0131lg\u0131na d\u00f6nen Ebrar Karakurt\u2019u arkada\u015flar\u0131 sakinle\u015ftirdi.<\/p>\n<p><strong>S\u00d6ZL\u00dc TAC\u0130ZE U\u011eRADI<\/strong><\/p>\n<p>A Milli Kad\u0131n Voleybol Tak\u0131m\u0131\u2019nda forma giyen ba\u015far\u0131l\u0131 voleybolcu Ebrra Karakurt, ge\u00e7ti\u011fimiz g\u00fcnlerde Kad\u0131k\u00f6y\u2019de s\u00f6zl\u00fc tacize u\u011frad\u0131. \u0130talya tak\u0131m\u0131 lgor Gorgonzola Novara\u2019ya transfer olan ve A Milli Voleybol Tak\u0131m\u0131\u2019nda da forma terleten Karakurt, ba\u015far\u0131l\u0131 performans\u0131yla her zaman ad\u0131ndan s\u00f6z ettirmeyi ba\u015far\u0131yor. Ge\u00e7ti\u011fimiz g\u00fcn Kad\u0131k\u00f6y\u2019de lavabosunu kullanmak i\u00e7in bir mekana giren Karakurt, alkoll\u00fc bir adam\u0131n s\u00f6zl\u00fc tacizine u\u011frad\u0131.<\/p>\n<p><img loading=\"lazy\" decoding=\"async\" class=\"aligncenter wp-image-30730 size-full\" src=\"https:\/\/adanaseshaber.com.tr\/wp-content\/uploads\/2022\/08\/milli-voleybolcu-ebrar-karakurt-tacize-ugradi-1.jpg\" alt=\"\" width=\"1280\" height=\"720\" srcset=\"https:\/\/adanaseshaber.com.tr\/wp-content\/uploads\/2022\/08\/milli-voleybolcu-ebrar-karakurt-tacize-ugradi-1.jpg 1280w, https:\/\/adanaseshaber.com.tr\/wp-content\/uploads\/2022\/08\/milli-voleybolcu-ebrar-karakurt-tacize-ugradi-1-300x169.jpg 300w, https:\/\/adanaseshaber.com.tr\/wp-content\/uploads\/2022\/08\/milli-voleybolcu-ebrar-karakurt-tacize-ugradi-1-1024x576.jpg 1024w, https:\/\/adanaseshaber.com.tr\/wp-content\/uploads\/2022\/08\/milli-voleybolcu-ebrar-karakurt-tacize-ugradi-1-768x432.jpg 768w, https:\/\/adanaseshaber.com.tr\/wp-content\/uploads\/2022\/08\/milli-voleybolcu-ebrar-karakurt-tacize-ugradi-1-390x220.jpg 390w\" sizes=\"auto, (max-width: 1280px) 100vw, 1280px\" \/><\/p>\n<p><strong>\u00d6FKEDEN \u00c7ILGINA D\u00d6ND\u00dc<\/strong><\/p>\n<p>Ge\u00e7ti\u011fimiz g\u00fcn arkada\u015flar\u0131yla gece e\u011flencesine \u00e7\u0131kan Ebrar Karakurt, Kad\u0131k\u00f6y\u2019de lavabosunu kullanmak i\u00e7in girdi\u011fi bir mekanda alkoll\u00fc bir adam\u0131n s\u00f6zl\u00fc taciziyle kar\u015f\u0131la\u015ft\u0131. \u2018Fenerbah\u00e7e d\u00fc\u015fmanlar\u0131n\u0131n Kad\u0131k\u00f6y\u2019de yeri yok\u2019 diyen \u015fahs\u0131n bu s\u00f6zleri kar\u015f\u0131s\u0131nda \u00f6fkeden \u00e7\u0131lg\u0131na d\u00f6nen ba\u015far\u0131l\u0131 voleybolcu, alkoll\u00fc \u015fahs\u0131n \u00fczerine y\u00fcr\u00fcd\u00fc ve \u2018Ne diyorsun lan sen?\u2019 diye ba\u011f\u0131rmaya ba\u015flad\u0131. \u015eahs\u0131n kulland\u0131\u011f\u0131 ifadeler kar\u015f\u0131s\u0131nda olduk\u00e7a sinirlendi\u011fi g\u00f6r\u00fclen Karakurt\u2019u arkada\u015flar\u0131 sakinle\u015ftirdi ve gen\u00e7 voleybolcu ya\u015fananlar\u0131n ard\u0131ndan arkada\u015flar\u0131yla birlikte olay yerinden uzakla\u015ft\u0131.<\/p>\n","protected":false},"excerpt":{"rendered":"<p>Milli voleybolcumuz Ebrar Karakurt, Kad\u0131k\u00f6y\u2019de alkoll\u00fc bir adam ile birbirine girdi. Ge\u00e7ti\u011fimiz g\u00fcn meydana gelen olayda Karakurt\u2019un bir mekana girerek lavabosunu kullanmak istedi\u011fi ve mekandan \u00e7\u0131karken s\u00f6zl\u00fc tacize u\u011frad\u0131\u011f\u0131 \u00f6\u011frenildi. \u015eahs\u0131n Karakurt\u2019a \u2018Fenerbah\u00e7e d\u00fc\u015fmanlar\u0131n\u0131n Kad\u0131k\u00f6y\u2019de yeri yok\u2019 dedi\u011fi \u00f6\u011frenilirken gen\u00e7 voleybolcunun ise bu s\u00f6zlerin ard\u0131ndan \u00f6fkeden \u00e7\u0131lg\u0131na d\u00f6nd\u00fc\u011f\u00fc bilgisine ula\u015f\u0131ld\u0131. Ebrar Karakurt\u2019a s\u00f6zl\u00fc tacizde bulunan &hellip;<\/p>\n","protected":false},"author":6,"featured_media":30727,"comment_status":"closed","ping_status":"closed","sticky":false,"template":"","format":"standard","meta":{"footnotes":""},"categories":[15431],"tags":[],"class_list":["post-30726","post","type-post","status-publish","format-standard","has-post-thumbnail","hentry","category-medya"],"amp_enabled":true,"_links":{"self":[{"href":"https:\/\/adanaseshaber.com.tr\/index.php?rest_route=\/wp\/v2\/posts\/30726","targetHints":{"allow":["GET"]}}],"collection":[{"href":"https:\/\/adanaseshaber.com.tr\/index.php?rest_route=\/wp\/v2\/posts"}],"about":[{"href":"https:\/\/adanaseshaber.com.tr\/index.php?rest_route=\/wp\/v2\/types\/post"}],"author":[{"embeddable":true,"href":"https:\/\/adanaseshaber.com.tr\/index.php?rest_route=\/wp\/v2\/users\/6"}],"replies":[{"embeddable":true,"href":"https:\/\/adanaseshaber.com.tr\/index.php?rest_route=%2Fwp%2Fv2%2Fcomments&post=30726"}],"version-history":[{"count":4,"href":"https:\/\/adanaseshaber.com.tr\/index.php?rest_route=\/wp\/v2\/posts\/30726\/revisions"}],"predecessor-version":[{"id":30732,"href":"https:\/\/adanaseshaber.com.tr\/index.php?rest_route=\/wp\/v2\/posts\/30726\/revisions\/30732"}],"wp:featuredmedia":[{"embeddable":true,"href":"https:\/\/adanaseshaber.com.tr\/index.php?rest_route=\/wp\/v2\/media\/30727"}],"wp:attachment":[{"href":"https:\/\/adanaseshaber.com.tr\/index.php?rest_route=%2Fwp%2Fv2%2Fmedia&parent=30726"}],"wp:term":[{"taxonomy":"category","embeddable":true,"href":"https:\/\/adanaseshaber.com.tr\/index.php?rest_route=%2Fwp%2Fv2%2Fcategories&post=30726"},{"taxonomy":"post_tag","embeddable":true,"href":"https:\/\/adanaseshaber.com.tr\/index.php?rest_route=%2Fwp%2Fv2%2Ftags&post=30726"}],"curies":[{"name":"wp","href":"https:\/\/api.w.org\/{rel}","templated":true}]}}