{"id":30736,"date":"2022-08-01T12:16:28","date_gmt":"2022-08-01T09:16:28","guid":{"rendered":"https:\/\/www.adanaseshaber.com\/?p=30736"},"modified":"2022-08-01T22:21:33","modified_gmt":"2022-08-01T19:21:33","slug":"en-hamarat-benim-1-agustos-2022-puan-durumu-en-hamarat-benim-meryem-kac-puan-aldi","status":"publish","type":"post","link":"https:\/\/adanaseshaber.com.tr\/?p=30736","title":{"rendered":"En Hamarat Benim 1 A\u011fustos 2022 puan durumu! En Hamarat Benim Meryem ka\u00e7 puan ald\u0131?"},"content":{"rendered":"<p>Kadir Ezildi ile En Hamarat Benim\u2019in yeni sezonu bomba gibi ba\u015flam\u0131\u015f ve ilk haftas\u0131n\u0131 geride b\u0131rakm\u0131\u015ft\u0131. K\u0131sa bir moladan sonra ekrana geri d\u00f6nen Kadir Ezildi, yepyeni yar\u0131\u015fmac\u0131lar\u0131 ve birbirinden muhte\u015fem yepyeni b\u00f6l\u00fcmleriyle evlerinize konuk olmaya devam ediyor. Sevilen g\u00fcnd\u00fcz ku\u015fa\u011f\u0131 program\u0131n\u0131n bu haftaki ilk b\u00f6l\u00fcm\u00fc de merakla bekleniyor. Hem hamaratl\u0131\u011f\u0131n\u0131 hem de temizlikteki iddias\u0131n\u0131 g\u00f6stermek isteyenlerin ba\u015fvurdu\u011fu sevilen yar\u0131\u015fma program\u0131 Kadir Ezildi ile En Hamarat Benim\u2019in yeni haftas\u0131 merakla bekleniyor. Yeni haftada ya\u015fanacaklar ve yeni yar\u0131\u015fmac\u0131lar bir hayli merak ediliyor. Yeni haftan\u0131n ilk b\u00f6l\u00fcm yar\u0131\u015fmac\u0131s\u0131 ise Meryem Han\u0131m oluyor. Peki, En Hamarat Benim 1 A\u011fustos 2022 puan tablosu a\u00e7\u0131kland\u0131 m\u0131? En Hamarat Benim Meryem Han\u0131m ka\u00e7 puan ald\u0131? En Hamarat Benim 231. B\u00f6l\u00fcm puan tablosu nas\u0131l? Kadir Ezildi ka\u00e7 puan verdi? En Hamarat Benim 1 A\u011fustos 2022 kim kazand\u0131? \u0130\u015fte t\u00fcm detaylar\u2026<\/p>\n<p><strong>EN HAMARAT BEN\u0130M 1 A\u011eUSTOS 2022 PUAN TABLOSU (MERYEM)<\/strong><\/p>\n<p>Kadir Ezildi ile En Hamarat Benim\u2019in 1 A\u011fustos 2022 Pazartesi g\u00fcn\u00fcne ait yeni b\u00f6l\u00fcm\u00fcnde yar\u0131\u015fan isim Meryem Han\u0131m oluyor. Yeni haftan\u0131n ilk g\u00fcn\u00fc yar\u0131\u015fmac\u0131s\u0131 olan Meryem Han\u0131m\u0131n temizli\u011fi ve mutfaktaki h\u00fcnerleri merakla bekleniyor. Meryem Han\u0131m\u0131n rakiplerini nas\u0131l a\u011f\u0131rlayaca\u011f\u0131 merak ediliyor. Hen\u00fcz haftan\u0131n ilk yar\u0131\u015fmac\u0131s\u0131 Meryem han\u0131m\u0131n puan tablosu a\u00e7\u0131klanmad\u0131. Rakipleri puanlar\u0131n\u0131 verdikten hemen sonra Meryem Han\u0131m\u0131n puan tablosu a\u00e7\u0131klanacak. Detaylar\u0131 haberimizi takip ederek \u00f6\u011frenebilirsiniz\u2026<\/p>\n<p>Kadir Ezildi ile En Hamarat Benim&#8217;in 1 A\u011fustos 2022 Pazartesi g\u00fcn\u00fc yar\u0131\u015fan ismi Meryam Han\u0131m\u0131n rakiplerinden ald\u0131\u011f\u0131 puanlar \u015f\u00f6yle;<\/p>\n<p>Selda Han\u0131m: 2 puan<\/p>\n<p>Halise Han\u0131m: 3 puan<\/p>\n<p>B\u00fc\u015fra Han\u0131m: 3 puan<\/p>\n<p>Meral Han\u0131m: 2 puan<\/p>\n<p>Toplam: 10 puan<\/p>\n<p><img loading=\"lazy\" decoding=\"async\" class=\"aligncenter wp-image-30739 size-full\" src=\"https:\/\/adanaseshaber.com.tr\/wp-content\/uploads\/2022\/08\/en-hamarat-benim-1-agustos-2022-puan-durumu-en-hamarat-benim-meryem-kac-puan-aldi-1.jpg\" alt=\"\" width=\"1280\" height=\"720\" srcset=\"https:\/\/adanaseshaber.com.tr\/wp-content\/uploads\/2022\/08\/en-hamarat-benim-1-agustos-2022-puan-durumu-en-hamarat-benim-meryem-kac-puan-aldi-1.jpg 1280w, https:\/\/adanaseshaber.com.tr\/wp-content\/uploads\/2022\/08\/en-hamarat-benim-1-agustos-2022-puan-durumu-en-hamarat-benim-meryem-kac-puan-aldi-1-300x169.jpg 300w, https:\/\/adanaseshaber.com.tr\/wp-content\/uploads\/2022\/08\/en-hamarat-benim-1-agustos-2022-puan-durumu-en-hamarat-benim-meryem-kac-puan-aldi-1-1024x576.jpg 1024w, https:\/\/adanaseshaber.com.tr\/wp-content\/uploads\/2022\/08\/en-hamarat-benim-1-agustos-2022-puan-durumu-en-hamarat-benim-meryem-kac-puan-aldi-1-768x432.jpg 768w, https:\/\/adanaseshaber.com.tr\/wp-content\/uploads\/2022\/08\/en-hamarat-benim-1-agustos-2022-puan-durumu-en-hamarat-benim-meryem-kac-puan-aldi-1-390x220.jpg 390w\" sizes=\"auto, (max-width: 1280px) 100vw, 1280px\" \/><\/p>\n<p><strong>EN HAMARAT BEN\u0130M \u00d6D\u00dcLLER\u0130<\/strong><\/p>\n<p>Kadir Ezildi ile En Hamarat Benim\u2019in yeni sezonunda \u00f6d\u00fcllerde de de\u011fi\u015fikli\u011fe gidildi ve \u00f6d\u00fcl say\u0131s\u0131 art\u0131r\u0131ld\u0131. Yar\u0131\u015fmada be\u015finci ve d\u00f6rd\u00fcnc\u00fc olan isimlere mutfak gere\u00e7leri hediye edilirken \u00fc\u00e7\u00fcnc\u00fc olan yar\u0131\u015fmac\u0131ya \u00e7eyrek alt\u0131n, ikinci olan yar\u0131\u015fmac\u0131ya yar\u0131m alt\u0131n ve haftan\u0131n birincisi olan yar\u0131\u015fmac\u0131ya 20 bin TL para \u00f6d\u00fcl\u00fc verilecek.<\/p>\n","protected":false},"excerpt":{"rendered":"<p>Kadir Ezildi ile En Hamarat Benim\u2019in yeni sezonu bomba gibi ba\u015flam\u0131\u015f ve ilk haftas\u0131n\u0131 geride b\u0131rakm\u0131\u015ft\u0131. K\u0131sa bir moladan sonra ekrana geri d\u00f6nen Kadir Ezildi, yepyeni yar\u0131\u015fmac\u0131lar\u0131 ve birbirinden muhte\u015fem yepyeni b\u00f6l\u00fcmleriyle evlerinize konuk olmaya devam ediyor. Sevilen g\u00fcnd\u00fcz ku\u015fa\u011f\u0131 program\u0131n\u0131n bu haftaki ilk b\u00f6l\u00fcm\u00fc de merakla bekleniyor. Hem hamaratl\u0131\u011f\u0131n\u0131 hem de temizlikteki iddias\u0131n\u0131 g\u00f6stermek &hellip;<\/p>\n","protected":false},"author":6,"featured_media":30737,"comment_status":"closed","ping_status":"closed","sticky":false,"template":"","format":"standard","meta":{"footnotes":""},"categories":[1],"tags":[],"class_list":["post-30736","post","type-post","status-publish","format-standard","has-post-thumbnail","hentry","category-genel"],"amp_enabled":true,"_links":{"self":[{"href":"https:\/\/adanaseshaber.com.tr\/index.php?rest_route=\/wp\/v2\/posts\/30736","targetHints":{"allow":["GET"]}}],"collection":[{"href":"https:\/\/adanaseshaber.com.tr\/index.php?rest_route=\/wp\/v2\/posts"}],"about":[{"href":"https:\/\/adanaseshaber.com.tr\/index.php?rest_route=\/wp\/v2\/types\/post"}],"author":[{"embeddable":true,"href":"https:\/\/adanaseshaber.com.tr\/index.php?rest_route=\/wp\/v2\/users\/6"}],"replies":[{"embeddable":true,"href":"https:\/\/adanaseshaber.com.tr\/index.php?rest_route=%2Fwp%2Fv2%2Fcomments&post=30736"}],"version-history":[{"count":4,"href":"https:\/\/adanaseshaber.com.tr\/index.php?rest_route=\/wp\/v2\/posts\/30736\/revisions"}],"predecessor-version":[{"id":31060,"href":"https:\/\/adanaseshaber.com.tr\/index.php?rest_route=\/wp\/v2\/posts\/30736\/revisions\/31060"}],"wp:featuredmedia":[{"embeddable":true,"href":"https:\/\/adanaseshaber.com.tr\/index.php?rest_route=\/wp\/v2\/media\/30737"}],"wp:attachment":[{"href":"https:\/\/adanaseshaber.com.tr\/index.php?rest_route=%2Fwp%2Fv2%2Fmedia&parent=30736"}],"wp:term":[{"taxonomy":"category","embeddable":true,"href":"https:\/\/adanaseshaber.com.tr\/index.php?rest_route=%2Fwp%2Fv2%2Fcategories&post=30736"},{"taxonomy":"post_tag","embeddable":true,"href":"https:\/\/adanaseshaber.com.tr\/index.php?rest_route=%2Fwp%2Fv2%2Ftags&post=30736"}],"curies":[{"name":"wp","href":"https:\/\/api.w.org\/{rel}","templated":true}]}}