{"id":30783,"date":"2022-08-01T13:52:55","date_gmt":"2022-08-01T10:52:55","guid":{"rendered":"https:\/\/www.adanaseshaber.com\/?p=30783"},"modified":"2022-08-01T13:53:21","modified_gmt":"2022-08-01T10:53:21","slug":"istanbul-emlakcilar-odasi-baskani-acikladi-ev-kiralari-4-bin-lira-birden-dusecek","status":"publish","type":"post","link":"https:\/\/adanaseshaber.com.tr\/?p=30783","title":{"rendered":"\u0130stanbul Emlak\u00e7\u0131lar Odas\u0131 Ba\u015fkan\u0131 a\u00e7\u0131klad\u0131: Ev kiralar\u0131 4 bin lira birden d\u00fc\u015fecek"},"content":{"rendered":"<p>Son d\u00f6nemde artan ev kiralar\u0131 vatanda\u015f\u0131n en b\u00fcy\u00fck sorunlar\u0131ndan biri olarak g\u00fcndeme gelmeye devam ederken art\u0131\u015f\u0131 durdurulamayan ev kiralar\u0131 ile ilgili \u0130stanbul Emlak\u00e7\u0131lar Odas\u0131 Ba\u015fkan\u0131 Nizameddin A\u015fa\u2019dan \u00e7ok konu\u015fulacak bir a\u00e7\u0131klama geldi. Konut piyasas\u0131ndaki hareketli s\u00fcrecin sonuna yakla\u015f\u0131ld\u0131\u011f\u0131n\u0131 s\u00f6yleyen A\u015fa, y\u00fcksek kira fiyatlar\u0131ndan dert yananlar\u0131 sevindirecek bir haber geldi. Son d\u00f6nemde olduk\u00e7a y\u00fckselen ve vatanda\u015f\u0131n cebini bir hayli zorlaya ev kiralar\u0131 ile ilgili \u015fikayetler g\u00fcnden g\u00fcne artmaya ba\u015flad\u0131. Ev kiralar\u0131ndaki y\u00fckseli\u015f vatanda\u015flar\u0131 isyan ettirirken \u0130stanbul Emlak\u00e7\u0131lar Odas\u0131 Ba\u015fkan\u0131 Nizameddin A\u015fa, ev kiralar\u0131nda ciddi bir d\u00fc\u015f\u00fc\u015f olaca\u011f\u0131n\u0131 iddia etti.<\/p>\n<p><strong>K\u0130RALAR 4 B\u0130N TL B\u0130RDEN D\u00dc\u015eECEK \u0130DD\u0130ASI<\/strong><\/p>\n<p>Kiralar\u0131n 4 bin TL birden d\u00fc\u015fece\u011fini s\u00f6yleyen \u0130stanbul Emlak\u00e7\u0131lar Odas\u0131 Ba\u015fkan\u0131 Nizameddin A\u015fa, konut piyasas\u0131ndaki hareketli s\u00fcrecin sonuna yakla\u015f\u0131ld\u0131\u011f\u0131n\u0131 s\u00f6yledi ve kiralarda ciddi d\u00fc\u015f\u00fc\u015fler olaca\u011f\u0131n\u0131 belirtti. Son 1 y\u0131l i\u00e7erisinde ev kiralar\u0131n\u0131n astronomik \u015fekilde art\u0131\u015f s\u00fcrecine girdi\u011fini, 3-4 bin TL\u2019lik kira fiyatlar\u0131n\u0131n 10 bin TL\u2019ye \u00e7\u0131kt\u0131\u011f\u0131n\u0131 s\u00f6yleyen A\u015fa, 1 milyona al\u0131c\u0131 bulamayan evlerin fiyat\u0131n\u0131n ise 3-4 milyon TL oldu\u011funu aktard\u0131. Kiralarda d\u00fc\u015f\u00fc\u015f e\u011filiminin ba\u015flad\u0131\u011f\u0131n\u0131 s\u00f6yleyen A\u015fa, \u2018\u0130ddia ediyorum. 2023\u2019te 10 bin TL\u2019lik evler 6-7 bin TL\u2019ye d\u00fc\u015fecek.\u2019 dedi.<\/p>\n<p><img loading=\"lazy\" decoding=\"async\" class=\"aligncenter wp-image-30791 size-full\" src=\"https:\/\/adanaseshaber.com.tr\/wp-content\/uploads\/2022\/08\/istanbul-emlakcilar-odasi-baskani-acikladi-ev-kiralari-4-bin-lira-birden-dusecek-1.jpg\" alt=\"\" width=\"1280\" height=\"720\" srcset=\"https:\/\/adanaseshaber.com.tr\/wp-content\/uploads\/2022\/08\/istanbul-emlakcilar-odasi-baskani-acikladi-ev-kiralari-4-bin-lira-birden-dusecek-1.jpg 1280w, https:\/\/adanaseshaber.com.tr\/wp-content\/uploads\/2022\/08\/istanbul-emlakcilar-odasi-baskani-acikladi-ev-kiralari-4-bin-lira-birden-dusecek-1-300x169.jpg 300w, https:\/\/adanaseshaber.com.tr\/wp-content\/uploads\/2022\/08\/istanbul-emlakcilar-odasi-baskani-acikladi-ev-kiralari-4-bin-lira-birden-dusecek-1-1024x576.jpg 1024w, https:\/\/adanaseshaber.com.tr\/wp-content\/uploads\/2022\/08\/istanbul-emlakcilar-odasi-baskani-acikladi-ev-kiralari-4-bin-lira-birden-dusecek-1-768x432.jpg 768w, https:\/\/adanaseshaber.com.tr\/wp-content\/uploads\/2022\/08\/istanbul-emlakcilar-odasi-baskani-acikladi-ev-kiralari-4-bin-lira-birden-dusecek-1-390x220.jpg 390w\" sizes=\"auto, (max-width: 1280px) 100vw, 1280px\" \/><\/p>\n<p><strong>TALEP AZALDI<\/strong><\/p>\n<p>Ge\u00e7ti\u011fimiz y\u0131la g\u00f6re \u00e7ok k\u00fc\u00e7\u00fck de olsa fiyatlarda bir d\u00fc\u015f\u00fc\u015f e\u011filimi ba\u015flad\u0131\u011f\u0131n\u0131 s\u00f6yleyen \u0130stanbul Emlak\u00e7\u0131lar Odas\u0131 Ba\u015fkan\u0131 Nizameddin A\u015fa, bunun sebebinin ise talepte azalma olmas\u0131 olarak ifade etti. Dar gelirli vatanda\u015f\u0131n kira art\u0131\u015flar\u0131 sebebiyle b\u00fcy\u00fck s\u0131k\u0131nt\u0131lar ya\u015fad\u0131\u011f\u0131n\u0131 dile getiren A\u015fa, \u2018Bu insanlar\u0131n 10 bin TL kira \u00f6deyebilmesi i\u00e7in ayda 25-30 bin TL kazan\u0131yor olmas\u0131 gerekir. Bu kiralar\u0131 ka\u00e7 ki\u015fi \u00f6deyebilir. Dolay\u0131s\u0131yla insanlar art\u0131k mevcut evinden \u00e7\u0131kmamak i\u00e7in elinden geleni yap\u0131yor.\u2019 dedi. \u015eu an i\u00e7in kiralardaki d\u00fc\u015f\u00fc\u015fte herhangi bir y\u00fczde bilgisi vermenin m\u00fcmk\u00fcn olmad\u0131\u011f\u0131n\u0131 ancak nokta seviyesinde de olsa geriye gidi\u015fin ba\u015flad\u0131\u011f\u0131n\u0131 da ifadelerine ekledi.<\/p>\n","protected":false},"excerpt":{"rendered":"<p>Son d\u00f6nemde artan ev kiralar\u0131 vatanda\u015f\u0131n en b\u00fcy\u00fck sorunlar\u0131ndan biri olarak g\u00fcndeme gelmeye devam ederken art\u0131\u015f\u0131 durdurulamayan ev kiralar\u0131 ile ilgili \u0130stanbul Emlak\u00e7\u0131lar Odas\u0131 Ba\u015fkan\u0131 Nizameddin A\u015fa\u2019dan \u00e7ok konu\u015fulacak bir a\u00e7\u0131klama geldi. Konut piyasas\u0131ndaki hareketli s\u00fcrecin sonuna yakla\u015f\u0131ld\u0131\u011f\u0131n\u0131 s\u00f6yleyen A\u015fa, y\u00fcksek kira fiyatlar\u0131ndan dert yananlar\u0131 sevindirecek bir haber geldi. Son d\u00f6nemde olduk\u00e7a y\u00fckselen ve vatanda\u015f\u0131n &hellip;<\/p>\n","protected":false},"author":6,"featured_media":30788,"comment_status":"closed","ping_status":"closed","sticky":false,"template":"","format":"standard","meta":{"footnotes":""},"categories":[1],"tags":[],"class_list":["post-30783","post","type-post","status-publish","format-standard","has-post-thumbnail","hentry","category-genel"],"amp_enabled":true,"_links":{"self":[{"href":"https:\/\/adanaseshaber.com.tr\/index.php?rest_route=\/wp\/v2\/posts\/30783","targetHints":{"allow":["GET"]}}],"collection":[{"href":"https:\/\/adanaseshaber.com.tr\/index.php?rest_route=\/wp\/v2\/posts"}],"about":[{"href":"https:\/\/adanaseshaber.com.tr\/index.php?rest_route=\/wp\/v2\/types\/post"}],"author":[{"embeddable":true,"href":"https:\/\/adanaseshaber.com.tr\/index.php?rest_route=\/wp\/v2\/users\/6"}],"replies":[{"embeddable":true,"href":"https:\/\/adanaseshaber.com.tr\/index.php?rest_route=%2Fwp%2Fv2%2Fcomments&post=30783"}],"version-history":[{"count":3,"href":"https:\/\/adanaseshaber.com.tr\/index.php?rest_route=\/wp\/v2\/posts\/30783\/revisions"}],"predecessor-version":[{"id":30793,"href":"https:\/\/adanaseshaber.com.tr\/index.php?rest_route=\/wp\/v2\/posts\/30783\/revisions\/30793"}],"wp:featuredmedia":[{"embeddable":true,"href":"https:\/\/adanaseshaber.com.tr\/index.php?rest_route=\/wp\/v2\/media\/30788"}],"wp:attachment":[{"href":"https:\/\/adanaseshaber.com.tr\/index.php?rest_route=%2Fwp%2Fv2%2Fmedia&parent=30783"}],"wp:term":[{"taxonomy":"category","embeddable":true,"href":"https:\/\/adanaseshaber.com.tr\/index.php?rest_route=%2Fwp%2Fv2%2Fcategories&post=30783"},{"taxonomy":"post_tag","embeddable":true,"href":"https:\/\/adanaseshaber.com.tr\/index.php?rest_route=%2Fwp%2Fv2%2Ftags&post=30783"}],"curies":[{"name":"wp","href":"https:\/\/api.w.org\/{rel}","templated":true}]}}