{"id":30808,"date":"2022-08-01T14:19:00","date_gmt":"2022-08-01T11:19:00","guid":{"rendered":"https:\/\/www.adanaseshaber.com\/?p=30808"},"modified":"2022-08-01T14:20:50","modified_gmt":"2022-08-01T11:20:50","slug":"esra-ezmeciye-gelen-gorumcem-babama-kacti-itirafi-saskina-cevirdi","status":"publish","type":"post","link":"https:\/\/adanaseshaber.com.tr\/?p=30808","title":{"rendered":"Esra Ezmeci\u2019ye gelen g\u00f6r\u00fcmcem babama ka\u00e7t\u0131 itiraf\u0131 \u015fa\u015fk\u0131na \u00e7evirdi"},"content":{"rendered":"<p>\u015eimdilerde FOX TV ekranlar\u0131nda Esra Ezmeci ile Kar\u015f\u0131 Kar\u015f\u0131ya program\u0131n\u0131 sunan \u00fcnl\u00fc psikolog Esra Ezmeci, sosyal medya hesab\u0131ndan yapt\u0131\u011f\u0131 soru-cevap etkinli\u011finde kendisine gelen sorular\u0131 yan\u0131tl\u0131yor. S\u0131k s\u0131k bu soru-cevap etkinli\u011fini yapan ve kendisine gelen itiraflar\u0131 sosyal medya hesab\u0131 \u00fczerinden isimsiz ve foto\u011frafs\u0131z bir \u015fekilde payla\u015fan Ezmeci, kendisine gelen sorulara verdi\u011fi yan\u0131tlarla da g\u00fcndemden d\u00fc\u015fm\u00fcyor. Yine sosyal medya hesab\u0131 \u00fczerinden soru-cevap yapan ve kendisine gelen sorular\u0131 ve verdi\u011fi cevaplar\u0131 payla\u015fan Esra Ezmeci\u2019ye gelen itiraflar bir kez daha \u015fa\u015fk\u0131na \u00e7evirdi. \u00d6zellikle \u2018G\u00f6r\u00fcmcem babama ka\u00e7t\u0131. Annemle kaynanam birbirinin sa\u00e7\u0131n\u0131 yoldu ben ne yapmal\u0131y\u0131m?\u2019 sorusunu g\u00f6renler b\u00fcy\u00fck bir \u015fa\u015fk\u0131nl\u0131k ya\u015fad\u0131. \u0130\u015fte detaylar..<\/p>\n<p><strong>G\u00d6R\u00dcMCEM BABAMA KA\u00c7TI<\/strong><\/p>\n<p>\u00dcnl\u00fc psikolog Esra Ezmeci, kendisine sosyal medya hesab\u0131 \u00fczerinden gelen sorular\u0131 tek tek cevapl\u0131yor. \u0130simsiz ve foto\u011frafs\u0131z \u015fekilde kendisine gelen sorular\u0131 sosyal medya hesab\u0131 \u00fczerinden payla\u015fan ve bu sorular\u0131n her birine yan\u0131t veren Esra Ezmeci\u2019ye gelen sorular ise g\u00f6renleri \u015fa\u015f\u0131rt\u0131yor. Yine Esra Ezmeci\u2019ye y\u00f6neltilen bir soru bu kadar\u0131na da pes dedirtti. Ezmeci, \u2018G\u00f6r\u00fcmcem babama ka\u00e7t\u0131. Annemle kaynanam birbirinin sa\u00e7\u0131n\u0131 yoldu ben ne yapmal\u0131y\u0131m?\u2019 sorusuna \u2018Sizin burada evlili\u011finizi koruman\u0131z laz\u0131m. E\u015finizle ili\u015fkinizin bozulmamas\u0131 i\u00e7in bu durumla ilgili hi\u00e7bir ilginiz ve bilginiz olmad\u0131\u011f\u0131n\u0131 anlat\u0131n.\u2019 cevab\u0131n\u0131 verdi.<\/p>\n<p><img loading=\"lazy\" decoding=\"async\" class=\"aligncenter wp-image-30811 size-full\" src=\"https:\/\/adanaseshaber.com.tr\/wp-content\/uploads\/2022\/08\/esra-ezmeciye-gelen-gorumcem-babama-kacti-itirafi-saskina-cevirdi-1.jpg\" alt=\"\" width=\"1280\" height=\"720\" srcset=\"https:\/\/adanaseshaber.com.tr\/wp-content\/uploads\/2022\/08\/esra-ezmeciye-gelen-gorumcem-babama-kacti-itirafi-saskina-cevirdi-1.jpg 1280w, https:\/\/adanaseshaber.com.tr\/wp-content\/uploads\/2022\/08\/esra-ezmeciye-gelen-gorumcem-babama-kacti-itirafi-saskina-cevirdi-1-300x169.jpg 300w, https:\/\/adanaseshaber.com.tr\/wp-content\/uploads\/2022\/08\/esra-ezmeciye-gelen-gorumcem-babama-kacti-itirafi-saskina-cevirdi-1-1024x576.jpg 1024w, https:\/\/adanaseshaber.com.tr\/wp-content\/uploads\/2022\/08\/esra-ezmeciye-gelen-gorumcem-babama-kacti-itirafi-saskina-cevirdi-1-768x432.jpg 768w, https:\/\/adanaseshaber.com.tr\/wp-content\/uploads\/2022\/08\/esra-ezmeciye-gelen-gorumcem-babama-kacti-itirafi-saskina-cevirdi-1-390x220.jpg 390w\" sizes=\"auto, (max-width: 1280px) 100vw, 1280px\" \/><\/p>\n<p><strong>TUZLU SU VE \u00c7APALAMA UYGULAMALARI DA \u00c7OK KONU\u015eULUYOR<\/strong><\/p>\n<p>\u00dcnl\u00fc psikolog Esra Ezmeci, hemen hemen her ak\u015fam sosyal medya hesab\u0131 \u00fczerinden soru-cevap etkinli\u011fi yap\u0131yor ve kendisine y\u00f6neltilen sorular\u0131 tek tek yan\u0131tl\u0131yor. Bunun yan\u0131 s\u0131ra Ezmeci\u2019nin tuzlu su ve \u00e7apalama uygulamalar\u0131 da \u00e7ok konu\u015fuluyor. Tuzlu su ve \u00e7apalama uygulamalar\u0131 ile ilgili baz\u0131 teknikler anlatan Ezmeci, ili\u015fkilerin g\u00fc\u00e7lenmesine de katk\u0131 sa\u011fl\u0131yor.<\/p>\n","protected":false},"excerpt":{"rendered":"<p>\u015eimdilerde FOX TV ekranlar\u0131nda Esra Ezmeci ile Kar\u015f\u0131 Kar\u015f\u0131ya program\u0131n\u0131 sunan \u00fcnl\u00fc psikolog Esra Ezmeci, sosyal medya hesab\u0131ndan yapt\u0131\u011f\u0131 soru-cevap etkinli\u011finde kendisine gelen sorular\u0131 yan\u0131tl\u0131yor. S\u0131k s\u0131k bu soru-cevap etkinli\u011fini yapan ve kendisine gelen itiraflar\u0131 sosyal medya hesab\u0131 \u00fczerinden isimsiz ve foto\u011frafs\u0131z bir \u015fekilde payla\u015fan Ezmeci, kendisine gelen sorulara verdi\u011fi yan\u0131tlarla da g\u00fcndemden d\u00fc\u015fm\u00fcyor. Yine &hellip;<\/p>\n","protected":false},"author":6,"featured_media":30809,"comment_status":"closed","ping_status":"closed","sticky":false,"template":"","format":"standard","meta":{"footnotes":""},"categories":[15431],"tags":[],"class_list":["post-30808","post","type-post","status-publish","format-standard","has-post-thumbnail","hentry","category-medya"],"amp_enabled":true,"_links":{"self":[{"href":"https:\/\/adanaseshaber.com.tr\/index.php?rest_route=\/wp\/v2\/posts\/30808","targetHints":{"allow":["GET"]}}],"collection":[{"href":"https:\/\/adanaseshaber.com.tr\/index.php?rest_route=\/wp\/v2\/posts"}],"about":[{"href":"https:\/\/adanaseshaber.com.tr\/index.php?rest_route=\/wp\/v2\/types\/post"}],"author":[{"embeddable":true,"href":"https:\/\/adanaseshaber.com.tr\/index.php?rest_route=\/wp\/v2\/users\/6"}],"replies":[{"embeddable":true,"href":"https:\/\/adanaseshaber.com.tr\/index.php?rest_route=%2Fwp%2Fv2%2Fcomments&post=30808"}],"version-history":[{"count":3,"href":"https:\/\/adanaseshaber.com.tr\/index.php?rest_route=\/wp\/v2\/posts\/30808\/revisions"}],"predecessor-version":[{"id":30813,"href":"https:\/\/adanaseshaber.com.tr\/index.php?rest_route=\/wp\/v2\/posts\/30808\/revisions\/30813"}],"wp:featuredmedia":[{"embeddable":true,"href":"https:\/\/adanaseshaber.com.tr\/index.php?rest_route=\/wp\/v2\/media\/30809"}],"wp:attachment":[{"href":"https:\/\/adanaseshaber.com.tr\/index.php?rest_route=%2Fwp%2Fv2%2Fmedia&parent=30808"}],"wp:term":[{"taxonomy":"category","embeddable":true,"href":"https:\/\/adanaseshaber.com.tr\/index.php?rest_route=%2Fwp%2Fv2%2Fcategories&post=30808"},{"taxonomy":"post_tag","embeddable":true,"href":"https:\/\/adanaseshaber.com.tr\/index.php?rest_route=%2Fwp%2Fv2%2Ftags&post=30808"}],"curies":[{"name":"wp","href":"https:\/\/api.w.org\/{rel}","templated":true}]}}