{"id":30824,"date":"2022-08-01T14:43:23","date_gmt":"2022-08-01T11:43:23","guid":{"rendered":"https:\/\/www.adanaseshaber.com\/?p=30824"},"modified":"2022-08-01T14:44:07","modified_gmt":"2022-08-01T11:44:07","slug":"tuvana-turkay-ve-izzet-antebi-opusurken-goruntulendi","status":"publish","type":"post","link":"https:\/\/adanaseshaber.com.tr\/?p=30824","title":{"rendered":"Tuvana T\u00fcrkay ve \u0130zzet Antebi \u00f6p\u00fc\u015f\u00fcrken g\u00f6r\u00fcnt\u00fclendi"},"content":{"rendered":"<p>Son d\u00f6nemde \u00f6zel hayat\u0131yla g\u00fcndemden d\u00fc\u015fmeyen \u00fcnl\u00fc i\u015f insan\u0131 \u0130zzet Antebi\u2019nin evli oldu\u011fu d\u00f6nemde \u00fcnl\u00fc manken \u00c7a\u011fla \u015eikel mesajlar\u0131 if\u015fa olmu\u015f ve if\u015fa olan mesajla\u015fma g\u00fcnlerce konu\u015fulmu\u015ftu. \u015eimdilerde \u00fcnl\u00fc oyuncu Tuvana T\u00fcrkay ile a\u015fk ya\u015fayan Antebi, \u00f6zel hayat\u0131yla magazin man\u015fetlerinin en \u00fcst s\u0131ralar\u0131nda yer almaya devam ediyor. Tatile \u00e7\u0131kan \u00e7iftin denizin ortas\u0131nda a\u015fka geldi\u011fi anlar kameralara saniye saniye yans\u0131d\u0131. Cennet Koyu\u2019nda yaz\u0131n tad\u0131n\u0131 \u00e7\u0131karan Tuvana T\u00fcrkay ve \u0130zzet Antebi, plajda \u00f6p\u00fc\u015f\u00fcrken g\u00f6r\u00fcnt\u00fclendi. Bot \u00fczerinde g\u00fcne\u015flenen \u00e7iftin bir ara \u00f6p\u00fc\u015f\u00fcrken objektiflere tak\u0131lmas\u0131 g\u00fcn\u00fcn en \u00e7ok konu\u015fulan haberi oldu. Magazincilerin kendilerini g\u00f6r\u00fcnt\u00fcledi\u011fini g\u00f6ren Tuvana T\u00fcrkay ve \u0130zzet Antebi, g\u00fcl\u00fcmseyerek kameralara el sallad\u0131.<\/p>\n<p><strong>TAT\u0130LDE A\u015eKA GELD\u0130LER<\/strong><\/p>\n<p>Son d\u00f6nemde magazin man\u015fetlerinden d\u00fc\u015fmeyen \u00fcnl\u00fc i\u015f insan\u0131 \u0130zzet Antebi, oyuncu sevgilisi Tuvana T\u00fcrkay\u2019la tatilin tad\u0131n\u0131 \u00e7\u0131kar\u0131yor. \u0130li\u015fkileri mutlu bir \u015fekilde devam eden T\u00fcrkay ve Antebi \u00e7ifti, bir s\u00fcredir Bodrum\u2019da denizin tad\u0131n\u0131 \u00e7\u0131kar\u0131yor. \u00d6nceki g\u00fcn Cennet Koyu\u2019nda g\u00f6r\u00fcnt\u00fclenen \u00fcnl\u00fc \u00e7ift, plajda a\u015fka geldi. Bot \u00fczerinde g\u00fcne\u015flenen \u00e7iftin bir ara \u00f6p\u00fc\u015f\u00fcrken objektiflere tak\u0131ld\u0131\u011f\u0131 g\u00f6r\u00fcld\u00fc. Bas\u0131n mensuplar\u0131n\u0131n kendilerini g\u00f6r\u00fcnt\u00fcledi\u011fini fark eden T\u00fcrkay ve Antebi, g\u00fcl\u00fcmseyerek kameralara el sallad\u0131.<\/p>\n<p><img loading=\"lazy\" decoding=\"async\" class=\"aligncenter wp-image-30827 size-full\" src=\"https:\/\/adanaseshaber.com.tr\/wp-content\/uploads\/2022\/08\/tuvana-turkay-ve-izzet-antebi-opusurken-goruntulendi-1.jpg\" alt=\"\" width=\"1280\" height=\"720\" srcset=\"https:\/\/adanaseshaber.com.tr\/wp-content\/uploads\/2022\/08\/tuvana-turkay-ve-izzet-antebi-opusurken-goruntulendi-1.jpg 1280w, https:\/\/adanaseshaber.com.tr\/wp-content\/uploads\/2022\/08\/tuvana-turkay-ve-izzet-antebi-opusurken-goruntulendi-1-300x169.jpg 300w, https:\/\/adanaseshaber.com.tr\/wp-content\/uploads\/2022\/08\/tuvana-turkay-ve-izzet-antebi-opusurken-goruntulendi-1-1024x576.jpg 1024w, https:\/\/adanaseshaber.com.tr\/wp-content\/uploads\/2022\/08\/tuvana-turkay-ve-izzet-antebi-opusurken-goruntulendi-1-768x432.jpg 768w, https:\/\/adanaseshaber.com.tr\/wp-content\/uploads\/2022\/08\/tuvana-turkay-ve-izzet-antebi-opusurken-goruntulendi-1-390x220.jpg 390w\" sizes=\"auto, (max-width: 1280px) 100vw, 1280px\" \/><\/p>\n<p><strong>\u00c7A\u011eLA \u015e\u0130KEL \u0130LE MESAJLARI \u0130F\u015eA OLMU\u015eTU<\/strong><\/p>\n<p>\u00d6te yandan \u00fcnl\u00fc i\u015f insan\u0131 \u0130zzet Antebi ile \u00fcnl\u00fc manken \u00c7a\u011fla \u015eikel\u2019in ge\u00e7ti\u011fimiz haftalarda if\u015fa olan mesajlar\u0131 magazin g\u00fcndemine bomba gibi d\u00fc\u015fm\u00fc\u015ft\u00fc. \u0130zzet Antebi\u2019nin eski e\u015fi Duygu Sar\u0131, \u015fahsi sosyal medya hesab\u0131ndan pe\u015f pe\u015fe payla\u015f\u0131mlar yapm\u0131\u015f ve evli oldu\u011fu d\u00f6nemde \u0130zzet Antebi ile \u00c7a\u011fla \u015eikel aras\u0131nda ge\u00e7en konu\u015fmay\u0131 if\u015fa etmi\u015fti. S\u00f6z konusu mesajlarda Antebi\u2019nin \u015eikel\u2019e \u2018D\u00fcnya g\u00fczeli\u2019 dedi\u011fi, \u015eikel\u2019in de \u2018B\u00fct\u00fcn gece akl\u0131m sendeydi\u2019 yazd\u0131\u011f\u0131 g\u00f6r\u00fcld\u00fc.<\/p>\n","protected":false},"excerpt":{"rendered":"<p>Son d\u00f6nemde \u00f6zel hayat\u0131yla g\u00fcndemden d\u00fc\u015fmeyen \u00fcnl\u00fc i\u015f insan\u0131 \u0130zzet Antebi\u2019nin evli oldu\u011fu d\u00f6nemde \u00fcnl\u00fc manken \u00c7a\u011fla \u015eikel mesajlar\u0131 if\u015fa olmu\u015f ve if\u015fa olan mesajla\u015fma g\u00fcnlerce konu\u015fulmu\u015ftu. \u015eimdilerde \u00fcnl\u00fc oyuncu Tuvana T\u00fcrkay ile a\u015fk ya\u015fayan Antebi, \u00f6zel hayat\u0131yla magazin man\u015fetlerinin en \u00fcst s\u0131ralar\u0131nda yer almaya devam ediyor. Tatile \u00e7\u0131kan \u00e7iftin denizin ortas\u0131nda a\u015fka geldi\u011fi anlar &hellip;<\/p>\n","protected":false},"author":6,"featured_media":30825,"comment_status":"closed","ping_status":"closed","sticky":false,"template":"","format":"standard","meta":{"footnotes":""},"categories":[15431],"tags":[],"class_list":["post-30824","post","type-post","status-publish","format-standard","has-post-thumbnail","hentry","category-medya"],"amp_enabled":true,"_links":{"self":[{"href":"https:\/\/adanaseshaber.com.tr\/index.php?rest_route=\/wp\/v2\/posts\/30824","targetHints":{"allow":["GET"]}}],"collection":[{"href":"https:\/\/adanaseshaber.com.tr\/index.php?rest_route=\/wp\/v2\/posts"}],"about":[{"href":"https:\/\/adanaseshaber.com.tr\/index.php?rest_route=\/wp\/v2\/types\/post"}],"author":[{"embeddable":true,"href":"https:\/\/adanaseshaber.com.tr\/index.php?rest_route=\/wp\/v2\/users\/6"}],"replies":[{"embeddable":true,"href":"https:\/\/adanaseshaber.com.tr\/index.php?rest_route=%2Fwp%2Fv2%2Fcomments&post=30824"}],"version-history":[{"count":2,"href":"https:\/\/adanaseshaber.com.tr\/index.php?rest_route=\/wp\/v2\/posts\/30824\/revisions"}],"predecessor-version":[{"id":30828,"href":"https:\/\/adanaseshaber.com.tr\/index.php?rest_route=\/wp\/v2\/posts\/30824\/revisions\/30828"}],"wp:featuredmedia":[{"embeddable":true,"href":"https:\/\/adanaseshaber.com.tr\/index.php?rest_route=\/wp\/v2\/media\/30825"}],"wp:attachment":[{"href":"https:\/\/adanaseshaber.com.tr\/index.php?rest_route=%2Fwp%2Fv2%2Fmedia&parent=30824"}],"wp:term":[{"taxonomy":"category","embeddable":true,"href":"https:\/\/adanaseshaber.com.tr\/index.php?rest_route=%2Fwp%2Fv2%2Fcategories&post=30824"},{"taxonomy":"post_tag","embeddable":true,"href":"https:\/\/adanaseshaber.com.tr\/index.php?rest_route=%2Fwp%2Fv2%2Ftags&post=30824"}],"curies":[{"name":"wp","href":"https:\/\/api.w.org\/{rel}","templated":true}]}}