{"id":30834,"date":"2022-08-01T14:53:10","date_gmt":"2022-08-01T11:53:10","guid":{"rendered":"https:\/\/www.adanaseshaber.com\/?p=30834"},"modified":"2022-08-01T15:01:36","modified_gmt":"2022-08-01T12:01:36","slug":"ptt-iscileri-turkiye-genelinde-is-birakti","status":"publish","type":"post","link":"https:\/\/adanaseshaber.com.tr\/?p=30834","title":{"rendered":"PTT i\u015f\u00e7ileri T\u00fcrkiye genelinde i\u015f b\u0131rakt\u0131"},"content":{"rendered":"<p>PTT\u2019nin i\u015f\u00e7ileri \u00fclke genelinde eyleme ba\u015flad\u0131. Yeni s\u00f6zle\u015fmeyi protesto eden PTT\u2019nin ta\u015feron i\u015f\u00e7ileri T\u00fcrkiye genelinde eylem yapmaya ba\u015flad\u0131. Sonuna kadar eylemlerini devam ettireceklerini belirten i\u015f\u00e7iler, d\u00fc\u015f\u00fck maa\u015f\u0131 taahh\u00fct eden s\u00f6zle\u015fmeye imza atmaya mecbur b\u0131rak\u0131ld\u0131klar\u0131n\u0131 iddia etti ve kendilerine mobbing uyguland\u0131\u011f\u0131n\u0131 \u00f6ne s\u00fcrd\u00fc. Yeni s\u00f6zle\u015fmeyi kabul etmeyeceklerini s\u00f6yleyen ve \u00fclke genelinde i\u015f b\u0131rakma eylemine ge\u00e7en PTT i\u015f\u00e7ileri, haklar\u0131n\u0131 alana kadar ba\u015flad\u0131klar\u0131 eylemi s\u00fcrd\u00fcreceklerini belirtti. Yeni hayat \u015fartlar\u0131nda yeni maa\u015flar\u0131n\u0131n kendileri i\u00e7in yeterli olmad\u0131\u011f\u0131n\u0131 dile getiren PTT\u2019nin ta\u015feron i\u015f\u00e7ileri, daha \u00f6nceki bireysel s\u00f6zle\u015fmelerinde asgari \u00fccretin y\u00fczde 35 fazlas\u0131n\u0131 al\u0131yorken yeni s\u00f6zle\u015fmede ise y\u00fczde 15 alacak olmalar\u0131na isyan etti.<\/p>\n<p><b>PTT \u0130\u015e\u00c7\u0130LER\u0130 EYLEMDE<\/b><\/p>\n<p>PTT&#8217;nin ta\u015feron i\u015f\u00e7ileri, \u00fclke genelinde eyleme ba\u015flad\u0131. \u0130\u015f\u00e7ileri, daha \u00f6nce bireysel s\u00f6zle\u015fmelerinde asgari \u00fccretin y\u00fczde 35 fazlas\u0131n\u0131 al\u0131yorken yeni s\u00f6zle\u015fmelerinde y\u00fczde 15 alacak olmalar\u0131na tepki g\u00f6sterdi ve \u00fclke genelinde i\u015f b\u0131rakma eylemine ge\u00e7ti.<\/p>\n<p><strong>YEN\u0130 S\u00d6ZLE\u015eMEY\u0130 KABUL ETM\u0130YORLAR<\/strong><\/p>\n<p>D\u00fc\u015f\u00fck maa\u015f\u0131 taahh\u00fct eden s\u00f6zle\u015fmeye imza atmaya mecbur b\u0131rak\u0131ld\u0131klar\u0131n\u0131 iddia eden i\u015f\u00e7iler, kendilerine mobbing uyguland\u0131\u011f\u0131 iddias\u0131yla toplu halde i\u015f b\u0131rakma karar\u0131 ald\u0131. Yeni s\u00f6zle\u015fmeyi kabul etmeyeceklerini belirten PTT i\u015f\u00e7ileri, haklar\u0131n\u0131 alana kadar eylemi devam ettireceklerini bildirdi.<\/p>\n<p><img loading=\"lazy\" decoding=\"async\" class=\"aligncenter wp-image-30841 size-full\" src=\"https:\/\/adanaseshaber.com.tr\/wp-content\/uploads\/2022\/08\/ptt-iscileri-turkiye-genelinde-is-birakti.jpg\" alt=\"\" width=\"1280\" height=\"720\" srcset=\"https:\/\/adanaseshaber.com.tr\/wp-content\/uploads\/2022\/08\/ptt-iscileri-turkiye-genelinde-is-birakti.jpg 1280w, https:\/\/adanaseshaber.com.tr\/wp-content\/uploads\/2022\/08\/ptt-iscileri-turkiye-genelinde-is-birakti-300x169.jpg 300w, https:\/\/adanaseshaber.com.tr\/wp-content\/uploads\/2022\/08\/ptt-iscileri-turkiye-genelinde-is-birakti-1024x576.jpg 1024w, https:\/\/adanaseshaber.com.tr\/wp-content\/uploads\/2022\/08\/ptt-iscileri-turkiye-genelinde-is-birakti-768x432.jpg 768w, https:\/\/adanaseshaber.com.tr\/wp-content\/uploads\/2022\/08\/ptt-iscileri-turkiye-genelinde-is-birakti-390x220.jpg 390w\" sizes=\"auto, (max-width: 1280px) 100vw, 1280px\" \/><\/p>\n<p><strong>&#8216;MAA\u015eIMIZ YETERL\u0130 OLMUYOR&#8217;<\/strong><\/p>\n<p>PTT i\u015f\u00e7isi Fulya Mermerta\u015f, 13 y\u0131ld\u0131r eski s\u00f6zle\u015fmeyle herhangi bir s\u0131k\u0131nt\u0131 ya\u015famadan \u00e7al\u0131\u015ft\u0131\u011f\u0131n\u0131 s\u00f6yledi ve yeni s\u00f6zle\u015fme gere\u011fi bu eylemi ba\u015flatt\u0131klar\u0131n\u0131 belirtti. 13 y\u0131ld\u0131r asgari \u00fccretin y\u00fczde 35 fazlas\u0131yla \u00e7al\u0131\u015ft\u0131\u011f\u0131n\u0131 ve herhangi bir s\u0131k\u0131nt\u0131 ya\u015famad\u0131\u011f\u0131n\u0131 s\u00f6yleyen Fulya Mermerta\u015f, &#8216;Bug\u00fcne kadar hi\u00e7 de\u011fi\u015ftirilmemi\u015f bir s\u00f6zle\u015fme. Yeni haliyle y\u00fczde 15&#8217;e d\u00fc\u015f\u00fcr\u00fcl\u00fcyor. Bu \u015fekilde baya\u011f\u0131 kayb\u0131m\u0131z olu\u015fuyor. Yeni hayat \u015fartlar\u0131nda yeni maa\u015f\u0131m\u0131z bizim i\u00e7in yeterli olmuyor. Bunun yan\u0131nda ek kesintiler, \u00e7ok fazla a\u011f\u0131r \u015fartlar konuluyor. Bunun de\u011fi\u015fmesine direnmek i\u00e7in buraday\u0131z.&#8217; ifadelerini kulland\u0131.<\/p>\n","protected":false},"excerpt":{"rendered":"<p>PTT\u2019nin i\u015f\u00e7ileri \u00fclke genelinde eyleme ba\u015flad\u0131. Yeni s\u00f6zle\u015fmeyi protesto eden PTT\u2019nin ta\u015feron i\u015f\u00e7ileri T\u00fcrkiye genelinde eylem yapmaya ba\u015flad\u0131. Sonuna kadar eylemlerini devam ettireceklerini belirten i\u015f\u00e7iler, d\u00fc\u015f\u00fck maa\u015f\u0131 taahh\u00fct eden s\u00f6zle\u015fmeye imza atmaya mecbur b\u0131rak\u0131ld\u0131klar\u0131n\u0131 iddia etti ve kendilerine mobbing uyguland\u0131\u011f\u0131n\u0131 \u00f6ne s\u00fcrd\u00fc. Yeni s\u00f6zle\u015fmeyi kabul etmeyeceklerini s\u00f6yleyen ve \u00fclke genelinde i\u015f b\u0131rakma eylemine ge\u00e7en PTT &hellip;<\/p>\n","protected":false},"author":6,"featured_media":30836,"comment_status":"closed","ping_status":"closed","sticky":false,"template":"","format":"standard","meta":{"footnotes":""},"categories":[1],"tags":[],"class_list":["post-30834","post","type-post","status-publish","format-standard","has-post-thumbnail","hentry","category-genel"],"amp_enabled":true,"_links":{"self":[{"href":"https:\/\/adanaseshaber.com.tr\/index.php?rest_route=\/wp\/v2\/posts\/30834","targetHints":{"allow":["GET"]}}],"collection":[{"href":"https:\/\/adanaseshaber.com.tr\/index.php?rest_route=\/wp\/v2\/posts"}],"about":[{"href":"https:\/\/adanaseshaber.com.tr\/index.php?rest_route=\/wp\/v2\/types\/post"}],"author":[{"embeddable":true,"href":"https:\/\/adanaseshaber.com.tr\/index.php?rest_route=\/wp\/v2\/users\/6"}],"replies":[{"embeddable":true,"href":"https:\/\/adanaseshaber.com.tr\/index.php?rest_route=%2Fwp%2Fv2%2Fcomments&post=30834"}],"version-history":[{"count":4,"href":"https:\/\/adanaseshaber.com.tr\/index.php?rest_route=\/wp\/v2\/posts\/30834\/revisions"}],"predecessor-version":[{"id":30842,"href":"https:\/\/adanaseshaber.com.tr\/index.php?rest_route=\/wp\/v2\/posts\/30834\/revisions\/30842"}],"wp:featuredmedia":[{"embeddable":true,"href":"https:\/\/adanaseshaber.com.tr\/index.php?rest_route=\/wp\/v2\/media\/30836"}],"wp:attachment":[{"href":"https:\/\/adanaseshaber.com.tr\/index.php?rest_route=%2Fwp%2Fv2%2Fmedia&parent=30834"}],"wp:term":[{"taxonomy":"category","embeddable":true,"href":"https:\/\/adanaseshaber.com.tr\/index.php?rest_route=%2Fwp%2Fv2%2Fcategories&post=30834"},{"taxonomy":"post_tag","embeddable":true,"href":"https:\/\/adanaseshaber.com.tr\/index.php?rest_route=%2Fwp%2Fv2%2Ftags&post=30834"}],"curies":[{"name":"wp","href":"https:\/\/api.w.org\/{rel}","templated":true}]}}