{"id":30871,"date":"2022-08-01T15:45:58","date_gmt":"2022-08-01T12:45:58","guid":{"rendered":"https:\/\/www.adanaseshaber.com\/?p=30871"},"modified":"2022-08-01T15:47:18","modified_gmt":"2022-08-01T12:47:18","slug":"caglar-oktenin-oglundan-seda-sayan-tepkisi-o-benim-annem-degil","status":"publish","type":"post","link":"https:\/\/adanaseshaber.com.tr\/?p=30871","title":{"rendered":"\u00c7a\u011flar \u00d6kten\u2019in o\u011flundan Seda Sayan tepkisi: O benim annem de\u011fil"},"content":{"rendered":"<p>\u00dcnl\u00fc \u015fark\u0131c\u0131 Seda Sayan, m\u00fczisyen \u00c7a\u011flar \u00d6kten ile hayat\u0131n\u0131 birle\u015ftirmi\u015fti. A\u015fklar\u0131 ile magazin g\u00fcndeminde s\u0131k s\u0131k kendilerine yer bulan Sayan ve \u00d6kten \u00e7ifti g\u00fcndemden d\u00fc\u015fm\u00fcyor. Bu kez \u00c7a\u011flar \u00d6kten\u2019in o\u011flu Artur \u00d6kten\u2019in \u00e7\u0131k\u0131\u015f\u0131 ile g\u00fcndeme gelen Seda Sayan\u2019\u0131n Artur \u00d6kten\u2019in kendisiyle ilgili verdi\u011fi tepkiye nas\u0131l bir yan\u0131t verece\u011fi merak konusu oldu. \u00c7a\u011flar \u00d6kten\u2019in o\u011flu Artur \u00d6kten, bir takip\u00e7isi taraf\u0131ndan kendisine gelen yoruma herkesi \u015fa\u015f\u0131rtan bir yan\u0131t verdi. Takip\u00e7isinin \u2018S\u0131rt\u0131n yere gelmez o\u011flum, Seda annen var\u2019 yorumuna \u015fa\u015f\u0131rtan bir yan\u0131t veren Artur \u00d6kten\u2019in bu yorumu magazin g\u00fcndemine bomba gibi d\u00fc\u015ferken g\u00f6zler Seda Sayan\u2019a \u00e7evrildi. \u0130\u015fte Artur \u00d6kten\u2019in g\u00fcndem olan o cevab\u0131 ve t\u00fcm detaylar\u2026<\/p>\n<p><strong>TAK\u0130P\u00c7\u0130S\u0130N\u0130N YORUMUNA S\u0130N\u0130RLEND\u0130<\/strong><\/p>\n<p>\u00c7a\u011flar \u00d6kten\u2019in o\u011flu Artur \u00d6kten, sosyal medya hesab\u0131 \u00fczerinden kendisine gelen bir yoruma sinirlendi. Bir takip\u00e7isinin kendisine Seda Sayan \u00fczerinden yorum yapmas\u0131na sinirlenen Artur \u00d6kten\u2019in cevab\u0131 ise magazin g\u00fcndemine bomba gibi d\u00fc\u015ft\u00fc. Artur \u00d6kten\u2019e gelen yorum \u015fu \u015fekilde; \u2018S\u0131rt\u0131n yere gelmez o\u011flum, Seda annen var.\u2019<\/p>\n<p><img loading=\"lazy\" decoding=\"async\" class=\"aligncenter wp-image-30876 size-full\" src=\"https:\/\/adanaseshaber.com.tr\/wp-content\/uploads\/2022\/08\/caglar-oktenin-oglundan-seda-sayan-tepkisi-o-benim-annem-degil-1.jpg\" alt=\"\" width=\"1280\" height=\"720\" srcset=\"https:\/\/adanaseshaber.com.tr\/wp-content\/uploads\/2022\/08\/caglar-oktenin-oglundan-seda-sayan-tepkisi-o-benim-annem-degil-1.jpg 1280w, https:\/\/adanaseshaber.com.tr\/wp-content\/uploads\/2022\/08\/caglar-oktenin-oglundan-seda-sayan-tepkisi-o-benim-annem-degil-1-300x169.jpg 300w, https:\/\/adanaseshaber.com.tr\/wp-content\/uploads\/2022\/08\/caglar-oktenin-oglundan-seda-sayan-tepkisi-o-benim-annem-degil-1-1024x576.jpg 1024w, https:\/\/adanaseshaber.com.tr\/wp-content\/uploads\/2022\/08\/caglar-oktenin-oglundan-seda-sayan-tepkisi-o-benim-annem-degil-1-768x432.jpg 768w, https:\/\/adanaseshaber.com.tr\/wp-content\/uploads\/2022\/08\/caglar-oktenin-oglundan-seda-sayan-tepkisi-o-benim-annem-degil-1-390x220.jpg 390w\" sizes=\"auto, (max-width: 1280px) 100vw, 1280px\" \/><\/p>\n<p><strong>\u2018SEDA BEN\u0130M ANNEM DE\u011e\u0130L\u2019<\/strong><\/p>\n<p>Instagram hesab\u0131n\u0131 olduk\u00e7a aktif kullanan 12 ya\u015f\u0131ndaki Artur \u00d6kten, takip\u00e7isinin kendisine Seda Sayan \u00fczerinden yapt\u0131\u011f\u0131 yoruma jet h\u0131z\u0131yla yan\u0131t geldi. Artur, \u2018\u20191- Seda benim annem de\u011fil, ben ona \u2018Abla\u2019 diyorum. 2- Benim s\u0131rt\u0131m ger\u00e7ek annem sayesinde yere de\u011fmez, o benim arkamda. Seda abla de\u011fil.\u2019 yan\u0131t\u0131yla g\u00fcndem oldu<\/p>\n<p>&nbsp;<\/p>\n","protected":false},"excerpt":{"rendered":"<p>\u00dcnl\u00fc \u015fark\u0131c\u0131 Seda Sayan, m\u00fczisyen \u00c7a\u011flar \u00d6kten ile hayat\u0131n\u0131 birle\u015ftirmi\u015fti. A\u015fklar\u0131 ile magazin g\u00fcndeminde s\u0131k s\u0131k kendilerine yer bulan Sayan ve \u00d6kten \u00e7ifti g\u00fcndemden d\u00fc\u015fm\u00fcyor. Bu kez \u00c7a\u011flar \u00d6kten\u2019in o\u011flu Artur \u00d6kten\u2019in \u00e7\u0131k\u0131\u015f\u0131 ile g\u00fcndeme gelen Seda Sayan\u2019\u0131n Artur \u00d6kten\u2019in kendisiyle ilgili verdi\u011fi tepkiye nas\u0131l bir yan\u0131t verece\u011fi merak konusu oldu. \u00c7a\u011flar \u00d6kten\u2019in o\u011flu Artur &hellip;<\/p>\n","protected":false},"author":6,"featured_media":30872,"comment_status":"closed","ping_status":"closed","sticky":false,"template":"","format":"standard","meta":{"footnotes":""},"categories":[15431],"tags":[],"class_list":["post-30871","post","type-post","status-publish","format-standard","has-post-thumbnail","hentry","category-medya"],"amp_enabled":true,"_links":{"self":[{"href":"https:\/\/adanaseshaber.com.tr\/index.php?rest_route=\/wp\/v2\/posts\/30871","targetHints":{"allow":["GET"]}}],"collection":[{"href":"https:\/\/adanaseshaber.com.tr\/index.php?rest_route=\/wp\/v2\/posts"}],"about":[{"href":"https:\/\/adanaseshaber.com.tr\/index.php?rest_route=\/wp\/v2\/types\/post"}],"author":[{"embeddable":true,"href":"https:\/\/adanaseshaber.com.tr\/index.php?rest_route=\/wp\/v2\/users\/6"}],"replies":[{"embeddable":true,"href":"https:\/\/adanaseshaber.com.tr\/index.php?rest_route=%2Fwp%2Fv2%2Fcomments&post=30871"}],"version-history":[{"count":4,"href":"https:\/\/adanaseshaber.com.tr\/index.php?rest_route=\/wp\/v2\/posts\/30871\/revisions"}],"predecessor-version":[{"id":30878,"href":"https:\/\/adanaseshaber.com.tr\/index.php?rest_route=\/wp\/v2\/posts\/30871\/revisions\/30878"}],"wp:featuredmedia":[{"embeddable":true,"href":"https:\/\/adanaseshaber.com.tr\/index.php?rest_route=\/wp\/v2\/media\/30872"}],"wp:attachment":[{"href":"https:\/\/adanaseshaber.com.tr\/index.php?rest_route=%2Fwp%2Fv2%2Fmedia&parent=30871"}],"wp:term":[{"taxonomy":"category","embeddable":true,"href":"https:\/\/adanaseshaber.com.tr\/index.php?rest_route=%2Fwp%2Fv2%2Fcategories&post=30871"},{"taxonomy":"post_tag","embeddable":true,"href":"https:\/\/adanaseshaber.com.tr\/index.php?rest_route=%2Fwp%2Fv2%2Ftags&post=30871"}],"curies":[{"name":"wp","href":"https:\/\/api.w.org\/{rel}","templated":true}]}}