{"id":30917,"date":"2022-08-01T17:09:49","date_gmt":"2022-08-01T14:09:49","guid":{"rendered":"https:\/\/www.adanaseshaber.com\/?p=30917"},"modified":"2022-08-01T17:17:27","modified_gmt":"2022-08-01T14:17:27","slug":"meclis-acilmadan-tekrar-kapandi-saglik-calisanlari-icin-olaganustu-toplanti-karari-alan-tbmmde-yeterli-sayiya-ulasilamadi","status":"publish","type":"post","link":"https:\/\/adanaseshaber.com.tr\/?p=30917","title":{"rendered":"Meclis a\u00e7\u0131lmadan tekrar kapand\u0131! Sa\u011fl\u0131k \u00e7al\u0131\u015fanlar\u0131 i\u00e7in ola\u011fan\u00fcst\u00fc toplant\u0131 karar\u0131 alan TBMM\u2019de yeterli say\u0131ya ula\u015f\u0131lamad\u0131"},"content":{"rendered":"<p>TBMM Genel Kuru\u015fu, Cumhuriyet Halk Partisi\u2019nin \u00e7a\u011fr\u0131s\u0131yla sa\u011fl\u0131k \u00e7al\u0131\u015fanlar\u0131na \u015fiddeti g\u00f6r\u00fc\u015fmek \u00fczere 1 A\u011fustos 2022 tarihi i\u00e7in ola\u011fan\u00fcst\u00fc toplant\u0131 karar\u0131 alm\u0131\u015ft\u0131. Bug\u00fcn yap\u0131lmas\u0131 beklenen g\u00f6r\u00fc\u015fme yeterli say\u0131ya ula\u015f\u0131lamad\u0131\u011f\u0131 i\u00e7in ger\u00e7ekle\u015ftirilemedi. AK Parti ve MHP, CHP\u2019nin \u015fov yapt\u0131\u011f\u0131n\u0131 belirterek g\u00f6r\u00fc\u015fmeyi reddetti. HDP\u2019nin de kat\u0131lmama karar\u0131yla ola\u011fan\u00fcst\u00fc toplant\u0131 i\u00e7in yeterli vekil say\u0131s\u0131na ula\u015f\u0131lamad\u0131 ve CHP\u2019nin \u00e7a\u011fr\u0131s\u0131 d\u00fc\u015ft\u00fc. G\u00f6zler bug\u00fcn yap\u0131lacak ola\u011fan\u00fcst\u00fc toplant\u0131ya \u00e7evrilirken sa\u011fl\u0131k \u00e7al\u0131\u015fanlar\u0131na \u015fiddeti g\u00f6r\u00fc\u015fmek \u00fczere yap\u0131lmas\u0131 beklenen ola\u011fan\u00fcst\u00fc toplant\u0131 ger\u00e7ekle\u015ftirilemedi. CHP, sa\u011fl\u0131k \u00e7al\u0131\u015fanlar\u0131na \u015fiddeti g\u00f6r\u00fc\u015fmek i\u00e7in TBMM Genel Kurulu\u2019nu ola\u011fan\u00fcst\u00fc toplant\u0131ya \u00e7a\u011f\u0131rm\u0131\u015ft\u0131. Meclis\u2019in 1 A\u011fustos 2022 (bug\u00fcn) sa\u011fl\u0131k \u00e7al\u0131\u015fanlar\u0131na \u015fiddeti g\u00f6r\u00fc\u015fmek \u00fczere ola\u011fan\u00fcst\u00fc toplanmas\u0131 beklenirken toplant\u0131 i\u00e7in yeterli vekil say\u0131s\u0131na ula\u015f\u0131lamad\u0131\u011f\u0131 i\u00e7in toplant\u0131 ger\u00e7ekle\u015ftirilmedi. Meclis, a\u00e7\u0131lmadan kapan\u0131rken CHP\u2019nin \u00e7a\u011fr\u0131s\u0131 da d\u00fc\u015fm\u00fc\u015f oldu.<\/p>\n<p><strong>SA\u011eLIK \u00c7ALI\u015eANLARINA \u015e\u0130DDET G\u00d6R\u00dc\u015e\u00dcLECEKT\u0130<\/strong><\/p>\n<p>CHP, son d\u00f6nemde art\u0131\u015f g\u00f6steren sa\u011fl\u0131k \u00e7al\u0131\u015fanlar\u0131na \u015fiddeti g\u00f6r\u00fc\u015fmek \u00fczere TBMM Genel Kurulu&#8217;nu ola\u011fan\u00fcst\u00fc toplant\u0131ya \u00e7a\u011f\u0131rd\u0131. CHP&#8217;nin \u00e7a\u011fr\u0131s\u0131n\u0131n ard\u0131ndan g\u00f6zler 1 A\u011fustos 2022 tarihine \u00e7evrildi. Bug\u00fcn yap\u0131lmas\u0131 beklenen g\u00f6r\u00fc\u015fme ger\u00e7ekle\u015ftirilemedi. AK Parti ve MHP, CHP&#8217;nin \u015fov yapt\u0131\u011f\u0131n\u0131 belirterek toplant\u0131ya kat\u0131lmama karar\u0131 ald\u0131. Toplant\u0131ya kat\u0131lmama karar\u0131 alan bir di\u011fer siyasi parti ise HDP oldu. AK Parti, MHP ve HDP&#8217;nin toplant\u0131ya kat\u0131lmamas\u0131 sonucunda ola\u011fan\u00fcst\u00fc toplant\u0131 i\u00e7in yeterli vekil say\u0131s\u0131na ula\u015f\u0131lamad\u0131 ve CHP&#8217;nin \u00e7a\u011fr\u0131s\u0131 da d\u00fc\u015fm\u00fc\u015f oldu.<\/p>\n<p><strong>MECL\u0130S 1 EK\u0130M&#8217;DE TOPLANACAK<\/strong><\/p>\n<p>Toplant\u0131 i\u00e7in yeterli \u00e7o\u011funluk sa\u011flanamad\u0131\u011f\u0131 i\u00e7in Meclis&#8217;in daha \u00f6nce a\u00e7\u0131klanan tarih olan 1 Ekim 2022 tarihinde toplanaca\u011f\u0131 bilgisi payla\u015f\u0131ld\u0131.<\/p>\n<p><img loading=\"lazy\" decoding=\"async\" class=\"aligncenter wp-image-30923 size-full\" src=\"https:\/\/adanaseshaber.com.tr\/wp-content\/uploads\/2022\/08\/meclis-acilmadan-tekrar-kapandi-saglik-calisanlari-icin-olaganustu-toplanti-karari-alan-tbmmde-yeterli-sayiya-ulasilamadi-1.jpg\" alt=\"\" width=\"1280\" height=\"720\" srcset=\"https:\/\/adanaseshaber.com.tr\/wp-content\/uploads\/2022\/08\/meclis-acilmadan-tekrar-kapandi-saglik-calisanlari-icin-olaganustu-toplanti-karari-alan-tbmmde-yeterli-sayiya-ulasilamadi-1.jpg 1280w, https:\/\/adanaseshaber.com.tr\/wp-content\/uploads\/2022\/08\/meclis-acilmadan-tekrar-kapandi-saglik-calisanlari-icin-olaganustu-toplanti-karari-alan-tbmmde-yeterli-sayiya-ulasilamadi-1-300x169.jpg 300w, https:\/\/adanaseshaber.com.tr\/wp-content\/uploads\/2022\/08\/meclis-acilmadan-tekrar-kapandi-saglik-calisanlari-icin-olaganustu-toplanti-karari-alan-tbmmde-yeterli-sayiya-ulasilamadi-1-1024x576.jpg 1024w, https:\/\/adanaseshaber.com.tr\/wp-content\/uploads\/2022\/08\/meclis-acilmadan-tekrar-kapandi-saglik-calisanlari-icin-olaganustu-toplanti-karari-alan-tbmmde-yeterli-sayiya-ulasilamadi-1-768x432.jpg 768w, https:\/\/adanaseshaber.com.tr\/wp-content\/uploads\/2022\/08\/meclis-acilmadan-tekrar-kapandi-saglik-calisanlari-icin-olaganustu-toplanti-karari-alan-tbmmde-yeterli-sayiya-ulasilamadi-1-390x220.jpg 390w\" sizes=\"auto, (max-width: 1280px) 100vw, 1280px\" \/><\/p>\n<p><strong>CHP L\u0130DER\u0130 KILI\u00c7DARO\u011eLU&#8217;NDAN A\u00c7IKLAMA<\/strong><\/p>\n<p>Toplant\u0131n\u0131n ger\u00e7ekle\u015ftirilememesi sonras\u0131nda g\u00f6zler CHP&#8217;ye \u00e7evrildi. CHP Genel Ba\u015fkan\u0131 Kemal K\u0131l\u0131\u00e7daro\u011flu, sa\u011fl\u0131kta \u015fiddetin T\u00fcrkiye&#8217;nin temel sorunlar\u0131ndan biri oldu\u011funu s\u00f6yledi ve bu sorunu \u00e7\u00f6zecek olan organ\u0131n da T\u00fcrkiye B\u00fcy\u00fck Millet Meclisi oldu\u011funu belirtti. TBMM&#8217;yi bu ac\u0131 olaylar\u0131 engellemek a\u00e7\u0131s\u0131ndan g\u00f6reve davet ettiklerini s\u00f6yleyen K\u0131l\u0131\u00e7daro\u011flu, &#8216;CHP olarak, \u0130Y\u0130 Parti olarak, Demokrat Parti olarak arkada\u015flar buradalard\u0131. Hepimiz g\u00f6revimizi yapt\u0131k. Parlamentoyu i\u015flevsiz k\u0131lan iki organ, iki temel kurum; AK Parti ve MHP gelmedi. Bundan sonra olacak olan t\u00fcm negatif olaylar\u0131n sorumlusu onlard\u0131r.&#8217; dedi.<\/p>\n<p>&nbsp;<\/p>\n","protected":false},"excerpt":{"rendered":"<p>TBMM Genel Kuru\u015fu, Cumhuriyet Halk Partisi\u2019nin \u00e7a\u011fr\u0131s\u0131yla sa\u011fl\u0131k \u00e7al\u0131\u015fanlar\u0131na \u015fiddeti g\u00f6r\u00fc\u015fmek \u00fczere 1 A\u011fustos 2022 tarihi i\u00e7in ola\u011fan\u00fcst\u00fc toplant\u0131 karar\u0131 alm\u0131\u015ft\u0131. Bug\u00fcn yap\u0131lmas\u0131 beklenen g\u00f6r\u00fc\u015fme yeterli say\u0131ya ula\u015f\u0131lamad\u0131\u011f\u0131 i\u00e7in ger\u00e7ekle\u015ftirilemedi. AK Parti ve MHP, CHP\u2019nin \u015fov yapt\u0131\u011f\u0131n\u0131 belirterek g\u00f6r\u00fc\u015fmeyi reddetti. HDP\u2019nin de kat\u0131lmama karar\u0131yla ola\u011fan\u00fcst\u00fc toplant\u0131 i\u00e7in yeterli vekil say\u0131s\u0131na ula\u015f\u0131lamad\u0131 ve CHP\u2019nin \u00e7a\u011fr\u0131s\u0131 d\u00fc\u015ft\u00fc. &hellip;<\/p>\n","protected":false},"author":6,"featured_media":30918,"comment_status":"closed","ping_status":"closed","sticky":false,"template":"","format":"standard","meta":{"footnotes":""},"categories":[1],"tags":[],"class_list":["post-30917","post","type-post","status-publish","format-standard","has-post-thumbnail","hentry","category-genel"],"amp_enabled":true,"_links":{"self":[{"href":"https:\/\/adanaseshaber.com.tr\/index.php?rest_route=\/wp\/v2\/posts\/30917","targetHints":{"allow":["GET"]}}],"collection":[{"href":"https:\/\/adanaseshaber.com.tr\/index.php?rest_route=\/wp\/v2\/posts"}],"about":[{"href":"https:\/\/adanaseshaber.com.tr\/index.php?rest_route=\/wp\/v2\/types\/post"}],"author":[{"embeddable":true,"href":"https:\/\/adanaseshaber.com.tr\/index.php?rest_route=\/wp\/v2\/users\/6"}],"replies":[{"embeddable":true,"href":"https:\/\/adanaseshaber.com.tr\/index.php?rest_route=%2Fwp%2Fv2%2Fcomments&post=30917"}],"version-history":[{"count":5,"href":"https:\/\/adanaseshaber.com.tr\/index.php?rest_route=\/wp\/v2\/posts\/30917\/revisions"}],"predecessor-version":[{"id":30924,"href":"https:\/\/adanaseshaber.com.tr\/index.php?rest_route=\/wp\/v2\/posts\/30917\/revisions\/30924"}],"wp:featuredmedia":[{"embeddable":true,"href":"https:\/\/adanaseshaber.com.tr\/index.php?rest_route=\/wp\/v2\/media\/30918"}],"wp:attachment":[{"href":"https:\/\/adanaseshaber.com.tr\/index.php?rest_route=%2Fwp%2Fv2%2Fmedia&parent=30917"}],"wp:term":[{"taxonomy":"category","embeddable":true,"href":"https:\/\/adanaseshaber.com.tr\/index.php?rest_route=%2Fwp%2Fv2%2Fcategories&post=30917"},{"taxonomy":"post_tag","embeddable":true,"href":"https:\/\/adanaseshaber.com.tr\/index.php?rest_route=%2Fwp%2Fv2%2Ftags&post=30917"}],"curies":[{"name":"wp","href":"https:\/\/api.w.org\/{rel}","templated":true}]}}