{"id":30946,"date":"2022-08-01T18:23:29","date_gmt":"2022-08-01T15:23:29","guid":{"rendered":"https:\/\/www.adanaseshaber.com\/?p=30946"},"modified":"2022-08-01T18:27:15","modified_gmt":"2022-08-01T15:27:15","slug":"kendini-mehdi-ilan-eden-adam-kadin-muritleriyle-boyle-poz-verdi","status":"publish","type":"post","link":"https:\/\/adanaseshaber.com.tr\/?p=30946","title":{"rendered":"Kendini mehdi ilan eden adam kad\u0131n m\u00fcritleriyle b\u00f6yle poz verdi"},"content":{"rendered":"<p>Kendini mehdi ilan eden Tuncer \u00c7ift\u00e7i isimli \u015fahs\u0131n sosyal medya hesab\u0131ndan payla\u015ft\u0131\u011f\u0131 g\u00f6r\u00fcnt\u00fcler ak\u0131llara Adnan Oktar\u2019\u0131 getirdi. \u2018Bir Adnan Oktar vakas\u0131 daha m\u0131?\u2019 sorular\u0131n\u0131 beraberinde getiren Tuncer \u00c7ift\u00e7inin her bir karesi skandal. Kad\u0131n m\u00fcritlerini videoya ald\u0131\u011f\u0131 anlar\u0131 sosyal medya hesab\u0131ndan payla\u015fan \u00c7ift\u00e7i\u2019nin payla\u015ft\u0131\u011f\u0131 g\u00f6r\u00fcnt\u00fcler g\u00fcndem oldu. \u015eahsi sosyal medya hesab\u0131ndan skandal g\u00f6r\u00fcnt\u00fcler payla\u015fan s\u00f6zde mehdi Tuncer \u00c7ift\u00e7i, 26 Temmuz tarihinde YouTube \u00fczerinden yay\u0131nlad\u0131\u011f\u0131 video ile kendi do\u011fum g\u00fcn\u00fcn\u00fc kutlad\u0131. Yay\u0131nlanan video dikkat \u00e7ekerken k\u0131sa s\u00fcrede g\u00fcndem oldu. Sosyal medya kullan\u0131c\u0131lar\u0131 ise \u00c7ift\u00e7i\u2019ye \u2018Silahl\u0131 mehdi\u2019 lakab\u0131n\u0131 takt\u0131.<\/p>\n<p><strong>G\u00d6R\u00dcNT\u00dcLER G\u00dcNDEM OLDU<\/strong><\/p>\n<p>S\u00fct ve peynir i\u015fiyle u\u011fra\u015fan Tuncer \u00c7ift\u00e7i, 2005 y\u0131l\u0131nda Kocaeli\u2019ye giderek radyo kanal\u0131 kurdu. Radyo kanal\u0131 kurduktan sonra kendini \u2018Mehdi\u2019 ilan eden Tuncer \u00c7ift\u00e7i\u2019nin sosyal medya \u00fczerinden payla\u015ft\u0131\u011f\u0131 videolar g\u00fcndeme bomba gibi d\u00fc\u015ft\u00fc. 26 Temmuz tarihinde YouTube \u00fczerinden video yay\u0131nlayan ve kendi do\u011fum g\u00fcn\u00fcn\u00fc kutlayan Tuncer \u00c7ift\u00e7i\u2019nin l\u00fcks villas\u0131n\u0131n i\u00e7inde elinde silahlarla y\u00fcr\u00fcd\u00fc\u011f\u00fc anlar dikkat \u00e7ekti. Sosyal medya kullan\u0131c\u0131lar\u0131 ise Tuncer \u00c7ift\u00e7i\u2019ye \u2018Silahl\u0131 mehdi\u2019 lakab\u0131n\u0131 takt\u0131.<\/p>\n<p><img loading=\"lazy\" decoding=\"async\" class=\"aligncenter wp-image-30953 size-full\" src=\"https:\/\/adanaseshaber.com.tr\/wp-content\/uploads\/2022\/08\/kendini-mehdi-ilan-eden-adam-kadin-muritleriyle-boyle-poz-verdi-3.jpg\" alt=\"\" width=\"1280\" height=\"720\" srcset=\"https:\/\/adanaseshaber.com.tr\/wp-content\/uploads\/2022\/08\/kendini-mehdi-ilan-eden-adam-kadin-muritleriyle-boyle-poz-verdi-3.jpg 1280w, https:\/\/adanaseshaber.com.tr\/wp-content\/uploads\/2022\/08\/kendini-mehdi-ilan-eden-adam-kadin-muritleriyle-boyle-poz-verdi-3-300x169.jpg 300w, https:\/\/adanaseshaber.com.tr\/wp-content\/uploads\/2022\/08\/kendini-mehdi-ilan-eden-adam-kadin-muritleriyle-boyle-poz-verdi-3-1024x576.jpg 1024w, https:\/\/adanaseshaber.com.tr\/wp-content\/uploads\/2022\/08\/kendini-mehdi-ilan-eden-adam-kadin-muritleriyle-boyle-poz-verdi-3-768x432.jpg 768w, https:\/\/adanaseshaber.com.tr\/wp-content\/uploads\/2022\/08\/kendini-mehdi-ilan-eden-adam-kadin-muritleriyle-boyle-poz-verdi-3-390x220.jpg 390w\" sizes=\"auto, (max-width: 1280px) 100vw, 1280px\" \/><\/p>\n<p><strong>S\u0130LAHLARI D\u0130KKAT \u00c7EKT\u0130<\/strong><\/p>\n<p>Tuncer \u00c7ift\u00e7i\u2019nin payla\u015ft\u0131\u011f\u0131 videodaki silahlar dikkat \u00e7ekti. \u00c7ift\u00e7i\u2019nin videosundaki silahlar\u0131n Avusturya yap\u0131m\u0131 Steyr Aug A3 model piyade t\u00fcfe\u011fi olmas\u0131 ise dikkatlerden ka\u00e7mad\u0131. S\u00f6z konusu silah \u00e7ok say\u0131da \u00fclkenin \u00f6zel kuvvetleri taraf\u0131ndan tercih edilmektedir.<\/p>\n<p><img loading=\"lazy\" decoding=\"async\" class=\"aligncenter wp-image-30949 size-full\" src=\"https:\/\/adanaseshaber.com.tr\/wp-content\/uploads\/2022\/08\/kendini-mehdi-ilan-eden-adam-kadin-muritleriyle-boyle-poz-verdi-1.jpg\" alt=\"\" width=\"1280\" height=\"720\" srcset=\"https:\/\/adanaseshaber.com.tr\/wp-content\/uploads\/2022\/08\/kendini-mehdi-ilan-eden-adam-kadin-muritleriyle-boyle-poz-verdi-1.jpg 1280w, https:\/\/adanaseshaber.com.tr\/wp-content\/uploads\/2022\/08\/kendini-mehdi-ilan-eden-adam-kadin-muritleriyle-boyle-poz-verdi-1-300x169.jpg 300w, https:\/\/adanaseshaber.com.tr\/wp-content\/uploads\/2022\/08\/kendini-mehdi-ilan-eden-adam-kadin-muritleriyle-boyle-poz-verdi-1-1024x576.jpg 1024w, https:\/\/adanaseshaber.com.tr\/wp-content\/uploads\/2022\/08\/kendini-mehdi-ilan-eden-adam-kadin-muritleriyle-boyle-poz-verdi-1-768x432.jpg 768w, https:\/\/adanaseshaber.com.tr\/wp-content\/uploads\/2022\/08\/kendini-mehdi-ilan-eden-adam-kadin-muritleriyle-boyle-poz-verdi-1-390x220.jpg 390w\" sizes=\"auto, (max-width: 1280px) 100vw, 1280px\" \/><\/p>\n<p><strong>KADIN M\u00dcR\u0130TLER\u0130N\u0130 V\u0130DEOYA ALDI<\/strong><\/p>\n<p>S\u00f6zde mehdi Tuncer \u00c7ift\u00e7i\u2019nin kad\u0131n m\u00fcritlerini de videoya ald\u0131\u011f\u0131 anlar\u0131 payla\u015ft\u0131\u011f\u0131 g\u00f6r\u00fcld\u00fc. S\u00f6z konusu videoda, bir masa \u00f6n\u00fcnde poz veren kad\u0131nlar\u0131n arkas\u0131ndaki \u2018Allah\u2019\u0131n Nuru Tuncer \u00c7ift\u00e7i\u2019 yaz\u0131s\u0131 dikkat \u00e7ekti.<\/p>\n","protected":false},"excerpt":{"rendered":"<p>Kendini mehdi ilan eden Tuncer \u00c7ift\u00e7i isimli \u015fahs\u0131n sosyal medya hesab\u0131ndan payla\u015ft\u0131\u011f\u0131 g\u00f6r\u00fcnt\u00fcler ak\u0131llara Adnan Oktar\u2019\u0131 getirdi. \u2018Bir Adnan Oktar vakas\u0131 daha m\u0131?\u2019 sorular\u0131n\u0131 beraberinde getiren Tuncer \u00c7ift\u00e7inin her bir karesi skandal. Kad\u0131n m\u00fcritlerini videoya ald\u0131\u011f\u0131 anlar\u0131 sosyal medya hesab\u0131ndan payla\u015fan \u00c7ift\u00e7i\u2019nin payla\u015ft\u0131\u011f\u0131 g\u00f6r\u00fcnt\u00fcler g\u00fcndem oldu. \u015eahsi sosyal medya hesab\u0131ndan skandal g\u00f6r\u00fcnt\u00fcler payla\u015fan s\u00f6zde mehdi &hellip;<\/p>\n","protected":false},"author":6,"featured_media":30947,"comment_status":"closed","ping_status":"closed","sticky":false,"template":"","format":"standard","meta":{"footnotes":""},"categories":[1],"tags":[],"class_list":["post-30946","post","type-post","status-publish","format-standard","has-post-thumbnail","hentry","category-genel"],"amp_enabled":true,"_links":{"self":[{"href":"https:\/\/adanaseshaber.com.tr\/index.php?rest_route=\/wp\/v2\/posts\/30946","targetHints":{"allow":["GET"]}}],"collection":[{"href":"https:\/\/adanaseshaber.com.tr\/index.php?rest_route=\/wp\/v2\/posts"}],"about":[{"href":"https:\/\/adanaseshaber.com.tr\/index.php?rest_route=\/wp\/v2\/types\/post"}],"author":[{"embeddable":true,"href":"https:\/\/adanaseshaber.com.tr\/index.php?rest_route=\/wp\/v2\/users\/6"}],"replies":[{"embeddable":true,"href":"https:\/\/adanaseshaber.com.tr\/index.php?rest_route=%2Fwp%2Fv2%2Fcomments&post=30946"}],"version-history":[{"count":4,"href":"https:\/\/adanaseshaber.com.tr\/index.php?rest_route=\/wp\/v2\/posts\/30946\/revisions"}],"predecessor-version":[{"id":30954,"href":"https:\/\/adanaseshaber.com.tr\/index.php?rest_route=\/wp\/v2\/posts\/30946\/revisions\/30954"}],"wp:featuredmedia":[{"embeddable":true,"href":"https:\/\/adanaseshaber.com.tr\/index.php?rest_route=\/wp\/v2\/media\/30947"}],"wp:attachment":[{"href":"https:\/\/adanaseshaber.com.tr\/index.php?rest_route=%2Fwp%2Fv2%2Fmedia&parent=30946"}],"wp:term":[{"taxonomy":"category","embeddable":true,"href":"https:\/\/adanaseshaber.com.tr\/index.php?rest_route=%2Fwp%2Fv2%2Fcategories&post=30946"},{"taxonomy":"post_tag","embeddable":true,"href":"https:\/\/adanaseshaber.com.tr\/index.php?rest_route=%2Fwp%2Fv2%2Ftags&post=30946"}],"curies":[{"name":"wp","href":"https:\/\/api.w.org\/{rel}","templated":true}]}}