{"id":30961,"date":"2022-08-01T19:03:15","date_gmt":"2022-08-01T16:03:15","guid":{"rendered":"https:\/\/www.adanaseshaber.com\/?p=30961"},"modified":"2022-08-01T19:04:51","modified_gmt":"2022-08-01T16:04:51","slug":"iskence-gormustu-sosyal-medya-fenomeni-irem-ay-adliyeye-kostu","status":"publish","type":"post","link":"https:\/\/adanaseshaber.com.tr\/?p=30961","title":{"rendered":"\u0130\u015fkence g\u00f6rm\u00fc\u015ft\u00fc! Sosyal medya fenomeni \u0130rem Ay adliyeye ko\u015ftu"},"content":{"rendered":"<p>E\u015fi taraf\u0131ndan darp edilen ve i\u015fkence g\u00f6ren sosyal medya fenomeni \u0130rem Ay, e\u015fine a\u00e7t\u0131\u011f\u0131 bo\u015fanma davas\u0131 sonras\u0131nda tehditlerin devam etmesi \u00fczerine \u00fc\u00e7\u00fcnc\u00fc kez adliyeye ko\u015ftu. E\u015finin kendisine y\u00f6nelik tehditlerinin devam etti\u011fini belirten Ay, bo\u015fanma a\u015famas\u0131ndaki e\u015finden \u015fikayet\u00e7i oldu. Sosyal medya fenomeninin \u015fikayet dilek\u00e7esinde korkun\u00e7 tehditler yer ald\u0131. Korkun\u00e7 \u015fekilde i\u015fkence g\u00f6rd\u00fc\u011f\u00fc ve darp edildi\u011fi e\u015fi Berkay Saner\u2019e bo\u015fanma davas\u0131 a\u00e7an sosyal medya fenomeni \u0130rem Ay\u2019\u0131n ba\u015f\u0131 bo\u015fanma a\u015famas\u0131ndaki e\u015fi ile dertte. Bo\u015fanma davas\u0131 sonras\u0131nda e\u015finin kendisine y\u00f6nelik tehditlerinin devam etti\u011fini belirten \u0130rem Ay, hemen adliyeye ko\u015ftu ve e\u015fi Berkay Saner\u2019den \u015fikayet\u00e7i oldu.<\/p>\n<p><strong>KORUNMA TALEB\u0130NDE BULUNDU<\/strong><\/p>\n<p>E\u015fi taraf\u0131ndan korkun\u00e7 \u015fekilde i\u015fkence g\u00f6rd\u00fc\u011f\u00fcn\u00fc ve darp edildi\u011fini iddia eden sosyal medya fenomeni \u0130rem Ay, kanlar i\u00e7inde kald\u0131\u011f\u0131 anlar\u0131 sosyal medya hesab\u0131ndan payla\u015fm\u0131\u015ft\u0131. E\u015finin \u015fiddetine u\u011frad\u0131\u011f\u0131n\u0131 iddia eden ve kanl\u0131 foto\u011fraflar\u0131n\u0131 sosyal medya hesab\u0131ndan payla\u015fmas\u0131yla g\u00fcndeme gelen \u0130rem Ay, bo\u015fanma davas\u0131 a\u00e7t\u0131\u011f\u0131 e\u015fi taraf\u0131ndan \u00f6l\u00fcm tehditleri ald\u0131\u011f\u0131n\u0131 \u00f6ne s\u00fcrerek e\u015finden \u015fikayet\u00e7i oldu. Ay, mahkemeden \u00fc\u00e7\u00fcnc\u00fc kez korunma talebinde bulundu.<\/p>\n<p><img loading=\"lazy\" decoding=\"async\" class=\"aligncenter wp-image-30966 size-full\" src=\"https:\/\/adanaseshaber.com.tr\/wp-content\/uploads\/2022\/08\/iskence-gormustu-sosyal-medya-fenomeni-irem-ay-adliyeye-kostu-2.jpg\" alt=\"\" width=\"1280\" height=\"720\" srcset=\"https:\/\/adanaseshaber.com.tr\/wp-content\/uploads\/2022\/08\/iskence-gormustu-sosyal-medya-fenomeni-irem-ay-adliyeye-kostu-2.jpg 1280w, https:\/\/adanaseshaber.com.tr\/wp-content\/uploads\/2022\/08\/iskence-gormustu-sosyal-medya-fenomeni-irem-ay-adliyeye-kostu-2-300x169.jpg 300w, https:\/\/adanaseshaber.com.tr\/wp-content\/uploads\/2022\/08\/iskence-gormustu-sosyal-medya-fenomeni-irem-ay-adliyeye-kostu-2-1024x576.jpg 1024w, https:\/\/adanaseshaber.com.tr\/wp-content\/uploads\/2022\/08\/iskence-gormustu-sosyal-medya-fenomeni-irem-ay-adliyeye-kostu-2-768x432.jpg 768w, https:\/\/adanaseshaber.com.tr\/wp-content\/uploads\/2022\/08\/iskence-gormustu-sosyal-medya-fenomeni-irem-ay-adliyeye-kostu-2-390x220.jpg 390w\" sizes=\"auto, (max-width: 1280px) 100vw, 1280px\" \/><\/p>\n<p><strong>FOTO\u011eRAFLARINI PAYLA\u015eMI\u015eTI<\/strong><\/p>\n<p>28 ya\u015f\u0131ndaki sosyal medya fenomeni \u0130rem Ay, bundan 5 ay \u00f6nce sosyal medya hesab\u0131 \u00fczerinden e\u015fi taraf\u0131ndan \u015fiddet g\u00f6rd\u00fc\u011f\u00fcn\u00fc iddia ederek \u00e7ok say\u0131da foto\u011fraf payla\u015fm\u0131\u015ft\u0131. \u015eiddetin foto\u011fraflar\u0131n\u0131 payla\u015fan \u0130rem Ay, payla\u015ft\u0131\u011f\u0131 foto\u011fraflardan birinde ise \u015fiddetin ard\u0131ndan bay\u0131ld\u0131\u011f\u0131n\u0131 ve e\u015finin bu anlarda g\u00fclerek selfie \u00e7ekti\u011fini \u00f6ne s\u00fcrm\u00fc\u015ft\u00fc. Gen\u00e7 sosyal medya fenomeni \u0130rem Ay, Exatlon yar\u0131\u015fmac\u0131s\u0131 Dilan Ay\u2019\u0131n k\u0131z karde\u015fidir.<\/p>\n<p><img loading=\"lazy\" decoding=\"async\" class=\"aligncenter wp-image-30964 size-full\" src=\"https:\/\/adanaseshaber.com.tr\/wp-content\/uploads\/2022\/08\/iskence-gormustu-sosyal-medya-fenomeni-irem-ay-adliyeye-kostu-1.jpg\" alt=\"\" width=\"1280\" height=\"720\" srcset=\"https:\/\/adanaseshaber.com.tr\/wp-content\/uploads\/2022\/08\/iskence-gormustu-sosyal-medya-fenomeni-irem-ay-adliyeye-kostu-1.jpg 1280w, https:\/\/adanaseshaber.com.tr\/wp-content\/uploads\/2022\/08\/iskence-gormustu-sosyal-medya-fenomeni-irem-ay-adliyeye-kostu-1-300x169.jpg 300w, https:\/\/adanaseshaber.com.tr\/wp-content\/uploads\/2022\/08\/iskence-gormustu-sosyal-medya-fenomeni-irem-ay-adliyeye-kostu-1-1024x576.jpg 1024w, https:\/\/adanaseshaber.com.tr\/wp-content\/uploads\/2022\/08\/iskence-gormustu-sosyal-medya-fenomeni-irem-ay-adliyeye-kostu-1-768x432.jpg 768w, https:\/\/adanaseshaber.com.tr\/wp-content\/uploads\/2022\/08\/iskence-gormustu-sosyal-medya-fenomeni-irem-ay-adliyeye-kostu-1-390x220.jpg 390w\" sizes=\"auto, (max-width: 1280px) 100vw, 1280px\" \/><\/p>\n<p><strong>F\u0130Z\u0130KSEL VE C\u0130NSEL \u015e\u0130DDET \u0130DD\u0130ASI<\/strong><\/p>\n<p>5 y\u0131ld\u0131r evli oldu\u011fu e\u015fi Berkay Saner taraf\u0131ndan i\u015fkenceye u\u011frad\u0131\u011f\u0131n\u0131 ve darp edildi\u011fini iddia eden \u0130rem Ay, e\u015fine bo\u015fanma davas\u0131 a\u00e7m\u0131\u015ft\u0131. \u0130rem Ay ile e\u015fi Berkay Saner tekrar mahkemelik oldu. E\u015finden s\u00fcrekli tehditler ald\u0131\u011f\u0131n\u0131 ve hem fiziksel hem de cinsel \u015fiddete maruz kald\u0131\u011f\u0131n\u0131 \u00f6ne s\u00fcren Ay, mahkemeden \u00fc\u00e7\u00fcnc\u00fc kez korunma talebinde bulundu.<\/p>\n<p><strong>KORKUN\u00c7 TEHD\u0130TLER<\/strong><\/p>\n<p>\u0130rem Ay\u2019\u0131n \u015fikayeti \u00fczerine mahkemeye sunulan dilek\u00e7ede yer alan iddialara g\u00f6re, \u0130rem Ay\u2019\u0131n \u015fikayeti sonras\u0131nda e\u015fi Berkay Saner, \u2018Sen s\u0131n\u0131r\u0131 ge\u00e7tin! Bedeli mezara kadar!\u2019 \u015feklinde payla\u015f\u0131mlarla tehditler ya\u011fd\u0131rd\u0131. Berkay Saner\u2019in anne ve babas\u0131n\u0131n da \u2018Seni ve s\u00fclaleni M\u0130T de\u011fil CIA bile alamaz elimden\u2019 \u015feklinde payla\u015f\u0131m yapt\u0131\u011f\u0131 iddia edildi.<\/p>\n","protected":false},"excerpt":{"rendered":"<p>E\u015fi taraf\u0131ndan darp edilen ve i\u015fkence g\u00f6ren sosyal medya fenomeni \u0130rem Ay, e\u015fine a\u00e7t\u0131\u011f\u0131 bo\u015fanma davas\u0131 sonras\u0131nda tehditlerin devam etmesi \u00fczerine \u00fc\u00e7\u00fcnc\u00fc kez adliyeye ko\u015ftu. E\u015finin kendisine y\u00f6nelik tehditlerinin devam etti\u011fini belirten Ay, bo\u015fanma a\u015famas\u0131ndaki e\u015finden \u015fikayet\u00e7i oldu. Sosyal medya fenomeninin \u015fikayet dilek\u00e7esinde korkun\u00e7 tehditler yer ald\u0131. Korkun\u00e7 \u015fekilde i\u015fkence g\u00f6rd\u00fc\u011f\u00fc ve darp edildi\u011fi e\u015fi &hellip;<\/p>\n","protected":false},"author":6,"featured_media":30962,"comment_status":"closed","ping_status":"closed","sticky":false,"template":"","format":"standard","meta":{"footnotes":""},"categories":[15431],"tags":[],"class_list":["post-30961","post","type-post","status-publish","format-standard","has-post-thumbnail","hentry","category-medya"],"amp_enabled":true,"_links":{"self":[{"href":"https:\/\/adanaseshaber.com.tr\/index.php?rest_route=\/wp\/v2\/posts\/30961","targetHints":{"allow":["GET"]}}],"collection":[{"href":"https:\/\/adanaseshaber.com.tr\/index.php?rest_route=\/wp\/v2\/posts"}],"about":[{"href":"https:\/\/adanaseshaber.com.tr\/index.php?rest_route=\/wp\/v2\/types\/post"}],"author":[{"embeddable":true,"href":"https:\/\/adanaseshaber.com.tr\/index.php?rest_route=\/wp\/v2\/users\/6"}],"replies":[{"embeddable":true,"href":"https:\/\/adanaseshaber.com.tr\/index.php?rest_route=%2Fwp%2Fv2%2Fcomments&post=30961"}],"version-history":[{"count":3,"href":"https:\/\/adanaseshaber.com.tr\/index.php?rest_route=\/wp\/v2\/posts\/30961\/revisions"}],"predecessor-version":[{"id":30967,"href":"https:\/\/adanaseshaber.com.tr\/index.php?rest_route=\/wp\/v2\/posts\/30961\/revisions\/30967"}],"wp:featuredmedia":[{"embeddable":true,"href":"https:\/\/adanaseshaber.com.tr\/index.php?rest_route=\/wp\/v2\/media\/30962"}],"wp:attachment":[{"href":"https:\/\/adanaseshaber.com.tr\/index.php?rest_route=%2Fwp%2Fv2%2Fmedia&parent=30961"}],"wp:term":[{"taxonomy":"category","embeddable":true,"href":"https:\/\/adanaseshaber.com.tr\/index.php?rest_route=%2Fwp%2Fv2%2Fcategories&post=30961"},{"taxonomy":"post_tag","embeddable":true,"href":"https:\/\/adanaseshaber.com.tr\/index.php?rest_route=%2Fwp%2Fv2%2Ftags&post=30961"}],"curies":[{"name":"wp","href":"https:\/\/api.w.org\/{rel}","templated":true}]}}