{"id":30983,"date":"2022-08-01T19:31:07","date_gmt":"2022-08-01T16:31:07","guid":{"rendered":"https:\/\/www.adanaseshaber.com\/?p=30983"},"modified":"2022-08-01T19:32:40","modified_gmt":"2022-08-01T16:32:40","slug":"patronlari-tarafindan-oldurulen-18-yasindaki-zehranin-babasindan-yurek-yakan-aciklama","status":"publish","type":"post","link":"https:\/\/adanaseshaber.com.tr\/?p=30983","title":{"rendered":"Patronlar\u0131 taraf\u0131ndan \u00f6ld\u00fcr\u00fclen 18 ya\u015f\u0131ndaki Zehra\u2019n\u0131n babas\u0131ndan y\u00fcrek yakan a\u00e7\u0131klama"},"content":{"rendered":"<p>Mu\u011fla\u2019da patronlar\u0131 taraf\u0131ndan katledilen 18 ya\u015f\u0131ndaki Zehra Bay\u0131r, ba\u015f\u0131na sert bir cisimle vurularak \u00f6ld\u00fcr\u00fcld\u00fc. Karde\u015finin tedavi masraflar\u0131n\u0131 kar\u015f\u0131layabilmek i\u00e7in \u00e7al\u0131\u015fan Zehra\u2019n\u0131n alaca\u011f\u0131n\u0131 tahsil edememesi \u00fczerine patronlar\u0131yla tart\u0131\u015ft\u0131\u011f\u0131 ve \u00e7al\u0131\u015ft\u0131\u011f\u0131 i\u015f yerinde ba\u015f\u0131na sert bir cisimle vurularak \u00f6ld\u00fcr\u00fcld\u00fc\u011f\u00fc ortaya \u00e7\u0131kt\u0131. Gen\u00e7 k\u0131z\u0131n babas\u0131ndan y\u00fcrek yakan a\u00e7\u0131klamalar geldi. Yakla\u015f\u0131k 50 bin TL\u2019lik alaca\u011f\u0131n\u0131 tahsil edemeyen 18 ya\u015f\u0131ndaki Zehra ve i\u015fletme sahipleri aras\u0131nda tart\u0131\u015fma \u00e7\u0131kt\u0131. \u0130\u015f yerindeki kavgada hayat\u0131n\u0131 kaybeden Zehra\u2019n\u0131n ba\u015f\u0131na sert bir cisimle vuruldu\u011fu ortaya \u00e7\u0131kt\u0131. A\u00e7\u0131lan soru\u015fturma kapsam\u0131nda olayla ilgili g\u00f6zalt\u0131na al\u0131nan 7 ki\u015fiden 3\u2019\u00fc tutukland\u0131. \u0130\u015fte detaylar\u2026<\/p>\n<p><strong>BA\u015eINA SERT C\u0130S\u0130MLE VURULARAK \u00d6LD\u00dcR\u00dcLD\u00dc<\/strong><\/p>\n<p>Olay, Mu\u011fla\u2019n\u0131n Milas il\u00e7esinde meydana geldi. Al\u0131nan bilgilere g\u00f6re, 24 Temmuz tarihinde ak\u015fam saatlerinde meydana gelen olayda, 3 ay \u00f6nce Konya\u2019dan Milas il\u00e7esine \u00e7al\u0131\u015fmak i\u00e7in gelen 18 ya\u015f\u0131ndaki Zehra, karde\u015finin tedavi masraflar\u0131n\u0131 kar\u015f\u0131layabilmek i\u00e7in bir i\u015fletmede \u00e7al\u0131\u015fmaya ba\u015flad\u0131. \u0130ddiaya g\u00f6re, patronlar\u0131 Zehra\u2019ya toplu \u00f6deme yapacaklar\u0131n\u0131 s\u00f6yledi ancak gen\u00e7 k\u0131z \u00f6deme yap\u0131lmad\u0131. Yakla\u015f\u0131k 50 bin TL\u2019lik alaca\u011f\u0131n\u0131n kendisine \u00f6denmemesi \u00fczerine i\u015fletme sahipleriyle tart\u0131\u015fma ya\u015fayan Zehra\u2019n\u0131n ba\u015f\u0131na sert bir cisimle vurularak \u00f6ld\u00fcr\u00fcld\u00fc\u011f\u00fc ortaya \u00e7\u0131kt\u0131.<\/p>\n<p><strong>3 K\u0130\u015e\u0130 TUTUKLANDI<\/strong><\/p>\n<p>Konya\u2019dan Milas il\u00e7esine karde\u015finin tedavi masraflar\u0131n\u0131 kar\u015f\u0131layabilmek i\u00e7in \u00e7al\u0131\u015fmaya gelen 18 ya\u015f\u0131ndaki Zehra Bay\u0131r, i\u015fletme sahiplerine karde\u015finin tedavisi i\u00e7in Konya\u2019ya gidece\u011fini s\u00f6yledi ve yakla\u015f\u0131k 50 bin TL\u2019lik alaca\u011f\u0131n\u0131n kendisine \u00f6denmesini istedi. Bunun \u00fczerine gen\u00e7 k\u0131z ile i\u015fletme sahipleri aras\u0131nda tart\u0131\u015fma \u00e7\u0131kt\u0131. K\u0131sa s\u00fcrede b\u00fcy\u00fcyen tart\u0131\u015fman\u0131n \u00fczerine i\u015fletme sahiplerinin sert bir cisimle Zehra\u2019n\u0131n ba\u015f\u0131na vurdu\u011fu ve ald\u0131\u011f\u0131 darbenin etkisiyle yere d\u00fc\u015fen gen\u00e7 k\u0131z\u0131 daha sonra i\u015fletmenin bah\u00e7esinde bulunan havuza att\u0131klar\u0131 ortaya \u00e7\u0131kt\u0131. G\u00f6rg\u00fc tan\u0131klar\u0131n\u0131n ihbar\u0131 \u00fczerine olay yerine sa\u011fl\u0131k ve jandarma ekipleri sevk edildi. Sa\u011fl\u0131k ekiplerinin yapt\u0131\u011f\u0131 kontrol sonucunda havuzdan \u00e7\u0131kar\u0131lan gen\u00e7 k\u0131z\u0131n ya\u015fam\u0131n\u0131 yitirdi\u011fi belirlendi. Olayla ilgili a\u00e7\u0131lan soru\u015fturma kapsam\u0131nda g\u00f6zalt\u0131na al\u0131nan 7 \u015f\u00fcphelinden 3\u2019\u00fcn\u00fcn tutukland\u0131\u011f\u0131 \u00f6\u011frenildi.<\/p>\n<p><img loading=\"lazy\" decoding=\"async\" class=\"aligncenter wp-image-30986 size-full\" src=\"https:\/\/adanaseshaber.com.tr\/wp-content\/uploads\/2022\/08\/patronlari-tarafindan-oldurulen-18-yasindaki-zehranin-babasindan-yurek-yakan-aciklama-1.jpg\" alt=\"\" width=\"1280\" height=\"720\" srcset=\"https:\/\/adanaseshaber.com.tr\/wp-content\/uploads\/2022\/08\/patronlari-tarafindan-oldurulen-18-yasindaki-zehranin-babasindan-yurek-yakan-aciklama-1.jpg 1280w, https:\/\/adanaseshaber.com.tr\/wp-content\/uploads\/2022\/08\/patronlari-tarafindan-oldurulen-18-yasindaki-zehranin-babasindan-yurek-yakan-aciklama-1-300x169.jpg 300w, https:\/\/adanaseshaber.com.tr\/wp-content\/uploads\/2022\/08\/patronlari-tarafindan-oldurulen-18-yasindaki-zehranin-babasindan-yurek-yakan-aciklama-1-1024x576.jpg 1024w, https:\/\/adanaseshaber.com.tr\/wp-content\/uploads\/2022\/08\/patronlari-tarafindan-oldurulen-18-yasindaki-zehranin-babasindan-yurek-yakan-aciklama-1-768x432.jpg 768w, https:\/\/adanaseshaber.com.tr\/wp-content\/uploads\/2022\/08\/patronlari-tarafindan-oldurulen-18-yasindaki-zehranin-babasindan-yurek-yakan-aciklama-1-390x220.jpg 390w\" sizes=\"auto, (max-width: 1280px) 100vw, 1280px\" \/><\/p>\n<p><strong>ZEHRA\u2019NIN BABASINDAN Y\u00dcREK YAKAN A\u00c7IKLAMALAR<\/strong><\/p>\n<p>K\u0131z\u0131n\u0131n vefat\u0131n\u0131n ard\u0131ndan y\u00fcrek yakan a\u00e7\u0131klamalarda bulunan baba Bay\u0131r, k\u0131z\u0131yla son olarak Nisan ay\u0131nda g\u00f6r\u00fc\u015ft\u00fcklerini s\u00f6yledi. K\u0131z\u0131 Zehra\u2019n\u0131n daha \u00f6nce Konya\u2019da bir simit\u00e7ide \u00e7al\u0131\u015ft\u0131\u011f\u0131n\u0131 ve i\u015finden ayr\u0131larak Mu\u011fla\u2019ya gitti\u011fini anlatt\u0131. Karde\u015finin rahats\u0131z oldu\u011funu ve Zehra\u2019n\u0131n karde\u015finin tedavi masraflar\u0131n\u0131 kar\u015f\u0131lamak i\u00e7in 3 ay \u00f6nce Mu\u011fla\u2019ya gitti\u011fini, kendilerini jandarman\u0131n aray\u0131p olay\u0131 haber verdi\u011fini s\u00f6yledi. Mu\u011fla\u2019ya gitti\u011finde k\u0131z\u0131n\u0131n ba\u015f\u0131na sert bir cisimle vurulup \u00f6ld\u00fcr\u00fcld\u00fc\u011f\u00fcn\u00fc \u00f6\u011frendi\u011fini s\u00f6yleyen baba Bay\u0131r, \u2018Balta ya da sat\u0131rla vurmu\u015flar. Yaln\u0131z vurmadan \u00f6nce \u00e7ocu\u011fu \u00e7ok d\u00f6vm\u00fc\u015fler. Kemiklerinde k\u0131r\u0131klar varm\u0131\u015f. Zehra\u2019m, 18 ya\u015f\u0131nda gen\u00e7 bir k\u0131zd\u0131. Kimseye bir zarar\u0131 yoktu. Zehra ne yapt\u0131 size? En a\u011f\u0131r cezay\u0131 almalar\u0131n\u0131 istiyorum.\u2019 dedi.<\/p>\n<p>&nbsp;<\/p>\n","protected":false},"excerpt":{"rendered":"<p>Mu\u011fla\u2019da patronlar\u0131 taraf\u0131ndan katledilen 18 ya\u015f\u0131ndaki Zehra Bay\u0131r, ba\u015f\u0131na sert bir cisimle vurularak \u00f6ld\u00fcr\u00fcld\u00fc. Karde\u015finin tedavi masraflar\u0131n\u0131 kar\u015f\u0131layabilmek i\u00e7in \u00e7al\u0131\u015fan Zehra\u2019n\u0131n alaca\u011f\u0131n\u0131 tahsil edememesi \u00fczerine patronlar\u0131yla tart\u0131\u015ft\u0131\u011f\u0131 ve \u00e7al\u0131\u015ft\u0131\u011f\u0131 i\u015f yerinde ba\u015f\u0131na sert bir cisimle vurularak \u00f6ld\u00fcr\u00fcld\u00fc\u011f\u00fc ortaya \u00e7\u0131kt\u0131. Gen\u00e7 k\u0131z\u0131n babas\u0131ndan y\u00fcrek yakan a\u00e7\u0131klamalar geldi. Yakla\u015f\u0131k 50 bin TL\u2019lik alaca\u011f\u0131n\u0131 tahsil edemeyen 18 ya\u015f\u0131ndaki &hellip;<\/p>\n","protected":false},"author":6,"featured_media":30984,"comment_status":"closed","ping_status":"closed","sticky":false,"template":"","format":"standard","meta":{"footnotes":""},"categories":[1],"tags":[],"class_list":["post-30983","post","type-post","status-publish","format-standard","has-post-thumbnail","hentry","category-genel"],"amp_enabled":true,"_links":{"self":[{"href":"https:\/\/adanaseshaber.com.tr\/index.php?rest_route=\/wp\/v2\/posts\/30983","targetHints":{"allow":["GET"]}}],"collection":[{"href":"https:\/\/adanaseshaber.com.tr\/index.php?rest_route=\/wp\/v2\/posts"}],"about":[{"href":"https:\/\/adanaseshaber.com.tr\/index.php?rest_route=\/wp\/v2\/types\/post"}],"author":[{"embeddable":true,"href":"https:\/\/adanaseshaber.com.tr\/index.php?rest_route=\/wp\/v2\/users\/6"}],"replies":[{"embeddable":true,"href":"https:\/\/adanaseshaber.com.tr\/index.php?rest_route=%2Fwp%2Fv2%2Fcomments&post=30983"}],"version-history":[{"count":2,"href":"https:\/\/adanaseshaber.com.tr\/index.php?rest_route=\/wp\/v2\/posts\/30983\/revisions"}],"predecessor-version":[{"id":30987,"href":"https:\/\/adanaseshaber.com.tr\/index.php?rest_route=\/wp\/v2\/posts\/30983\/revisions\/30987"}],"wp:featuredmedia":[{"embeddable":true,"href":"https:\/\/adanaseshaber.com.tr\/index.php?rest_route=\/wp\/v2\/media\/30984"}],"wp:attachment":[{"href":"https:\/\/adanaseshaber.com.tr\/index.php?rest_route=%2Fwp%2Fv2%2Fmedia&parent=30983"}],"wp:term":[{"taxonomy":"category","embeddable":true,"href":"https:\/\/adanaseshaber.com.tr\/index.php?rest_route=%2Fwp%2Fv2%2Fcategories&post=30983"},{"taxonomy":"post_tag","embeddable":true,"href":"https:\/\/adanaseshaber.com.tr\/index.php?rest_route=%2Fwp%2Fv2%2Ftags&post=30983"}],"curies":[{"name":"wp","href":"https:\/\/api.w.org\/{rel}","templated":true}]}}