{"id":31051,"date":"2022-08-01T22:15:23","date_gmt":"2022-08-01T19:15:23","guid":{"rendered":"https:\/\/www.adanaseshaber.com\/?p=31051"},"modified":"2022-08-01T22:17:40","modified_gmt":"2022-08-01T19:17:40","slug":"unlu-sarkici-aydilge-sahnede-bayginlik-gecirdi","status":"publish","type":"post","link":"https:\/\/adanaseshaber.com.tr\/?p=31051","title":{"rendered":"\u00dcnl\u00fc \u015fark\u0131c\u0131 Aydilge sahnede bayg\u0131nl\u0131k ge\u00e7irdi"},"content":{"rendered":"<p>\u015eark\u0131lar\u0131 dillerden d\u00fc\u015fmeyen ve muhte\u015fem enerjisiyle konserine gelen dinleyicilere \u015fahane anlar ya\u015fatan \u00fcnl\u00fc \u015fark\u0131c\u0131 Aydilge, sahnede fenala\u015ft\u0131. Konser verdi\u011fi s\u0131rada s\u0131caktan fenala\u015ft\u0131\u011f\u0131 belirtilen Aydilge\u2019nin sahnede bir anda yere y\u0131\u011f\u0131ld\u0131\u011f\u0131 ve sevenlerini korkuttu\u011fu \u00f6\u011frenildi. Sahnede bayg\u0131nl\u0131k ge\u00e7iren \u00fcnl\u00fc \u015fark\u0131c\u0131n\u0131n imdad\u0131na e\u015fi yeti\u015fti. Konserinde bayg\u0131nl\u0131k ge\u00e7iren Aydilge\u2019yi e\u015fi, \u015fark\u0131c\u0131y\u0131 kucaklayarak d\u0131\u015far\u0131 \u00e7\u0131kard\u0131. Herkesin k\u0131sa s\u00fcreli panik ya\u015fad\u0131\u011f\u0131 anlar dinleyicilerin cep telefonu kameras\u0131na saniye saniye yans\u0131d\u0131. Yo\u011fun bir konser temposuyla \u00e7al\u0131\u015ft\u0131\u011f\u0131 bilinen \u00fcnl\u00fc \u015fark\u0131c\u0131n\u0131n a\u015f\u0131r\u0131 s\u0131caklar sebebiyle fenala\u015ft\u0131\u011f\u0131 \u00f6\u011frenildi.<\/p>\n<p><strong>KONSER SIRASINDA BAYILDI<\/strong><\/p>\n<p>Pop m\u00fczi\u011fin sevilen ve farkl\u0131 seslerinden olan \u00fcnl\u00fc \u015fark\u0131c\u0131 Aydilge, \u015fu s\u0131ralar yo\u011fun bir tempoyla konserden konsere ko\u015fuyor. Pek \u00e7ok \u00fcnl\u00fc isim gibi yaz aylar\u0131n\u0131n yo\u011fun temposunu ya\u015fayan Aydilge, konser verdi\u011fi esnada a\u015f\u0131r\u0131 s\u0131cak sebebiyle fenala\u015farak sahnede bayg\u0131nl\u0131k ge\u00e7irdi.<\/p>\n<p><img loading=\"lazy\" decoding=\"async\" class=\"aligncenter wp-image-31054 size-full\" src=\"https:\/\/adanaseshaber.com.tr\/wp-content\/uploads\/2022\/08\/unlu-sarkici-aydilge-sahnede-bayginlik-gecirdi-1.jpg\" alt=\"\" width=\"1280\" height=\"720\" srcset=\"https:\/\/adanaseshaber.com.tr\/wp-content\/uploads\/2022\/08\/unlu-sarkici-aydilge-sahnede-bayginlik-gecirdi-1.jpg 1280w, https:\/\/adanaseshaber.com.tr\/wp-content\/uploads\/2022\/08\/unlu-sarkici-aydilge-sahnede-bayginlik-gecirdi-1-300x169.jpg 300w, https:\/\/adanaseshaber.com.tr\/wp-content\/uploads\/2022\/08\/unlu-sarkici-aydilge-sahnede-bayginlik-gecirdi-1-1024x576.jpg 1024w, https:\/\/adanaseshaber.com.tr\/wp-content\/uploads\/2022\/08\/unlu-sarkici-aydilge-sahnede-bayginlik-gecirdi-1-768x432.jpg 768w, https:\/\/adanaseshaber.com.tr\/wp-content\/uploads\/2022\/08\/unlu-sarkici-aydilge-sahnede-bayginlik-gecirdi-1-390x220.jpg 390w\" sizes=\"auto, (max-width: 1280px) 100vw, 1280px\" \/><\/p>\n<p><strong>E\u015e\u0130 KUCAKLAYARAK DI\u015eARI \u00c7IKARDI<\/strong><\/p>\n<p>A\u015f\u0131r\u0131 s\u0131caklar sebebiyle sahnede fenala\u015farak bir anda yere y\u0131\u011f\u0131lan 43 ya\u015f\u0131ndaki \u00fcnl\u00fc \u015fark\u0131c\u0131 dinleyicilerini korkuttu. Bayg\u0131nl\u0131k ge\u00e7iren \u015fark\u0131c\u0131n\u0131n imdad\u0131na e\u015fi yeti\u015fti. Sa\u011fl\u0131k ekiplerinin de m\u00fcdahale etti\u011fi Aydilge\u2019yi kucaklayan e\u015fi, \u015fark\u0131c\u0131y\u0131 d\u0131\u015far\u0131 \u00e7\u0131kard\u0131. Aydilge\u2019nin kendisini kuca\u011f\u0131na alan e\u015fi taraf\u0131ndan sahneden g\u00f6t\u00fcr\u00fcld\u00fc\u011f\u00fc anlarda seyircilerden alk\u0131\u015fl\u0131 destek geldi.<\/p>\n","protected":false},"excerpt":{"rendered":"<p>\u015eark\u0131lar\u0131 dillerden d\u00fc\u015fmeyen ve muhte\u015fem enerjisiyle konserine gelen dinleyicilere \u015fahane anlar ya\u015fatan \u00fcnl\u00fc \u015fark\u0131c\u0131 Aydilge, sahnede fenala\u015ft\u0131. Konser verdi\u011fi s\u0131rada s\u0131caktan fenala\u015ft\u0131\u011f\u0131 belirtilen Aydilge\u2019nin sahnede bir anda yere y\u0131\u011f\u0131ld\u0131\u011f\u0131 ve sevenlerini korkuttu\u011fu \u00f6\u011frenildi. Sahnede bayg\u0131nl\u0131k ge\u00e7iren \u00fcnl\u00fc \u015fark\u0131c\u0131n\u0131n imdad\u0131na e\u015fi yeti\u015fti. Konserinde bayg\u0131nl\u0131k ge\u00e7iren Aydilge\u2019yi e\u015fi, \u015fark\u0131c\u0131y\u0131 kucaklayarak d\u0131\u015far\u0131 \u00e7\u0131kard\u0131. Herkesin k\u0131sa s\u00fcreli panik ya\u015fad\u0131\u011f\u0131 &hellip;<\/p>\n","protected":false},"author":6,"featured_media":31052,"comment_status":"closed","ping_status":"closed","sticky":false,"template":"","format":"standard","meta":{"footnotes":""},"categories":[15431],"tags":[],"class_list":["post-31051","post","type-post","status-publish","format-standard","has-post-thumbnail","hentry","category-medya"],"amp_enabled":true,"_links":{"self":[{"href":"https:\/\/adanaseshaber.com.tr\/index.php?rest_route=\/wp\/v2\/posts\/31051","targetHints":{"allow":["GET"]}}],"collection":[{"href":"https:\/\/adanaseshaber.com.tr\/index.php?rest_route=\/wp\/v2\/posts"}],"about":[{"href":"https:\/\/adanaseshaber.com.tr\/index.php?rest_route=\/wp\/v2\/types\/post"}],"author":[{"embeddable":true,"href":"https:\/\/adanaseshaber.com.tr\/index.php?rest_route=\/wp\/v2\/users\/6"}],"replies":[{"embeddable":true,"href":"https:\/\/adanaseshaber.com.tr\/index.php?rest_route=%2Fwp%2Fv2%2Fcomments&post=31051"}],"version-history":[{"count":3,"href":"https:\/\/adanaseshaber.com.tr\/index.php?rest_route=\/wp\/v2\/posts\/31051\/revisions"}],"predecessor-version":[{"id":31056,"href":"https:\/\/adanaseshaber.com.tr\/index.php?rest_route=\/wp\/v2\/posts\/31051\/revisions\/31056"}],"wp:featuredmedia":[{"embeddable":true,"href":"https:\/\/adanaseshaber.com.tr\/index.php?rest_route=\/wp\/v2\/media\/31052"}],"wp:attachment":[{"href":"https:\/\/adanaseshaber.com.tr\/index.php?rest_route=%2Fwp%2Fv2%2Fmedia&parent=31051"}],"wp:term":[{"taxonomy":"category","embeddable":true,"href":"https:\/\/adanaseshaber.com.tr\/index.php?rest_route=%2Fwp%2Fv2%2Fcategories&post=31051"},{"taxonomy":"post_tag","embeddable":true,"href":"https:\/\/adanaseshaber.com.tr\/index.php?rest_route=%2Fwp%2Fv2%2Ftags&post=31051"}],"curies":[{"name":"wp","href":"https:\/\/api.w.org\/{rel}","templated":true}]}}