{"id":31061,"date":"2022-08-01T22:55:39","date_gmt":"2022-08-01T19:55:39","guid":{"rendered":"https:\/\/www.adanaseshaber.com\/?p=31061"},"modified":"2022-08-01T22:57:07","modified_gmt":"2022-08-01T19:57:07","slug":"basrolunde-kivanc-tatlitugun-oldugu-kral-kaybederse-icin-beren-saate-teklif-gitti","status":"publish","type":"post","link":"https:\/\/adanaseshaber.com.tr\/?p=31061","title":{"rendered":"Ba\u015frol\u00fcnde K\u0131van\u00e7 Tatl\u0131tu\u011f\u2019un oldu\u011fu Kral Kaybederse i\u00e7in Beren Saat\u2019e teklif gitti"},"content":{"rendered":"<p>Bundan tam 14 y\u0131l \u00f6nce Kanal D ekranlar\u0131nda yya\u0131nlanan A\u015fk-\u0131 Memnu dizisinde ba\u015frol oynayan K\u0131van\u00e7 Ttal\u0131tup ve Beren saat, 14 y\u0131ll\u0131k aran\u0131n ard\u0131ndan Netflix\u2019te yay\u0131nlanan bir filmde tekrar bulu\u015fmu\u015ftu. Y\u0131llar sonra Netflix filminde bulu\u015fan sevilen ikili hakk\u0131nda bomba bir iddia daha g\u00fcndeme geldi. Yeni sezonda ekrana gelecek olan Kral Kaybederse i\u00e7in g\u00fcndeme gelen iddia magazin man\u015fetlerinin ilk s\u0131ralar\u0131na yerle\u015fti. Ekranlar\u0131n sevilen y\u00fczleri Beren Saat ve K\u0131van\u00e7 Tatl\u0131tu\u011f, 14 y\u0131l sonra Netflix filminde bulu\u015fmu\u015ftu. Tekrar ayn\u0131 projede rol almalar\u0131 iple \u00e7ekilen \u00fcnl\u00fc oyuncular dijital platform \u00fczerinde yay\u0131nlanacak olan film i\u00e7in y\u0131llar sonra yeniden bir araya gelmi\u015fti. Uyumlar\u0131 \u00e7ok sevilen oyuncular hakk\u0131nda g\u00fcndeme gelen yeni iddia ise sosyal medyay\u0131 sallad\u0131.<\/p>\n<p><strong>G\u00dcNDEM\u0130 SALLAYAN TEKL\u0130F<\/strong><\/p>\n<p>Y\u0131llar \u00f6nce ekrana gelen ve reytingleri sallayan dizi A\u015fk-\u0131 Memnu\u2019nun sevilen ba\u015frol oyuncular\u0131 Beren Saat ve K\u0131van\u00e7 Tatl\u0131tu\u011f, 14 y\u0131l aradan sonra Netflix filminde bulu\u015fmu\u015ftu. Ekrandaki uyumlar\u0131 \u00e7ok sevilen Saat ve Tatl\u0131tu\u011f ile ilgili g\u00fcndeme gelen iddia ise sosyal medyay\u0131 sallad\u0131. K\u0131van\u00e7 Ttal\u0131tu\u011f\u2019un yeni sezonda Star TV ekranlar\u0131nda yay\u0131nlanmas\u0131 beklenen Kral Kaybederse dizisi i\u00e7in Beren Saat\u2019e teklif gitti. Dizinin senaryosu ise G\u00fclseren Bu\u011fday\u0131c\u0131o\u011flu\u2019nun \u00e7ok satan kitab\u0131ndan uyarland\u0131.<\/p>\n<p><img loading=\"lazy\" decoding=\"async\" class=\"aligncenter wp-image-31064 size-full\" src=\"https:\/\/adanaseshaber.com.tr\/wp-content\/uploads\/2022\/08\/basrolunde-kivanc-tatlitugun-oldugu-kral-kaybederse-icin-beren-saate-teklif-gitti-1.jpg\" alt=\"\" width=\"1280\" height=\"720\" srcset=\"https:\/\/adanaseshaber.com.tr\/wp-content\/uploads\/2022\/08\/basrolunde-kivanc-tatlitugun-oldugu-kral-kaybederse-icin-beren-saate-teklif-gitti-1.jpg 1280w, https:\/\/adanaseshaber.com.tr\/wp-content\/uploads\/2022\/08\/basrolunde-kivanc-tatlitugun-oldugu-kral-kaybederse-icin-beren-saate-teklif-gitti-1-300x169.jpg 300w, https:\/\/adanaseshaber.com.tr\/wp-content\/uploads\/2022\/08\/basrolunde-kivanc-tatlitugun-oldugu-kral-kaybederse-icin-beren-saate-teklif-gitti-1-1024x576.jpg 1024w, https:\/\/adanaseshaber.com.tr\/wp-content\/uploads\/2022\/08\/basrolunde-kivanc-tatlitugun-oldugu-kral-kaybederse-icin-beren-saate-teklif-gitti-1-768x432.jpg 768w, https:\/\/adanaseshaber.com.tr\/wp-content\/uploads\/2022\/08\/basrolunde-kivanc-tatlitugun-oldugu-kral-kaybederse-icin-beren-saate-teklif-gitti-1-390x220.jpg 390w\" sizes=\"auto, (max-width: 1280px) 100vw, 1280px\" \/><\/p>\n<p><strong>KRAL KAYBEDERSE KONUSU NED\u0130R?<\/strong><\/p>\n<p>Psikiyatrist Dr. G\u00fclseren Bu\u011fday\u0131c\u0131o\u011flu\u2019nun kaleme ald\u0131\u011f\u0131 Kral Kaybederse roman\u0131nda, narsistik ki\u015filik bozukluklar\u0131 ve ili\u015fkide ba\u011f\u0131ml\u0131l\u0131k konusu ele al\u0131n\u0131yor. Ya\u015fanm\u0131\u015f olaylar ve ger\u00e7ek karakterlerden yola \u00e7\u0131kan romanda, Kenan isminde iyi g\u00f6r\u00fcn\u00fcml\u00fc ancak narsist ve umursamaz bir adam\u0131n \u00e7ocukluk y\u0131llar\u0131ndan bug\u00fcne karakterini \u015fekillendiren \u015fartlar anlat\u0131lmaktad\u0131r. B\u00fct\u00fcn kad\u0131nlar\u0131n etraf\u0131nda d\u00f6rt d\u00f6nd\u00fc\u011f\u00fc bu adam hi\u00e7 y\u0131k\u0131lmaz sand\u0131\u011f\u0131 egosunu bir anda ayaklar alt\u0131nda buluyor ve ya\u015fad\u0131\u011f\u0131 \u00e7aresizlik onu bir psikiyatriste dan\u0131\u015fmaya sevk ediyor. Kenan\u2019\u0131n ya\u015fam\u0131 ve yap\u0131s\u0131 her ne kadar okurda en ba\u015ftan itibaren nefret uyand\u0131rsa da asl\u0131nda Kenan\u2019\u0131n t\u00fcm bu davran\u0131\u015flar\u0131n\u0131n alt\u0131nda yatan ac\u0131 nedenler oldu\u011fu a\u00e7\u0131\u011fa \u00e7\u0131k\u0131yor.<\/p>\n<p>&nbsp;<\/p>\n<p>&nbsp;<\/p>\n<p>&nbsp;<\/p>\n<p>&nbsp;<\/p>\n<p>&nbsp;<\/p>\n<p>&nbsp;<\/p>\n<p>&nbsp;<\/p>\n<p>&nbsp;<\/p>\n<p>&nbsp;<\/p>\n<p>&nbsp;<\/p>\n<p>&nbsp;<\/p>\n<p>&nbsp;<\/p>\n<p>&nbsp;<\/p>\n<p>&nbsp;<\/p>\n<p>&nbsp;<\/p>\n<p>&nbsp;<\/p>\n<p>&nbsp;<\/p>\n<p>&nbsp;<\/p>\n<p>&nbsp;<\/p>\n<p>&nbsp;<\/p>\n<p>&nbsp;<\/p>\n<p>&nbsp;<\/p>\n<p>&nbsp;<\/p>\n<p>&nbsp;<\/p>\n","protected":false},"excerpt":{"rendered":"<p>Bundan tam 14 y\u0131l \u00f6nce Kanal D ekranlar\u0131nda yya\u0131nlanan A\u015fk-\u0131 Memnu dizisinde ba\u015frol oynayan K\u0131van\u00e7 Ttal\u0131tup ve Beren saat, 14 y\u0131ll\u0131k aran\u0131n ard\u0131ndan Netflix\u2019te yay\u0131nlanan bir filmde tekrar bulu\u015fmu\u015ftu. Y\u0131llar sonra Netflix filminde bulu\u015fan sevilen ikili hakk\u0131nda bomba bir iddia daha g\u00fcndeme geldi. Yeni sezonda ekrana gelecek olan Kral Kaybederse i\u00e7in g\u00fcndeme gelen iddia magazin &hellip;<\/p>\n","protected":false},"author":6,"featured_media":31062,"comment_status":"closed","ping_status":"closed","sticky":false,"template":"","format":"standard","meta":{"footnotes":""},"categories":[15431],"tags":[],"class_list":["post-31061","post","type-post","status-publish","format-standard","has-post-thumbnail","hentry","category-medya"],"amp_enabled":true,"_links":{"self":[{"href":"https:\/\/adanaseshaber.com.tr\/index.php?rest_route=\/wp\/v2\/posts\/31061","targetHints":{"allow":["GET"]}}],"collection":[{"href":"https:\/\/adanaseshaber.com.tr\/index.php?rest_route=\/wp\/v2\/posts"}],"about":[{"href":"https:\/\/adanaseshaber.com.tr\/index.php?rest_route=\/wp\/v2\/types\/post"}],"author":[{"embeddable":true,"href":"https:\/\/adanaseshaber.com.tr\/index.php?rest_route=\/wp\/v2\/users\/6"}],"replies":[{"embeddable":true,"href":"https:\/\/adanaseshaber.com.tr\/index.php?rest_route=%2Fwp%2Fv2%2Fcomments&post=31061"}],"version-history":[{"count":3,"href":"https:\/\/adanaseshaber.com.tr\/index.php?rest_route=\/wp\/v2\/posts\/31061\/revisions"}],"predecessor-version":[{"id":31066,"href":"https:\/\/adanaseshaber.com.tr\/index.php?rest_route=\/wp\/v2\/posts\/31061\/revisions\/31066"}],"wp:featuredmedia":[{"embeddable":true,"href":"https:\/\/adanaseshaber.com.tr\/index.php?rest_route=\/wp\/v2\/media\/31062"}],"wp:attachment":[{"href":"https:\/\/adanaseshaber.com.tr\/index.php?rest_route=%2Fwp%2Fv2%2Fmedia&parent=31061"}],"wp:term":[{"taxonomy":"category","embeddable":true,"href":"https:\/\/adanaseshaber.com.tr\/index.php?rest_route=%2Fwp%2Fv2%2Fcategories&post=31061"},{"taxonomy":"post_tag","embeddable":true,"href":"https:\/\/adanaseshaber.com.tr\/index.php?rest_route=%2Fwp%2Fv2%2Ftags&post=31061"}],"curies":[{"name":"wp","href":"https:\/\/api.w.org\/{rel}","templated":true}]}}