{"id":31068,"date":"2022-08-02T01:28:15","date_gmt":"2022-08-01T22:28:15","guid":{"rendered":"https:\/\/www.adanaseshaber.com\/?p=31068"},"modified":"2022-08-02T01:29:21","modified_gmt":"2022-08-01T22:29:21","slug":"demet-akalin-begenmedigi-sampanyayi-garsonun-kafasindan-asagi-doktu","status":"publish","type":"post","link":"https:\/\/adanaseshaber.com.tr\/?p=31068","title":{"rendered":"Demet Akal\u0131n be\u011fenmedi\u011fi \u015fampanyay\u0131 garsonun kafas\u0131ndan a\u015fa\u011f\u0131 d\u00f6kt\u00fc"},"content":{"rendered":"<p>Yapt\u0131\u011f\u0131 a\u00e7\u0131klamalar ve payla\u015f\u0131mlar\u0131yla s\u0131k s\u0131k g\u00fcndeme gelen \u00fcnl\u00fc pop\u00e7u Demet Akal\u0131n, sahne ald\u0131\u011f\u0131 bir mekanda garsona yapt\u0131\u011f\u0131 hareketle magazin g\u00fcndeminin ilk s\u0131ralar\u0131na yerle\u015fti. Sahne ald\u0131\u011f\u0131 bir mekanda kendisine getirilen \u015fampanyay\u0131 be\u011fenmeyen \u00fcnl\u00fc pop\u00e7u skandal bir harekete imza att\u0131. Akal\u0131n\u2019\u0131n sahnedeki hareketine tepki ya\u011fd\u0131. Hem a\u00e7\u0131klamalar\u0131 hem de sosyal medya \u00fczerinden yapt\u0131\u011f\u0131 payla\u015f\u0131mlarla s\u0131k s\u0131k ad\u0131ndan bahsettiren \u00fcnl\u00fc \u015fark\u0131c\u0131 Demet Akal\u0131n, sahne ald\u0131\u011f\u0131 bir mekanda yapt\u0131\u011f\u0131 hareketle g\u00fcndem oldu. Akal\u0131n\u2019\u0131n garsona yapt\u0131\u011f\u0131 skandal harekete tepki ya\u011farken mekanda \u00e7ekilen g\u00f6r\u00fcnt\u00fcler sosyal medyada k\u0131sa s\u00fcrede g\u00fcndem oldu.<\/p>\n<p><strong>GARSONUN KAFASINDAN A\u015eA\u011eI \u015eAMPANYA D\u00d6KT\u00dc<\/strong><\/p>\n<p>Sosyal medyay\u0131 \u00e7ok aktif bir \u015fekilde kullanan \u00fcnl\u00fc pop\u00e7u Demet Akal\u0131n, yapt\u0131\u011f\u0131 a\u00e7\u0131klamalar ve payla\u015f\u0131mlarla s\u0131k s\u0131k g\u00fcndeme geliyor. Magazin d\u00fcnyas\u0131n\u0131n en \u00e7ok konu\u015fulan isimlerinden biri olan Akal\u0131n, hem \u00f6zel hayat\u0131 hem de \u015fark\u0131lar\u0131yla ad\u0131ndan s\u0131k\u00e7a bahsettiriyor. Demet Akal\u0131n\u2019\u0131n sahne ald\u0131\u011f\u0131 bir mekanda garsona yapt\u0131\u011f\u0131 hareket tepki toplad\u0131. \u00dcnl\u00fc \u015fark\u0131c\u0131n\u0131n sahne ald\u0131\u011f\u0131 mekanda kendisine getirilen \u015fampanyay\u0131 be\u011fenmemesi \u00fczerine elindeki kadehi garsonun ba\u015f\u0131ndan a\u015fa\u011f\u0131 d\u00f6kt\u00fc\u011f\u00fc g\u00f6r\u00fcld\u00fc. Akal\u0131n, \u2018Resmen elma suyu vermi\u015fsin bana\u2019 s\u00f6zleriyle de garsona isyan etti.<\/p>\n<p><img loading=\"lazy\" decoding=\"async\" class=\"aligncenter wp-image-31071 size-full\" src=\"https:\/\/adanaseshaber.com.tr\/wp-content\/uploads\/2022\/08\/demet-akalin-begenmedigi-sampanyayi-garsonun-kafasindan-asagi-doktu-1.jpg\" alt=\"\" width=\"1280\" height=\"720\" srcset=\"https:\/\/adanaseshaber.com.tr\/wp-content\/uploads\/2022\/08\/demet-akalin-begenmedigi-sampanyayi-garsonun-kafasindan-asagi-doktu-1.jpg 1280w, https:\/\/adanaseshaber.com.tr\/wp-content\/uploads\/2022\/08\/demet-akalin-begenmedigi-sampanyayi-garsonun-kafasindan-asagi-doktu-1-300x169.jpg 300w, https:\/\/adanaseshaber.com.tr\/wp-content\/uploads\/2022\/08\/demet-akalin-begenmedigi-sampanyayi-garsonun-kafasindan-asagi-doktu-1-1024x576.jpg 1024w, https:\/\/adanaseshaber.com.tr\/wp-content\/uploads\/2022\/08\/demet-akalin-begenmedigi-sampanyayi-garsonun-kafasindan-asagi-doktu-1-768x432.jpg 768w, https:\/\/adanaseshaber.com.tr\/wp-content\/uploads\/2022\/08\/demet-akalin-begenmedigi-sampanyayi-garsonun-kafasindan-asagi-doktu-1-390x220.jpg 390w\" sizes=\"auto, (max-width: 1280px) 100vw, 1280px\" \/><\/p>\n<p><strong>TEPK\u0130 YA\u011eIYOR<\/strong><\/p>\n<p>Sahne ald\u0131\u011f\u0131 mekanda garsona yapt\u0131\u011f\u0131 hareketle g\u00fcndem olan Akal\u0131n\u2019a sosyal medyada tepki ya\u011f\u0131yor. Akal\u0131n\u2019\u0131n garsonun ba\u015f\u0131ndan a\u015fa\u011f\u0131 \u015fampanya d\u00f6kt\u00fc\u011f\u00fc anlar bir cep telefonu kameras\u0131na saniye saniye yans\u0131rken g\u00f6r\u00fcnt\u00fcler sosyal medyada da h\u0131zla yay\u0131ld\u0131. G\u00f6r\u00fcnt\u00fcler h\u0131zla g\u00fcndem olurken binlerce sosyal medya kullan\u0131c\u0131s\u0131 yapt\u0131klar\u0131 yorumlarla olaya tepki g\u00f6sterdi.<\/p>\n<p>&nbsp;<\/p>\n","protected":false},"excerpt":{"rendered":"<p>Yapt\u0131\u011f\u0131 a\u00e7\u0131klamalar ve payla\u015f\u0131mlar\u0131yla s\u0131k s\u0131k g\u00fcndeme gelen \u00fcnl\u00fc pop\u00e7u Demet Akal\u0131n, sahne ald\u0131\u011f\u0131 bir mekanda garsona yapt\u0131\u011f\u0131 hareketle magazin g\u00fcndeminin ilk s\u0131ralar\u0131na yerle\u015fti. Sahne ald\u0131\u011f\u0131 bir mekanda kendisine getirilen \u015fampanyay\u0131 be\u011fenmeyen \u00fcnl\u00fc pop\u00e7u skandal bir harekete imza att\u0131. Akal\u0131n\u2019\u0131n sahnedeki hareketine tepki ya\u011fd\u0131. Hem a\u00e7\u0131klamalar\u0131 hem de sosyal medya \u00fczerinden yapt\u0131\u011f\u0131 payla\u015f\u0131mlarla s\u0131k s\u0131k &hellip;<\/p>\n","protected":false},"author":6,"featured_media":31069,"comment_status":"closed","ping_status":"closed","sticky":false,"template":"","format":"standard","meta":{"footnotes":""},"categories":[15431],"tags":[],"class_list":["post-31068","post","type-post","status-publish","format-standard","has-post-thumbnail","hentry","category-medya"],"amp_enabled":true,"_links":{"self":[{"href":"https:\/\/adanaseshaber.com.tr\/index.php?rest_route=\/wp\/v2\/posts\/31068","targetHints":{"allow":["GET"]}}],"collection":[{"href":"https:\/\/adanaseshaber.com.tr\/index.php?rest_route=\/wp\/v2\/posts"}],"about":[{"href":"https:\/\/adanaseshaber.com.tr\/index.php?rest_route=\/wp\/v2\/types\/post"}],"author":[{"embeddable":true,"href":"https:\/\/adanaseshaber.com.tr\/index.php?rest_route=\/wp\/v2\/users\/6"}],"replies":[{"embeddable":true,"href":"https:\/\/adanaseshaber.com.tr\/index.php?rest_route=%2Fwp%2Fv2%2Fcomments&post=31068"}],"version-history":[{"count":2,"href":"https:\/\/adanaseshaber.com.tr\/index.php?rest_route=\/wp\/v2\/posts\/31068\/revisions"}],"predecessor-version":[{"id":31072,"href":"https:\/\/adanaseshaber.com.tr\/index.php?rest_route=\/wp\/v2\/posts\/31068\/revisions\/31072"}],"wp:featuredmedia":[{"embeddable":true,"href":"https:\/\/adanaseshaber.com.tr\/index.php?rest_route=\/wp\/v2\/media\/31069"}],"wp:attachment":[{"href":"https:\/\/adanaseshaber.com.tr\/index.php?rest_route=%2Fwp%2Fv2%2Fmedia&parent=31068"}],"wp:term":[{"taxonomy":"category","embeddable":true,"href":"https:\/\/adanaseshaber.com.tr\/index.php?rest_route=%2Fwp%2Fv2%2Fcategories&post=31068"},{"taxonomy":"post_tag","embeddable":true,"href":"https:\/\/adanaseshaber.com.tr\/index.php?rest_route=%2Fwp%2Fv2%2Ftags&post=31068"}],"curies":[{"name":"wp","href":"https:\/\/api.w.org\/{rel}","templated":true}]}}