{"id":31140,"date":"2022-08-02T11:43:13","date_gmt":"2022-08-02T08:43:13","guid":{"rendered":"https:\/\/www.adanaseshaber.com\/?p=31140"},"modified":"2022-08-02T11:48:20","modified_gmt":"2022-08-02T08:48:20","slug":"saglik-bakani-fahrettin-koca-turkiyede-5-maymun-cicegi-vakasi-tespit-edildi","status":"publish","type":"post","link":"https:\/\/adanaseshaber.com.tr\/?p=31140","title":{"rendered":"Sa\u011fl\u0131k Bakan\u0131 Fahrettin Koca: T\u00fcrkiye\u2019de 5 maymun \u00e7i\u00e7e\u011fi vakas\u0131 tespit edildi"},"content":{"rendered":"<p>T\u00fcm d\u00fcnyay\u0131 tehdit eden maymun \u00e7i\u00e7e\u011fi vir\u00fcs\u00fcyle ilgili Sa\u011fl\u0131k Bakan\u0131 Fahrettin Koca\u2019dan yeni bir a\u00e7\u0131klama geldi. \u00dclkemizde ilk kez 30 Haziran a\u00e7\u0131klanan maymun \u00e7i\u00e7e\u011fi vakas\u0131nda art\u0131\u015f ya\u015fand\u0131\u011f\u0131 a\u00e7\u0131kland\u0131. Vakalardaki art\u0131\u015f\u0131 Sa\u011fl\u0131k Bakan\u0131 Fahrettin Koca duyururken Bakan Koca, maymun \u00e7i\u00e7e\u011fi vir\u00fcs\u00fc tespit edilen hastalar\u0131n sa\u011fl\u0131k durumlar\u0131yla ilgili de bilgi payla\u015ft\u0131. Bakan Koca, Haziran ay\u0131nda a\u00e7\u0131klanan maymun \u00e7i\u00e7e\u011fi vakalar\u0131nda art\u0131\u015f ya\u015fand\u0131\u011f\u0131n\u0131 duyurdu. \u00dclkemizde 5 maymun \u00e7i\u00e7e\u011fi vakas\u0131 tespit edildi\u011fini duyuran Bakan Koca, 4 hastan\u0131n iyile\u015fti\u011fini 1 hastan\u0131n ise tedavi alt\u0131nda oldu\u011funu aktard\u0131. \u00d6te yandan maymun \u00e7i\u00e7e\u011fi vir\u00fcs\u00fcnden \u00fclkeler baz\u0131nda ilk \u00f6l\u00fcm haberleri de gelmeye ba\u015flad\u0131. \u0130\u015fte detaylar\u2026<\/p>\n<p><strong>\u0130LK MAYMUN \u00c7\u0130\u00c7E\u011e\u0130 VAKASI HAZ\u0130RAN AYINDA TESP\u0130T ED\u0130LM\u0130\u015eT\u0130<\/strong><\/p>\n<p>D\u00fcnya genelinde etkili olan koronavir\u00fcs salg\u0131n\u0131 hen\u00fcz tehdit olmaktan \u00e7\u0131kmam\u0131\u015fken \u00e7ok say\u0131da \u00fclkede maymun \u00e7i\u00e7e\u011fi alarm\u0131 verildi. T\u00fcrkiye\u2019de ilk maymun \u00e7i\u00e7e\u011fi vakas\u0131 30 Haziran 2022 tarihinde tespit edilmi\u015fti. Konuyla ilgili a\u00e7\u0131klama yapan Sa\u011fl\u0131k Bakan\u0131 Fahrettin Koca, 1 hastada maymun \u00e7i\u00e7e\u011fi hastal\u0131\u011f\u0131 tespit edildi\u011fini duyurmu\u015f ve \u2018Hasta 37 ya\u015f\u0131nda, ba\u011f\u0131\u015f\u0131kl\u0131k sistemi yetersizli\u011fi var. Kendisi tecrit edilmi\u015f durumda. Temasl\u0131 takibi yap\u0131ld\u0131, ba\u015fka bir vakaya rastlanmad\u0131. Bilindi\u011fi gibi bu hastal\u0131k solunum yoluyla de\u011fil, yak\u0131n fiziksel temasla bula\u015f\u0131yor.\u2019 demi\u015fti.<\/p>\n<p><img loading=\"lazy\" decoding=\"async\" class=\"aligncenter wp-image-31149 size-full\" src=\"https:\/\/adanaseshaber.com.tr\/wp-content\/uploads\/2022\/08\/saglik-bakani-fahrettin-koca-turkiyede-5-maymun-cicegi-vakasi-tespit-edildi.jpeg\" alt=\"\" width=\"1280\" height=\"720\" srcset=\"https:\/\/adanaseshaber.com.tr\/wp-content\/uploads\/2022\/08\/saglik-bakani-fahrettin-koca-turkiyede-5-maymun-cicegi-vakasi-tespit-edildi.jpeg 1280w, https:\/\/adanaseshaber.com.tr\/wp-content\/uploads\/2022\/08\/saglik-bakani-fahrettin-koca-turkiyede-5-maymun-cicegi-vakasi-tespit-edildi-300x169.jpeg 300w, https:\/\/adanaseshaber.com.tr\/wp-content\/uploads\/2022\/08\/saglik-bakani-fahrettin-koca-turkiyede-5-maymun-cicegi-vakasi-tespit-edildi-1024x576.jpeg 1024w, https:\/\/adanaseshaber.com.tr\/wp-content\/uploads\/2022\/08\/saglik-bakani-fahrettin-koca-turkiyede-5-maymun-cicegi-vakasi-tespit-edildi-768x432.jpeg 768w, https:\/\/adanaseshaber.com.tr\/wp-content\/uploads\/2022\/08\/saglik-bakani-fahrettin-koca-turkiyede-5-maymun-cicegi-vakasi-tespit-edildi-390x220.jpeg 390w\" sizes=\"auto, (max-width: 1280px) 100vw, 1280px\" \/><\/p>\n<p><strong>VAKA SAYISI ARTTI<\/strong><\/p>\n<p>Maymun \u00e7i\u00e7e\u011fi hastal\u0131\u011f\u0131yla ilgili bug\u00fcn yeni bir a\u00e7\u0131klama daha yapan Sa\u011fl\u0131k Bakan\u0131 Fahrettin Koca, \u00fclkemizdeki maymun \u00e7i\u00e7e\u011fi vakalar\u0131n\u0131n artt\u0131\u011f\u0131n\u0131 duyurdu. Bakan Koca, &#8216;\u00dclkemizde 5 maymun \u00e7i\u00e7e\u011fi vakas\u0131 tespit edildi. 4 hasta iyile\u015fti, 1 tedavi alt\u0131nda. Hastal\u0131k yak\u0131n temasla bula\u015f\u0131yor, pandemi riski yok.&#8217; ifadelerine yer verdi.<\/p>\n<p><strong>PERU&#8217;DA 1 K\u0130\u015e\u0130 HAYATINI KAYBETT\u0130<\/strong><\/p>\n<p>T\u00fcm d\u00fcnyada h\u0131zla yay\u0131lmaya devam eden maymun \u00e7i\u00e7e\u011fi vir\u00fcs\u00fcyle ilgili yeni geli\u015fmeler de aktar\u0131lmaya devam ediliyor. Hastal\u0131kla ilgili maalesef ilk \u00f6l\u00fcm haberleri de pe\u015f pe\u015fe geldi. Brezilya, Nijerya, Hindistan, \u0130spanya ve Gana&#8217;n\u0131n ard\u0131ndan bir \u00f6l\u00fcm haberi de Peru&#8217;dan geldi. Peru&#8217;da maymun \u00e7i\u00e7e\u011fi sebebiyle ilk kez 1 ki\u015finin hayat\u0131n\u0131 kaybetti\u011fi a\u00e7\u0131kland\u0131.<\/p>\n","protected":false},"excerpt":{"rendered":"<p>T\u00fcm d\u00fcnyay\u0131 tehdit eden maymun \u00e7i\u00e7e\u011fi vir\u00fcs\u00fcyle ilgili Sa\u011fl\u0131k Bakan\u0131 Fahrettin Koca\u2019dan yeni bir a\u00e7\u0131klama geldi. \u00dclkemizde ilk kez 30 Haziran a\u00e7\u0131klanan maymun \u00e7i\u00e7e\u011fi vakas\u0131nda art\u0131\u015f ya\u015fand\u0131\u011f\u0131 a\u00e7\u0131kland\u0131. Vakalardaki art\u0131\u015f\u0131 Sa\u011fl\u0131k Bakan\u0131 Fahrettin Koca duyururken Bakan Koca, maymun \u00e7i\u00e7e\u011fi vir\u00fcs\u00fc tespit edilen hastalar\u0131n sa\u011fl\u0131k durumlar\u0131yla ilgili de bilgi payla\u015ft\u0131. Bakan Koca, Haziran ay\u0131nda a\u00e7\u0131klanan maymun &hellip;<\/p>\n","protected":false},"author":6,"featured_media":31141,"comment_status":"closed","ping_status":"closed","sticky":false,"template":"","format":"standard","meta":{"footnotes":""},"categories":[9],"tags":[],"class_list":["post-31140","post","type-post","status-publish","format-standard","has-post-thumbnail","hentry","category-saglik"],"amp_enabled":true,"_links":{"self":[{"href":"https:\/\/adanaseshaber.com.tr\/index.php?rest_route=\/wp\/v2\/posts\/31140","targetHints":{"allow":["GET"]}}],"collection":[{"href":"https:\/\/adanaseshaber.com.tr\/index.php?rest_route=\/wp\/v2\/posts"}],"about":[{"href":"https:\/\/adanaseshaber.com.tr\/index.php?rest_route=\/wp\/v2\/types\/post"}],"author":[{"embeddable":true,"href":"https:\/\/adanaseshaber.com.tr\/index.php?rest_route=\/wp\/v2\/users\/6"}],"replies":[{"embeddable":true,"href":"https:\/\/adanaseshaber.com.tr\/index.php?rest_route=%2Fwp%2Fv2%2Fcomments&post=31140"}],"version-history":[{"count":5,"href":"https:\/\/adanaseshaber.com.tr\/index.php?rest_route=\/wp\/v2\/posts\/31140\/revisions"}],"predecessor-version":[{"id":31150,"href":"https:\/\/adanaseshaber.com.tr\/index.php?rest_route=\/wp\/v2\/posts\/31140\/revisions\/31150"}],"wp:featuredmedia":[{"embeddable":true,"href":"https:\/\/adanaseshaber.com.tr\/index.php?rest_route=\/wp\/v2\/media\/31141"}],"wp:attachment":[{"href":"https:\/\/adanaseshaber.com.tr\/index.php?rest_route=%2Fwp%2Fv2%2Fmedia&parent=31140"}],"wp:term":[{"taxonomy":"category","embeddable":true,"href":"https:\/\/adanaseshaber.com.tr\/index.php?rest_route=%2Fwp%2Fv2%2Fcategories&post=31140"},{"taxonomy":"post_tag","embeddable":true,"href":"https:\/\/adanaseshaber.com.tr\/index.php?rest_route=%2Fwp%2Fv2%2Ftags&post=31140"}],"curies":[{"name":"wp","href":"https:\/\/api.w.org\/{rel}","templated":true}]}}