{"id":31157,"date":"2022-08-02T12:03:36","date_gmt":"2022-08-02T09:03:36","guid":{"rendered":"https:\/\/www.adanaseshaber.com\/?p=31157"},"modified":"2022-08-02T12:05:41","modified_gmt":"2022-08-02T09:05:41","slug":"garsonun-kafasindan-asagi-icki-dokmustu-demet-akalin-kendini-boyle-savundu","status":"publish","type":"post","link":"https:\/\/adanaseshaber.com.tr\/?p=31157","title":{"rendered":"Garsonun kafas\u0131ndan a\u015fa\u011f\u0131 i\u00e7ki d\u00f6km\u00fc\u015ft\u00fc! Demet Akal\u0131n kendini b\u00f6yle savundu"},"content":{"rendered":"<p>Sahne ald\u0131\u011f\u0131 bir mekanda kendisine getirilen i\u00e7kiyi be\u011fenmeyen ve garsonun kafas\u0131ndan a\u015fa\u011f\u0131 d\u00f6ken \u00fcnl\u00fc pop\u00e7u Demet Akal\u0131n\u2019\u0131n bu hareketi tepki toplam\u0131\u015ft\u0131. Demet Akal\u0131n\u2019\u0131n garsonun kafas\u0131ndan a\u015fa\u011f\u0131 i\u00e7ki d\u00f6kt\u00fc\u011f\u00fc anlar sosyal medyan\u0131n g\u00fcndemine oturmu\u015f ve g\u00f6r\u00fcnt\u00fcler h\u0131zla yay\u0131lm\u0131\u015ft\u0131. Sosyal medyada g\u00fcndem olan ve tepkilere yol a\u00e7an g\u00f6r\u00fcnt\u00fclerle ilgili sessizli\u011fini bozan Akal\u0131n, kendini savunan bir a\u00e7\u0131klama yapt\u0131. Sahne ald\u0131\u011f\u0131 mekanda garsona yapt\u0131\u011f\u0131 hareket sonras\u0131nda adeta lin\u00e7 edilen \u00fcnl\u00fc \u015fark\u0131c\u0131 Demet Akal\u0131n\u2019dan a\u00e7\u0131klama geldi. \u0130\u00e7ki d\u00f6kme g\u00f6r\u00fcnt\u00fcleri sosyal medya \u00fczerinde h\u0131zla yay\u0131l\u0131rken \u00fcnl\u00fc pop\u00e7u da ya\u015fanan olayla ilgili sessizli\u011fini bozdu. Formula 1\u2019deki i\u00e7ki d\u00f6kme gelene\u011finin foto\u011fraf\u0131n\u0131 payla\u015fan \u015fark\u0131c\u0131, \u2018\u0130lk sahnede \u00f6de\u015fece\u011fiz\u2019 notunu d\u00fc\u015ft\u00fc. \u0130\u015fte detaylar\u2026<\/p>\n<p><strong>\u0130\u00c7K\u0130Y\u0130 GARSONUN KAFASINDAN A\u015eA\u011eI D\u00d6KM\u00dc\u015eT\u00dc<\/strong><\/p>\n<p>Yapt\u0131\u011f\u0131 a\u00e7\u0131klamalar ve payla\u015f\u0131mlarla s\u0131k s\u0131k g\u00fcndeme gelen ve sosyal medyay\u0131 en aktif kullanan \u00fcnl\u00fcler aras\u0131nda olan Demet Akal\u0131n, son konserinde kendisine getirilen i\u00e7kiyi be\u011fenmemi\u015f ve sahnenin ortas\u0131nda be\u011fenmedi\u011fi i\u00e7kiyi garsonun kafas\u0131ndan a\u015fa\u011f\u0131 d\u00f6km\u00fc\u015ft\u00fc. Akal\u0131n\u2019\u0131n garsonun kafas\u0131ndan a\u015fa\u011f\u0131 i\u00e7ki d\u00f6kt\u00fc\u011f\u00fc anlar ise mekandaki cep telefonu kameralar\u0131na saniye saniye yans\u0131m\u0131\u015ft\u0131. K\u0131sa s\u00fcrede g\u00fcndem olan g\u00f6r\u00fcnt\u00fclere tepki ya\u011fd\u0131.<\/p>\n<p><img loading=\"lazy\" decoding=\"async\" class=\"aligncenter wp-image-31161 size-full\" src=\"https:\/\/adanaseshaber.com.tr\/wp-content\/uploads\/2022\/08\/garsonun-kafasindan-asagi-icki-dokmustu-demet-akalin-kendini-boyle-savundu-1.jpg\" alt=\"\" width=\"1280\" height=\"720\" srcset=\"https:\/\/adanaseshaber.com.tr\/wp-content\/uploads\/2022\/08\/garsonun-kafasindan-asagi-icki-dokmustu-demet-akalin-kendini-boyle-savundu-1.jpg 1280w, https:\/\/adanaseshaber.com.tr\/wp-content\/uploads\/2022\/08\/garsonun-kafasindan-asagi-icki-dokmustu-demet-akalin-kendini-boyle-savundu-1-300x169.jpg 300w, https:\/\/adanaseshaber.com.tr\/wp-content\/uploads\/2022\/08\/garsonun-kafasindan-asagi-icki-dokmustu-demet-akalin-kendini-boyle-savundu-1-1024x576.jpg 1024w, https:\/\/adanaseshaber.com.tr\/wp-content\/uploads\/2022\/08\/garsonun-kafasindan-asagi-icki-dokmustu-demet-akalin-kendini-boyle-savundu-1-768x432.jpg 768w, https:\/\/adanaseshaber.com.tr\/wp-content\/uploads\/2022\/08\/garsonun-kafasindan-asagi-icki-dokmustu-demet-akalin-kendini-boyle-savundu-1-390x220.jpg 390w\" sizes=\"auto, (max-width: 1280px) 100vw, 1280px\" \/><\/p>\n<p><strong>\u2018RESMEN ELMA SUYU VERM\u0130\u015eS\u0130N BANA\u2019<\/strong><\/p>\n<p>Bir mekanda sahne alan \u00fcnl\u00fc pop\u00e7u Demet Akal\u0131n, kendisine g\u00f6nderilen i\u00e7kiyi be\u011fenmedi ve elindeki i\u00e7kiyi garsonun ba\u015f\u0131ndan a\u015fa\u011f\u0131 d\u00f6kt\u00fc. Bu anlarda \u2018Resmen elma suyu vermi\u015fsin bana\u2019 ifadelerini kullanan Akal\u0131n, olay\u0131n ard\u0131ndan getirilen i\u00e7kiyi sahnede a\u00e7arak i\u00e7ti.<\/p>\n<p><img loading=\"lazy\" decoding=\"async\" class=\"aligncenter wp-image-31163 size-full\" src=\"https:\/\/adanaseshaber.com.tr\/wp-content\/uploads\/2022\/08\/garsonun-kafasindan-asagi-icki-dokmustu-demet-akalin-kendini-boyle-savundu-2.jpg\" alt=\"\" width=\"1280\" height=\"720\" srcset=\"https:\/\/adanaseshaber.com.tr\/wp-content\/uploads\/2022\/08\/garsonun-kafasindan-asagi-icki-dokmustu-demet-akalin-kendini-boyle-savundu-2.jpg 1280w, https:\/\/adanaseshaber.com.tr\/wp-content\/uploads\/2022\/08\/garsonun-kafasindan-asagi-icki-dokmustu-demet-akalin-kendini-boyle-savundu-2-300x169.jpg 300w, https:\/\/adanaseshaber.com.tr\/wp-content\/uploads\/2022\/08\/garsonun-kafasindan-asagi-icki-dokmustu-demet-akalin-kendini-boyle-savundu-2-1024x576.jpg 1024w, https:\/\/adanaseshaber.com.tr\/wp-content\/uploads\/2022\/08\/garsonun-kafasindan-asagi-icki-dokmustu-demet-akalin-kendini-boyle-savundu-2-768x432.jpg 768w, https:\/\/adanaseshaber.com.tr\/wp-content\/uploads\/2022\/08\/garsonun-kafasindan-asagi-icki-dokmustu-demet-akalin-kendini-boyle-savundu-2-390x220.jpg 390w\" sizes=\"auto, (max-width: 1280px) 100vw, 1280px\" \/><\/p>\n<p><strong>A\u00c7IKLAMA GELD\u0130<\/strong><\/p>\n<p>Garsonun kafas\u0131ndan a\u015fa\u011f\u0131 i\u00e7ki d\u00f6kmesi sebebiyle sosyal medyan\u0131n g\u00fcndemine yerle\u015fen ve tepki \u00fcst\u00fcne tepki alan Demet Akal\u0131n, sessizli\u011fini bozdu. Kendisine yap\u0131lan ele\u015ftirilere yan\u0131t veren \u00fcnl\u00fc pop\u00e7u, sosyal medya hesab\u0131ndan Formula 1\u2019deki i\u00e7ki d\u00f6kme gelene\u011fini payla\u015ft\u0131 ve \u2018\u0130lk sahnede \u00f6de\u015fece\u011fiz\u2019 notunu d\u00fc\u015ft\u00fc.<\/p>\n","protected":false},"excerpt":{"rendered":"<p>Sahne ald\u0131\u011f\u0131 bir mekanda kendisine getirilen i\u00e7kiyi be\u011fenmeyen ve garsonun kafas\u0131ndan a\u015fa\u011f\u0131 d\u00f6ken \u00fcnl\u00fc pop\u00e7u Demet Akal\u0131n\u2019\u0131n bu hareketi tepki toplam\u0131\u015ft\u0131. Demet Akal\u0131n\u2019\u0131n garsonun kafas\u0131ndan a\u015fa\u011f\u0131 i\u00e7ki d\u00f6kt\u00fc\u011f\u00fc anlar sosyal medyan\u0131n g\u00fcndemine oturmu\u015f ve g\u00f6r\u00fcnt\u00fcler h\u0131zla yay\u0131lm\u0131\u015ft\u0131. Sosyal medyada g\u00fcndem olan ve tepkilere yol a\u00e7an g\u00f6r\u00fcnt\u00fclerle ilgili sessizli\u011fini bozan Akal\u0131n, kendini savunan bir a\u00e7\u0131klama yapt\u0131. &hellip;<\/p>\n","protected":false},"author":6,"featured_media":31158,"comment_status":"closed","ping_status":"closed","sticky":false,"template":"","format":"standard","meta":{"footnotes":""},"categories":[15431],"tags":[],"class_list":["post-31157","post","type-post","status-publish","format-standard","has-post-thumbnail","hentry","category-medya"],"amp_enabled":true,"_links":{"self":[{"href":"https:\/\/adanaseshaber.com.tr\/index.php?rest_route=\/wp\/v2\/posts\/31157","targetHints":{"allow":["GET"]}}],"collection":[{"href":"https:\/\/adanaseshaber.com.tr\/index.php?rest_route=\/wp\/v2\/posts"}],"about":[{"href":"https:\/\/adanaseshaber.com.tr\/index.php?rest_route=\/wp\/v2\/types\/post"}],"author":[{"embeddable":true,"href":"https:\/\/adanaseshaber.com.tr\/index.php?rest_route=\/wp\/v2\/users\/6"}],"replies":[{"embeddable":true,"href":"https:\/\/adanaseshaber.com.tr\/index.php?rest_route=%2Fwp%2Fv2%2Fcomments&post=31157"}],"version-history":[{"count":4,"href":"https:\/\/adanaseshaber.com.tr\/index.php?rest_route=\/wp\/v2\/posts\/31157\/revisions"}],"predecessor-version":[{"id":31164,"href":"https:\/\/adanaseshaber.com.tr\/index.php?rest_route=\/wp\/v2\/posts\/31157\/revisions\/31164"}],"wp:featuredmedia":[{"embeddable":true,"href":"https:\/\/adanaseshaber.com.tr\/index.php?rest_route=\/wp\/v2\/media\/31158"}],"wp:attachment":[{"href":"https:\/\/adanaseshaber.com.tr\/index.php?rest_route=%2Fwp%2Fv2%2Fmedia&parent=31157"}],"wp:term":[{"taxonomy":"category","embeddable":true,"href":"https:\/\/adanaseshaber.com.tr\/index.php?rest_route=%2Fwp%2Fv2%2Fcategories&post=31157"},{"taxonomy":"post_tag","embeddable":true,"href":"https:\/\/adanaseshaber.com.tr\/index.php?rest_route=%2Fwp%2Fv2%2Ftags&post=31157"}],"curies":[{"name":"wp","href":"https:\/\/api.w.org\/{rel}","templated":true}]}}