{"id":31165,"date":"2022-08-02T12:26:47","date_gmt":"2022-08-02T09:26:47","guid":{"rendered":"https:\/\/www.adanaseshaber.com\/?p=31165"},"modified":"2022-08-02T12:27:58","modified_gmt":"2022-08-02T09:27:58","slug":"fahriye-evcen-ve-oglu-karan-koronaviruse-yakalandi","status":"publish","type":"post","link":"https:\/\/adanaseshaber.com.tr\/?p=31165","title":{"rendered":"Fahriye Evcen ve o\u011flu Karan koronavir\u00fcse yakaland\u0131"},"content":{"rendered":"<p>\u0130kinci kez anne olmaya haz\u0131rlanan \u00fcnl\u00fc oyuncu Fahriye Evcen ve 3 ya\u015f\u0131ndaki o\u011flu Karan koronavir\u00fcse yakaland\u0131. 3,5 ayl\u0131k hamile olan ve ikinci bebek heyecan\u0131 ya\u015fayan Fahriye Evcen ve o\u011flu Karan\u2019\u0131n koronavir\u00fcse yakaland\u0131\u011f\u0131 haberi magazin man\u015fetlerinin ilk s\u0131ralar\u0131na yerle\u015fti. Anne ve o\u011fulun evlerinde karantinaya girdi\u011fi \u00f6\u011frenildi. \u015eimdilerde Bodrum&#8217;da tatil yapan \u00d6z\u00e7ivit ailesi ikinci bebeklerini kucaklar\u0131na almak i\u00e7in g\u00fcn say\u0131yor. Bir s\u00fcredir tatilin tad\u0131n\u0131 \u00e7\u0131karan Fahriye Evcen ve o\u011flu Karan \u00d6z\u00e7ivit\u2019in rahats\u0131zlanarak hastaneye kald\u0131r\u0131ld\u0131klar\u0131 ve koronavir\u00fcs testlerinin pozitif \u00e7\u0131kt\u0131\u011f\u0131 \u00f6\u011frenildi. Anne ve o\u011fulun sa\u011fl\u0131k durumlar\u0131n\u0131n iyi oldu\u011fu bilgisine ula\u015f\u0131ld\u0131. \u0130\u015fte detaylar\u2026<\/p>\n<p><strong>KORONAV\u0130R\u00dcSE YAKALANDILAR<\/strong><\/p>\n<p>Fahriye Evcen ve Burak \u00d6z\u00e7ivit, ikinci kez anne ve baba olmaya haz\u0131rlan\u0131yor. \u00c7iftin 3 ya\u015f\u0131nda Karan isminde bir \u00e7ocuklar\u0131 bulunuyor. Ge\u00e7ti\u011fimiz haftalarda hamile oldu\u011fu m\u00fcjdesini veren Fahriye Evcen, ailesiyle birlikte tatilin tad\u0131n\u0131 \u00e7\u0131kar\u0131yor. Bodrum\u2019da tatil yapan Fahriye Evcen ve o\u011flu Karan\u2019\u0131n rahats\u0131zlanarak hastaneye kald\u0131r\u0131ld\u0131klar\u0131 ortaya \u00e7\u0131kt\u0131. Anne ve o\u011fulun koronavir\u00fcs testinin pozitif \u00e7\u0131kt\u0131\u011f\u0131 ve evlerinde karantinaya girdikleri \u00f6\u011frenildi.<\/p>\n<p><img loading=\"lazy\" decoding=\"async\" class=\"aligncenter wp-image-31168 size-full\" src=\"https:\/\/adanaseshaber.com.tr\/wp-content\/uploads\/2022\/08\/fahriye-evcen-ve-oglu-karan-koronaviruse-yakalandi-1.jpg\" alt=\"\" width=\"1280\" height=\"720\" srcset=\"https:\/\/adanaseshaber.com.tr\/wp-content\/uploads\/2022\/08\/fahriye-evcen-ve-oglu-karan-koronaviruse-yakalandi-1.jpg 1280w, https:\/\/adanaseshaber.com.tr\/wp-content\/uploads\/2022\/08\/fahriye-evcen-ve-oglu-karan-koronaviruse-yakalandi-1-300x169.jpg 300w, https:\/\/adanaseshaber.com.tr\/wp-content\/uploads\/2022\/08\/fahriye-evcen-ve-oglu-karan-koronaviruse-yakalandi-1-1024x576.jpg 1024w, https:\/\/adanaseshaber.com.tr\/wp-content\/uploads\/2022\/08\/fahriye-evcen-ve-oglu-karan-koronaviruse-yakalandi-1-768x432.jpg 768w, https:\/\/adanaseshaber.com.tr\/wp-content\/uploads\/2022\/08\/fahriye-evcen-ve-oglu-karan-koronaviruse-yakalandi-1-390x220.jpg 390w\" sizes=\"auto, (max-width: 1280px) 100vw, 1280px\" \/><\/p>\n<p><strong>SA\u011eLIK DURUMLARI \u0130Y\u0130<\/strong><\/p>\n<p>Oyuncu \u00e7ift Burak \u00d6z\u00e7ivit ve Fahriye Evcen\u2019in 3 ya\u015f\u0131ndaki o\u011fullar\u0131 Karan \u00d6z\u00e7ivit, koronavir\u00fcse yakaland\u0131. O\u011flunun ard\u0131ndan 3,5 ayl\u0131k hamile olan Fahriye Evcen\u2019in de Bodrum\u2019daki \u00f6zel bir hastaneye giderek test yapt\u0131rd\u0131\u011f\u0131 ve test sonucunun pozitif \u00e7\u0131kt\u0131\u011f\u0131 bilgisine ula\u015f\u0131ld\u0131. Anne ve o\u011ful evlerinde karantinaya girerken e\u015fi ve o\u011flunun ard\u0131ndan Burak \u00d6z\u00e7ivit\u2019inde koronavir\u00fcs testi yapt\u0131raca\u011f\u0131 \u00f6\u011frenildi. Evcen ve o\u011flu Karan\u2019\u0131n sa\u011fl\u0131k durumlar\u0131n\u0131n iyi oldu\u011fu bilgisine ula\u015f\u0131ld\u0131.<\/p>\n<p>&nbsp;<\/p>\n","protected":false},"excerpt":{"rendered":"<p>\u0130kinci kez anne olmaya haz\u0131rlanan \u00fcnl\u00fc oyuncu Fahriye Evcen ve 3 ya\u015f\u0131ndaki o\u011flu Karan koronavir\u00fcse yakaland\u0131. 3,5 ayl\u0131k hamile olan ve ikinci bebek heyecan\u0131 ya\u015fayan Fahriye Evcen ve o\u011flu Karan\u2019\u0131n koronavir\u00fcse yakaland\u0131\u011f\u0131 haberi magazin man\u015fetlerinin ilk s\u0131ralar\u0131na yerle\u015fti. Anne ve o\u011fulun evlerinde karantinaya girdi\u011fi \u00f6\u011frenildi. \u015eimdilerde Bodrum&#8217;da tatil yapan \u00d6z\u00e7ivit ailesi ikinci bebeklerini kucaklar\u0131na almak &hellip;<\/p>\n","protected":false},"author":6,"featured_media":31166,"comment_status":"closed","ping_status":"closed","sticky":false,"template":"","format":"standard","meta":{"footnotes":""},"categories":[15431],"tags":[],"class_list":["post-31165","post","type-post","status-publish","format-standard","has-post-thumbnail","hentry","category-medya"],"amp_enabled":true,"_links":{"self":[{"href":"https:\/\/adanaseshaber.com.tr\/index.php?rest_route=\/wp\/v2\/posts\/31165","targetHints":{"allow":["GET"]}}],"collection":[{"href":"https:\/\/adanaseshaber.com.tr\/index.php?rest_route=\/wp\/v2\/posts"}],"about":[{"href":"https:\/\/adanaseshaber.com.tr\/index.php?rest_route=\/wp\/v2\/types\/post"}],"author":[{"embeddable":true,"href":"https:\/\/adanaseshaber.com.tr\/index.php?rest_route=\/wp\/v2\/users\/6"}],"replies":[{"embeddable":true,"href":"https:\/\/adanaseshaber.com.tr\/index.php?rest_route=%2Fwp%2Fv2%2Fcomments&post=31165"}],"version-history":[{"count":2,"href":"https:\/\/adanaseshaber.com.tr\/index.php?rest_route=\/wp\/v2\/posts\/31165\/revisions"}],"predecessor-version":[{"id":31169,"href":"https:\/\/adanaseshaber.com.tr\/index.php?rest_route=\/wp\/v2\/posts\/31165\/revisions\/31169"}],"wp:featuredmedia":[{"embeddable":true,"href":"https:\/\/adanaseshaber.com.tr\/index.php?rest_route=\/wp\/v2\/media\/31166"}],"wp:attachment":[{"href":"https:\/\/adanaseshaber.com.tr\/index.php?rest_route=%2Fwp%2Fv2%2Fmedia&parent=31165"}],"wp:term":[{"taxonomy":"category","embeddable":true,"href":"https:\/\/adanaseshaber.com.tr\/index.php?rest_route=%2Fwp%2Fv2%2Fcategories&post=31165"},{"taxonomy":"post_tag","embeddable":true,"href":"https:\/\/adanaseshaber.com.tr\/index.php?rest_route=%2Fwp%2Fv2%2Ftags&post=31165"}],"curies":[{"name":"wp","href":"https:\/\/api.w.org\/{rel}","templated":true}]}}