{"id":31192,"date":"2022-08-02T13:57:39","date_gmt":"2022-08-02T10:57:39","guid":{"rendered":"https:\/\/www.adanaseshaber.com\/?p=31192"},"modified":"2022-08-02T14:18:50","modified_gmt":"2022-08-02T11:18:50","slug":"yediiklim-yayinkarinin-soru-kitapciklarinda-cikan-bazi-sorular-kpss-sinavinda-birebir-aynen-soruldu","status":"publish","type":"post","link":"https:\/\/adanaseshaber.com.tr\/?p=31192","title":{"rendered":"Yediiklim Yay\u0131nlar\u0131\u2019n\u0131n soru kitap\u00e7\u0131klar\u0131nda \u00e7\u0131kan baz\u0131 sorular KPSS s\u0131nav\u0131nda birebir aynen soruldu"},"content":{"rendered":"<p>Ge\u00e7ti\u011fimiz Pazar g\u00fcn\u00fc ger\u00e7ekle\u015ftirilen KPSS s\u0131nav\u0131yla ilgili g\u00fcndeme bomba gibi d\u00fc\u015fen bir kopya iddias\u0131 ortaya at\u0131ld\u0131. \u0130ddiaya g\u00f6re, daha \u00f6nce yap\u0131lan Yediiklim Yay\u0131nlar\u0131\u2019n\u0131n deneme s\u0131navlar\u0131nda sorulan baz\u0131 sorular KPSS s\u0131nav\u0131nda birebir ayn\u0131 soruldu. G\u00fcndeme bomba gibi d\u00fc\u015fen kopya iddias\u0131 sosyal medyay\u0131 aya\u011fa kald\u0131rd\u0131. KPPS Lisans oturumu ge\u00e7ti\u011fimiz Pazar g\u00fcn\u00fc ger\u00e7ekle\u015ftirildi. \u00d6SYM taraf\u0131ndan ger\u00e7ekle\u015ftirilen KPSS s\u0131nav\u0131yla ilgili kopya iddias\u0131 ortaya at\u0131ld\u0131. 31 Temmuz 2022 Pazar g\u00fcn\u00fc 2 oturum \u015feklinde ger\u00e7ekle\u015ftirilen s\u0131navla ilgili kopya iddialar\u0131 sosyal medyan\u0131n g\u00fcndemine yerle\u015fti.<\/p>\n<p><b>SORULAR VE \u015eIKLAR B\u0130REB\u0130R AYNI<\/b><\/p>\n<p>Pazar g\u00fcn\u00fc ger\u00e7ekle\u015ftirilen KPSS Lisans oturumu ile ilgili g\u00fcndeme gelen kopya ve sorular\u0131n \u00e7al\u0131nd\u0131\u011f\u0131na dair iddialar sosyal medyay\u0131 aya\u011fa kald\u0131rd\u0131. Yediiklim Yay\u0131nlar\u0131&#8217;n\u0131n soru kitap\u00e7\u0131klar\u0131 ve ders videolar\u0131ndaki sorular\u0131n birebir ayn\u0131s\u0131n\u0131n KPSS s\u0131nav\u0131nda sorulmas\u0131 kopya iddialar\u0131n\u0131 beraberinde getirdi. Olay sosyal medyan\u0131n g\u00fcndemine yerle\u015firken KPSS sorular\u0131n\u0131n \u00e7al\u0131nd\u0131\u011f\u0131na dair iddialar da y\u00fckselmeye ba\u015flad\u0131. KPSS A Grubu oturumuna kat\u0131lan baz\u0131 adaylar ve \u00f6\u011fretmenler s\u0131navda \u00e7\u0131kan baz\u0131 sorular\u0131n Yediiklim Yay\u0131nlar\u0131&#8217;n\u0131n d\u00fczenledi\u011fi deneme s\u0131navlar\u0131ndaki sorular\u0131n ayn\u0131s\u0131 oldu\u011funu iddia etti. Hatta sorular\u0131n yan\u0131 s\u0131ra \u015f\u0131klar\u0131n da birebir ayn\u0131 oldu\u011fu \u00f6ne s\u00fcr\u00fcld\u00fc.<\/p>\n<p><img loading=\"lazy\" decoding=\"async\" class=\"aligncenter wp-image-31203 size-full\" src=\"https:\/\/adanaseshaber.com.tr\/wp-content\/uploads\/2022\/08\/yediiklim-yayinkarinin-soru-kitapciklarinda-cikan-bazi-sorular-kpss-sinavinda-birebir-aynen-soruldu.jpeg\" alt=\"\" width=\"1280\" height=\"720\" srcset=\"https:\/\/adanaseshaber.com.tr\/wp-content\/uploads\/2022\/08\/yediiklim-yayinkarinin-soru-kitapciklarinda-cikan-bazi-sorular-kpss-sinavinda-birebir-aynen-soruldu.jpeg 1280w, https:\/\/adanaseshaber.com.tr\/wp-content\/uploads\/2022\/08\/yediiklim-yayinkarinin-soru-kitapciklarinda-cikan-bazi-sorular-kpss-sinavinda-birebir-aynen-soruldu-300x169.jpeg 300w, https:\/\/adanaseshaber.com.tr\/wp-content\/uploads\/2022\/08\/yediiklim-yayinkarinin-soru-kitapciklarinda-cikan-bazi-sorular-kpss-sinavinda-birebir-aynen-soruldu-1024x576.jpeg 1024w, https:\/\/adanaseshaber.com.tr\/wp-content\/uploads\/2022\/08\/yediiklim-yayinkarinin-soru-kitapciklarinda-cikan-bazi-sorular-kpss-sinavinda-birebir-aynen-soruldu-768x432.jpeg 768w, https:\/\/adanaseshaber.com.tr\/wp-content\/uploads\/2022\/08\/yediiklim-yayinkarinin-soru-kitapciklarinda-cikan-bazi-sorular-kpss-sinavinda-birebir-aynen-soruldu-390x220.jpeg 390w\" sizes=\"auto, (max-width: 1280px) 100vw, 1280px\" \/><\/p>\n<p><strong>\u015e\u0130KAYET YA\u011eDI<\/strong><\/p>\n<p>Sosyal medya \u00fczerinden konuyla ilgili onlarca payla\u015f\u0131m yap\u0131ld\u0131. Sosyal medya \u00fczerinden payla\u015f\u0131lan ve Yediiklim imzas\u0131n\u0131 ta\u015f\u0131yan deneme s\u0131nav\u0131 ile ilgili \u00e7ok say\u0131da sorunun KPSS s\u0131nav\u0131nda da soruldu\u011fu ve sorularla birlikte \u015f\u0131klar\u0131n da birebir ayn\u0131 oldu\u011fu iddia edildi. Sosyal medya kullan\u0131c\u0131lar\u0131 taraf\u0131ndan ortaya \u00e7\u0131kar\u0131lan ve payla\u015f\u0131m \u00fcst\u00fcne payla\u015f\u0131m yap\u0131lan konuyla ilgili tepkiler \u00e7\u0131\u011f gibi b\u00fcy\u00fcd\u00fc. Kopya iddialar\u0131 sonras\u0131nda KPSS s\u0131nav\u0131na kat\u0131l\u0131m sa\u011flayan \u00e7ok say\u0131da aday\u0131n C\u0130MER&#8217;e ba\u015fvurarak olaydan \u015fikayet\u00e7i oldu\u011fu \u00f6\u011frenildi. Skandal\u0131n patlak vermesinin ard\u0131ndan Yediiklim Yay\u0131nlar\u0131&#8217;n\u0131n deneme s\u0131nav\u0131 sat\u0131\u015flar\u0131n\u0131n durduruldu\u011fu bilgisine ula\u015f\u0131ld\u0131.<\/p>\n<p>&nbsp;<\/p>\n","protected":false},"excerpt":{"rendered":"<p>Ge\u00e7ti\u011fimiz Pazar g\u00fcn\u00fc ger\u00e7ekle\u015ftirilen KPSS s\u0131nav\u0131yla ilgili g\u00fcndeme bomba gibi d\u00fc\u015fen bir kopya iddias\u0131 ortaya at\u0131ld\u0131. \u0130ddiaya g\u00f6re, daha \u00f6nce yap\u0131lan Yediiklim Yay\u0131nlar\u0131\u2019n\u0131n deneme s\u0131navlar\u0131nda sorulan baz\u0131 sorular KPSS s\u0131nav\u0131nda birebir ayn\u0131 soruldu. G\u00fcndeme bomba gibi d\u00fc\u015fen kopya iddias\u0131 sosyal medyay\u0131 aya\u011fa kald\u0131rd\u0131. KPPS Lisans oturumu ge\u00e7ti\u011fimiz Pazar g\u00fcn\u00fc ger\u00e7ekle\u015ftirildi. \u00d6SYM taraf\u0131ndan ger\u00e7ekle\u015ftirilen KPSS s\u0131nav\u0131yla &hellip;<\/p>\n","protected":false},"author":6,"featured_media":31193,"comment_status":"closed","ping_status":"closed","sticky":false,"template":"","format":"standard","meta":{"footnotes":""},"categories":[1],"tags":[],"class_list":["post-31192","post","type-post","status-publish","format-standard","has-post-thumbnail","hentry","category-genel"],"amp_enabled":true,"_links":{"self":[{"href":"https:\/\/adanaseshaber.com.tr\/index.php?rest_route=\/wp\/v2\/posts\/31192","targetHints":{"allow":["GET"]}}],"collection":[{"href":"https:\/\/adanaseshaber.com.tr\/index.php?rest_route=\/wp\/v2\/posts"}],"about":[{"href":"https:\/\/adanaseshaber.com.tr\/index.php?rest_route=\/wp\/v2\/types\/post"}],"author":[{"embeddable":true,"href":"https:\/\/adanaseshaber.com.tr\/index.php?rest_route=\/wp\/v2\/users\/6"}],"replies":[{"embeddable":true,"href":"https:\/\/adanaseshaber.com.tr\/index.php?rest_route=%2Fwp%2Fv2%2Fcomments&post=31192"}],"version-history":[{"count":6,"href":"https:\/\/adanaseshaber.com.tr\/index.php?rest_route=\/wp\/v2\/posts\/31192\/revisions"}],"predecessor-version":[{"id":31204,"href":"https:\/\/adanaseshaber.com.tr\/index.php?rest_route=\/wp\/v2\/posts\/31192\/revisions\/31204"}],"wp:featuredmedia":[{"embeddable":true,"href":"https:\/\/adanaseshaber.com.tr\/index.php?rest_route=\/wp\/v2\/media\/31193"}],"wp:attachment":[{"href":"https:\/\/adanaseshaber.com.tr\/index.php?rest_route=%2Fwp%2Fv2%2Fmedia&parent=31192"}],"wp:term":[{"taxonomy":"category","embeddable":true,"href":"https:\/\/adanaseshaber.com.tr\/index.php?rest_route=%2Fwp%2Fv2%2Fcategories&post=31192"},{"taxonomy":"post_tag","embeddable":true,"href":"https:\/\/adanaseshaber.com.tr\/index.php?rest_route=%2Fwp%2Fv2%2Ftags&post=31192"}],"curies":[{"name":"wp","href":"https:\/\/api.w.org\/{rel}","templated":true}]}}