{"id":31209,"date":"2022-08-02T14:40:46","date_gmt":"2022-08-02T11:40:46","guid":{"rendered":"https:\/\/www.adanaseshaber.com\/?p=31209"},"modified":"2022-08-02T14:46:47","modified_gmt":"2022-08-02T11:46:47","slug":"yediiklim-yayincilik-kimin-yediiklim-yayincilik-sahibi-kim","status":"publish","type":"post","link":"https:\/\/adanaseshaber.com.tr\/?p=31209","title":{"rendered":"Yediiklim Yay\u0131nc\u0131l\u0131k kimin? Yediiklim Yay\u0131nc\u0131l\u0131k sahibi kim?"},"content":{"rendered":"<p>31 Temmuz 2022 Pazar g\u00fcn\u00fc ger\u00e7ekle\u015ftirilen KPSS Lisans oturumuyla ilgili g\u00fcndeme bomba gibi d\u00fc\u015fen kopya iddias\u0131 sosyal medyay\u0131 aya\u011fa kald\u0131rd\u0131. Kopya ve sorular\u0131n \u00e7al\u0131nd\u0131\u011f\u0131na dair iddialar\u0131n ard\u0131ndan s\u0131nava giren adaylar\u0131n tepkisi \u00e7\u0131\u011f gibi b\u00fcy\u00fcd\u00fc. C\u0130MER\u2019e \u00fcst \u00fcste \u015fikayette bulunan adaylar, s\u0131nav\u0131n iptal edilmesini isterken g\u00f6zler kopya iddialar\u0131yla g\u00fcndeme gelen Yediiklim Yay\u0131nlar\u0131\u2019na \u00e7evrildi. 2022 KPSS s\u0131nav\u0131 ile ilgili kopya iddi\u015falar\u0131 g\u00fcndeme bomba gibi d\u00fc\u015ft\u00fc. Skandal iddialar\u0131n ard\u0131ndan Yediiklim Yay\u0131nlar\u0131 ile ilgili t\u00fcm detaylar ara\u015ft\u0131r\u0131lmaya ba\u015fland\u0131. \u0130ddialara g\u00f6re, Yediiklim Yay\u0131nlar\u0131 taraf\u0131ndan daha \u00f6nceden haz\u0131rlanan deneme kitap\u00e7\u0131klar\u0131 ve ders videolar\u0131nda yer alan sorular ve \u015f\u0131klar 2022 KPSS s\u0131nav sorular\u0131yla birebir ayn\u0131. Peki, Yediiklim Yay\u0131nc\u0131l\u0131k kimin? Yediiklim Yay\u0131nc\u0131l\u0131k sahibi kim? Yediiklim Yay\u0131nc\u0131l\u0131k ne zaman kuruldu? \u0130\u015fte t\u00fcm merak edilenler\u2026<\/p>\n<p><strong>YED\u0130\u0130KL\u0130M YAYINCILIK SAH\u0130B\u0130 K\u0130M?<\/strong><\/p>\n<p>2022 KPSS s\u0131nav\u0131ndaki kopya iddialar\u0131 g\u00fcndeme bomba gibi d\u00fc\u015ferken kopya iddialar\u0131yla g\u00fcndeme gelen Yediiklim Yay\u0131nc\u0131l\u0131k hakk\u0131ndaki t\u00fcm detaylar yo\u011fun bir \u015fekilde ara\u015ft\u0131r\u0131lmaya ba\u015fland\u0131. 821 ilde hizmet veren Yediiklim Yay\u0131nlar\u0131, 1. s\u0131n\u0131ftan 12. s\u0131n\u0131fa kadar kitap basmaktad\u0131r. Bunun yan\u0131 s\u0131ra TYT, AYT, KPSS, KPSS-A, ALES, YDS, DGS, Polislik, Astsubayl\u0131k gibi kitaplar\u0131n da bas\u0131m\u0131n\u0131 yapmaktad\u0131r. S\u0131navlara y\u00f6nelik kitap bas\u0131m\u0131 yapan Yediiklim Yay\u0131nlar\u0131, T\u00fcrkiye\u2019nin d\u00f6rt bir yan\u0131nda 24 saat lojistik destek sa\u011flamaktad\u0131r. \u0130zmir merkezli olarak 2003 y\u0131l\u0131nda yay\u0131nc\u0131l\u0131k, 2006 y\u0131l\u0131nda ise e\u011fitim hayat\u0131na ba\u015flayan Yediiklim Yay\u0131nc\u0131l\u0131k, kurulu\u015f d\u00f6neminden bu yana amac\u0131n\u0131n kal\u015fteden \u00f6d\u00fcn vermeden hep daha y\u00fckseklere, daha iyiye ula\u015fmak oldu\u011funu belirtiyor.<\/p>\n<p><img loading=\"lazy\" decoding=\"async\" class=\"aligncenter wp-image-31222 size-full\" src=\"https:\/\/adanaseshaber.com.tr\/wp-content\/uploads\/2022\/08\/yediiklim-yayincilik-kimin-yediiklim-yayincilik-sahibi-kim-1.jpg\" alt=\"\" width=\"1280\" height=\"720\" srcset=\"https:\/\/adanaseshaber.com.tr\/wp-content\/uploads\/2022\/08\/yediiklim-yayincilik-kimin-yediiklim-yayincilik-sahibi-kim-1.jpg 1280w, https:\/\/adanaseshaber.com.tr\/wp-content\/uploads\/2022\/08\/yediiklim-yayincilik-kimin-yediiklim-yayincilik-sahibi-kim-1-300x169.jpg 300w, https:\/\/adanaseshaber.com.tr\/wp-content\/uploads\/2022\/08\/yediiklim-yayincilik-kimin-yediiklim-yayincilik-sahibi-kim-1-1024x576.jpg 1024w, https:\/\/adanaseshaber.com.tr\/wp-content\/uploads\/2022\/08\/yediiklim-yayincilik-kimin-yediiklim-yayincilik-sahibi-kim-1-768x432.jpg 768w, https:\/\/adanaseshaber.com.tr\/wp-content\/uploads\/2022\/08\/yediiklim-yayincilik-kimin-yediiklim-yayincilik-sahibi-kim-1-390x220.jpg 390w\" sizes=\"auto, (max-width: 1280px) 100vw, 1280px\" \/><\/p>\n<p><strong>2022 KPSS SORULARI \u00c7ALINDI \u0130DD\u0130ASI<\/strong><\/p>\n<p>31 Temmuz 2022 Pazar g\u00fcn\u00fc ger\u00e7ekle\u015ftirilen KPSS s\u0131nav\u0131yla ilgili g\u00fcndeme gelen kopya ve sorular\u0131n \u00e7al\u0131nd\u0131\u011f\u0131na dair iddialar ortal\u0131\u011f\u0131 kar\u0131\u015ft\u0131rd\u0131. D\u00fcnden itibaren g\u00f6r\u00fcnt\u00fclemeye a\u00e7\u0131lan s\u0131nav sorular\u0131n\u0131 inceleyen adaylar, 2022 KPSS s\u0131nav\u0131ndaki baz\u0131 sorular\u0131n Yediiklim Yay\u0131nlar\u0131 sorular\u0131 ile birebir ayn\u0131 oldu\u011funu iddia etti. Bu iddialar sonras\u0131nda 2022 KPSS s\u0131nav sorular\u0131n\u0131n \u00e7al\u0131nd\u0131\u011f\u0131 iddialar\u0131 ve s\u0131navda kopya iddialar\u0131 g\u00fcndem oldu. S\u0131nava kat\u0131l\u0131m sa\u011flayan adaylardan s\u0131nav\u0131n iptal edilmesi talebi gelmeye ba\u015flad\u0131. Hen\u00fcz \u00d6SYM taraf\u0131ndan konuyla ilgili herhangi bir a\u00e7\u0131klama gelmedi.<\/p>\n<p>&nbsp;<\/p>\n","protected":false},"excerpt":{"rendered":"<p>31 Temmuz 2022 Pazar g\u00fcn\u00fc ger\u00e7ekle\u015ftirilen KPSS Lisans oturumuyla ilgili g\u00fcndeme bomba gibi d\u00fc\u015fen kopya iddias\u0131 sosyal medyay\u0131 aya\u011fa kald\u0131rd\u0131. Kopya ve sorular\u0131n \u00e7al\u0131nd\u0131\u011f\u0131na dair iddialar\u0131n ard\u0131ndan s\u0131nava giren adaylar\u0131n tepkisi \u00e7\u0131\u011f gibi b\u00fcy\u00fcd\u00fc. C\u0130MER\u2019e \u00fcst \u00fcste \u015fikayette bulunan adaylar, s\u0131nav\u0131n iptal edilmesini isterken g\u00f6zler kopya iddialar\u0131yla g\u00fcndeme gelen Yediiklim Yay\u0131nlar\u0131\u2019na \u00e7evrildi. 2022 KPSS s\u0131nav\u0131 &hellip;<\/p>\n","protected":false},"author":6,"featured_media":31213,"comment_status":"closed","ping_status":"closed","sticky":false,"template":"","format":"standard","meta":{"footnotes":""},"categories":[1],"tags":[],"class_list":["post-31209","post","type-post","status-publish","format-standard","has-post-thumbnail","hentry","category-genel"],"amp_enabled":true,"_links":{"self":[{"href":"https:\/\/adanaseshaber.com.tr\/index.php?rest_route=\/wp\/v2\/posts\/31209","targetHints":{"allow":["GET"]}}],"collection":[{"href":"https:\/\/adanaseshaber.com.tr\/index.php?rest_route=\/wp\/v2\/posts"}],"about":[{"href":"https:\/\/adanaseshaber.com.tr\/index.php?rest_route=\/wp\/v2\/types\/post"}],"author":[{"embeddable":true,"href":"https:\/\/adanaseshaber.com.tr\/index.php?rest_route=\/wp\/v2\/users\/6"}],"replies":[{"embeddable":true,"href":"https:\/\/adanaseshaber.com.tr\/index.php?rest_route=%2Fwp%2Fv2%2Fcomments&post=31209"}],"version-history":[{"count":5,"href":"https:\/\/adanaseshaber.com.tr\/index.php?rest_route=\/wp\/v2\/posts\/31209\/revisions"}],"predecessor-version":[{"id":31220,"href":"https:\/\/adanaseshaber.com.tr\/index.php?rest_route=\/wp\/v2\/posts\/31209\/revisions\/31220"}],"wp:featuredmedia":[{"embeddable":true,"href":"https:\/\/adanaseshaber.com.tr\/index.php?rest_route=\/wp\/v2\/media\/31213"}],"wp:attachment":[{"href":"https:\/\/adanaseshaber.com.tr\/index.php?rest_route=%2Fwp%2Fv2%2Fmedia&parent=31209"}],"wp:term":[{"taxonomy":"category","embeddable":true,"href":"https:\/\/adanaseshaber.com.tr\/index.php?rest_route=%2Fwp%2Fv2%2Fcategories&post=31209"},{"taxonomy":"post_tag","embeddable":true,"href":"https:\/\/adanaseshaber.com.tr\/index.php?rest_route=%2Fwp%2Fv2%2Ftags&post=31209"}],"curies":[{"name":"wp","href":"https:\/\/api.w.org\/{rel}","templated":true}]}}