{"id":31244,"date":"2022-08-02T16:29:38","date_gmt":"2022-08-02T13:29:38","guid":{"rendered":"https:\/\/www.adanaseshaber.com\/?p=31244"},"modified":"2022-08-02T16:38:38","modified_gmt":"2022-08-02T13:38:38","slug":"osymden-kpss-sorularinin-calindigina-dair-iddialarla-ilgili-ilk-aciklama","status":"publish","type":"post","link":"https:\/\/adanaseshaber.com.tr\/?p=31244","title":{"rendered":"\u00d6SYM\u2019den KPSS sorular\u0131n\u0131n \u00e7al\u0131nd\u0131\u011f\u0131na dair iddialarla ilgili ilk a\u00e7\u0131klama"},"content":{"rendered":"<p>2022 KPSS s\u0131nav\u0131nda \u00e7\u0131kan sorular\u0131n s\u0131zd\u0131r\u0131ld\u0131\u011f\u0131na dair iddialar sosyal medyan\u0131n g\u00fcndemine oturmu\u015f ve s\u0131nav\u0131na giren adaylar\u0131 aya\u011fa kald\u0131rm\u0131\u015ft\u0131. G\u00fcndemi sarsan KPSS sorular\u0131n\u0131n \u00e7al\u0131nd\u0131\u011f\u0131 iddialar\u0131 ve kopya iddialar\u0131yla ilgili \u00d6SYM\u2019den ilk a\u00e7\u0131klama geldi. KPSS\u2019de \u00e7\u0131kan sorular\u0131n bir yay\u0131nevinin deneme sorular\u0131yla ayn\u0131 oldu\u011fu iddialar\u0131na yan\u0131t veren \u00d6SYM, iddialar\u0131n as\u0131ls\u0131z oldu\u011funu aktard\u0131. T\u00fcrkiye\u2019nin g\u00fcndemine oturan KPSS sorular\u0131n\u0131n s\u0131zd\u0131r\u0131ld\u0131\u011f\u0131na dair iddialar ortal\u0131\u011f\u0131 kar\u0131\u015ft\u0131rd\u0131. 2022 KPSS s\u0131nav\u0131nda sorulan sorular\u0131n bir yay\u0131nevinin deneme sorular\u0131yla birebir ayn\u0131 oldu\u011funa dair iddialar sosyal medyada tepki toplam\u0131\u015ft\u0131. \u0130ddialar\u0131n ard\u0131ndan g\u00f6zlerin \u00e7evrildi\u011fi \u00d6SYM\u2019den ilk a\u00e7\u0131klama geldi. \u00d6SYM, ortaya at\u0131lan iddialar\u0131n incelendi\u011fini bildirdi ve \u2018As\u0131ls\u0131z oldu\u011fu anla\u015f\u0131lm\u0131\u015ft\u0131r\u2019 ifadelerine yer verildi.<\/p>\n<p><b>KPSS SORULARI \u00c7ALINDI \u0130DD\u0130ASI<\/b><\/p>\n<p>31 Temmuz 2022 Pazar g\u00fcn\u00fc \u00d6SYM taraf\u0131ndan ger\u00e7ekle\u015ftirilen KPSS Lisans s\u0131nav\u0131 iki oturum \u015feklinde tamamlanm\u0131\u015ft\u0131. S\u0131nav\u0131n ard\u0131ndan bug\u00fcn sosyal medyada \u00e7ok tart\u0131\u015f\u0131lan bir iddia ortay at\u0131ld\u0131. 2022 KPSS Lisans s\u0131nav\u0131nda sorulan baz\u0131 sorular\u0131n bir yay\u0131nevinin deneme sorular\u0131yla birebir ayn\u0131 oldu\u011fu iddialar\u0131 s\u0131nav sorular\u0131n\u0131n \u00e7al\u0131nd\u0131\u011f\u0131 ve s\u0131navda kopya iddialar\u0131n\u0131 beraberinde getirdi. G\u00fcndemi sarsan skandal iddialar\u0131n ard\u0131ndan KPSS s\u0131nav\u0131na kat\u0131l\u0131m g\u00f6steren adaylar duruma tepki g\u00f6sterdi ve C\u0130MER&#8217;e \u015fikayet ya\u011fd\u0131rd\u0131.<\/p>\n<p><img loading=\"lazy\" decoding=\"async\" class=\"aligncenter wp-image-31258 size-full\" src=\"https:\/\/adanaseshaber.com.tr\/wp-content\/uploads\/2022\/08\/osymden-kpss-sorularinin-calindigina-dair-iddialarla-ilgili-ilk-aciklama-1.jpg\" alt=\"\" width=\"1280\" height=\"720\" srcset=\"https:\/\/adanaseshaber.com.tr\/wp-content\/uploads\/2022\/08\/osymden-kpss-sorularinin-calindigina-dair-iddialarla-ilgili-ilk-aciklama-1.jpg 1280w, https:\/\/adanaseshaber.com.tr\/wp-content\/uploads\/2022\/08\/osymden-kpss-sorularinin-calindigina-dair-iddialarla-ilgili-ilk-aciklama-1-300x169.jpg 300w, https:\/\/adanaseshaber.com.tr\/wp-content\/uploads\/2022\/08\/osymden-kpss-sorularinin-calindigina-dair-iddialarla-ilgili-ilk-aciklama-1-1024x576.jpg 1024w, https:\/\/adanaseshaber.com.tr\/wp-content\/uploads\/2022\/08\/osymden-kpss-sorularinin-calindigina-dair-iddialarla-ilgili-ilk-aciklama-1-768x432.jpg 768w, https:\/\/adanaseshaber.com.tr\/wp-content\/uploads\/2022\/08\/osymden-kpss-sorularinin-calindigina-dair-iddialarla-ilgili-ilk-aciklama-1-390x220.jpg 390w\" sizes=\"auto, (max-width: 1280px) 100vw, 1280px\" \/><\/p>\n<p><strong>\u00d6SYM&#8217;DEN A\u00c7IKLAMA<\/strong><\/p>\n<p>G\u00fcndem olan iddialar\u0131n ard\u0131ndan g\u00f6zler \u00d6SYM&#8217;ye \u00e7evrildi. KPSS s\u0131nav sorular\u0131n\u0131n s\u0131zd\u0131r\u0131ld\u0131\u011f\u0131na dair iddialar\u0131yla ilgili \u00d6SYM&#8217;den ilk a\u00e7\u0131klama geldi. Gelen yo\u011fun tepkilerin ard\u0131ndan \u00d6SYM&#8217;nin resmi sosyal medya hesab\u0131ndan bir a\u00e7\u0131klama yap\u0131ld\u0131 ve s\u00f6z konusu a\u00e7\u0131klamada, &#8216;2022 KPSS Lisans Genel Yetenek-Genel K\u00fclt\u00fcr S\u0131nav\u0131 ile E\u011fitim Bilimleri S\u0131nav\u0131 31 Temmuz 2022 Pazar g\u00fcn\u00fc sabah ve \u00f6\u011fleden sonra oturumlar\u0131nda g\u00fcvenli bir bi\u00e7imde ger\u00e7ekle\u015ftirilmi\u015ftir. Baz\u0131 s\u0131nav sorular\u0131n\u0131n bir yay\u0131nevinin deneme s\u0131nav\u0131 sorular\u0131yla ayn\u0131 oldu\u011funa ili\u015fkin sosyal medya platformlar\u0131nda ortaya at\u0131lan iddialar\u0131n incelemelerimiz neticesinde as\u0131ls\u0131z oldu\u011fu anla\u015f\u0131lm\u0131\u015ft\u0131r. Kamuoyuna sayg\u0131yla duyurulur.&#8217; ifadelerine yer verildi.<\/p>\n<p><strong>SINAVIN \u0130PTAL ED\u0130LMES\u0130 \u0130STEND\u0130<\/strong><\/p>\n<p>Sosyal medyada b\u00fcy\u00fck tepki \u00e7eken ve binlerce payla\u015f\u0131m yap\u0131lan KPSS sorular\u0131n\u0131n s\u0131zd\u0131r\u0131ld\u0131\u011f\u0131na dair iddialar\u0131n ard\u0131ndan s\u0131nav\u0131n iptal edilmesi istendi. KPSS s\u0131nav\u0131na kat\u0131l\u0131m sa\u011flayan adaylar sosyal medya \u00fczerinen yapt\u0131klar\u0131 payla\u015f\u0131mlarla &#8216;S\u0131nav\u0130ptalEdilsin&#8217; etiketi alt\u0131nda seslerini duyurmaya \u00e7al\u0131\u015ft\u0131.<\/p>\n<p>&nbsp;<\/p>\n","protected":false},"excerpt":{"rendered":"<p>2022 KPSS s\u0131nav\u0131nda \u00e7\u0131kan sorular\u0131n s\u0131zd\u0131r\u0131ld\u0131\u011f\u0131na dair iddialar sosyal medyan\u0131n g\u00fcndemine oturmu\u015f ve s\u0131nav\u0131na giren adaylar\u0131 aya\u011fa kald\u0131rm\u0131\u015ft\u0131. G\u00fcndemi sarsan KPSS sorular\u0131n\u0131n \u00e7al\u0131nd\u0131\u011f\u0131 iddialar\u0131 ve kopya iddialar\u0131yla ilgili \u00d6SYM\u2019den ilk a\u00e7\u0131klama geldi. KPSS\u2019de \u00e7\u0131kan sorular\u0131n bir yay\u0131nevinin deneme sorular\u0131yla ayn\u0131 oldu\u011fu iddialar\u0131na yan\u0131t veren \u00d6SYM, iddialar\u0131n as\u0131ls\u0131z oldu\u011funu aktard\u0131. T\u00fcrkiye\u2019nin g\u00fcndemine oturan KPSS sorular\u0131n\u0131n s\u0131zd\u0131r\u0131ld\u0131\u011f\u0131na &hellip;<\/p>\n","protected":false},"author":6,"featured_media":31246,"comment_status":"closed","ping_status":"closed","sticky":false,"template":"","format":"standard","meta":{"footnotes":""},"categories":[1],"tags":[],"class_list":["post-31244","post","type-post","status-publish","format-standard","has-post-thumbnail","hentry","category-genel"],"amp_enabled":true,"_links":{"self":[{"href":"https:\/\/adanaseshaber.com.tr\/index.php?rest_route=\/wp\/v2\/posts\/31244","targetHints":{"allow":["GET"]}}],"collection":[{"href":"https:\/\/adanaseshaber.com.tr\/index.php?rest_route=\/wp\/v2\/posts"}],"about":[{"href":"https:\/\/adanaseshaber.com.tr\/index.php?rest_route=\/wp\/v2\/types\/post"}],"author":[{"embeddable":true,"href":"https:\/\/adanaseshaber.com.tr\/index.php?rest_route=\/wp\/v2\/users\/6"}],"replies":[{"embeddable":true,"href":"https:\/\/adanaseshaber.com.tr\/index.php?rest_route=%2Fwp%2Fv2%2Fcomments&post=31244"}],"version-history":[{"count":6,"href":"https:\/\/adanaseshaber.com.tr\/index.php?rest_route=\/wp\/v2\/posts\/31244\/revisions"}],"predecessor-version":[{"id":31259,"href":"https:\/\/adanaseshaber.com.tr\/index.php?rest_route=\/wp\/v2\/posts\/31244\/revisions\/31259"}],"wp:featuredmedia":[{"embeddable":true,"href":"https:\/\/adanaseshaber.com.tr\/index.php?rest_route=\/wp\/v2\/media\/31246"}],"wp:attachment":[{"href":"https:\/\/adanaseshaber.com.tr\/index.php?rest_route=%2Fwp%2Fv2%2Fmedia&parent=31244"}],"wp:term":[{"taxonomy":"category","embeddable":true,"href":"https:\/\/adanaseshaber.com.tr\/index.php?rest_route=%2Fwp%2Fv2%2Fcategories&post=31244"},{"taxonomy":"post_tag","embeddable":true,"href":"https:\/\/adanaseshaber.com.tr\/index.php?rest_route=%2Fwp%2Fv2%2Ftags&post=31244"}],"curies":[{"name":"wp","href":"https:\/\/api.w.org\/{rel}","templated":true}]}}