{"id":31260,"date":"2022-08-02T16:54:10","date_gmt":"2022-08-02T13:54:10","guid":{"rendered":"https:\/\/www.adanaseshaber.com\/?p=31260"},"modified":"2022-08-02T16:56:31","modified_gmt":"2022-08-02T13:56:31","slug":"acun-bu-defa-sert-kayaya-carpti-batuhan-karacakaya-ve-acun-ilicali-mahkemelik-oldu","status":"publish","type":"post","link":"https:\/\/adanaseshaber.com.tr\/?p=31260","title":{"rendered":"Acun bu defa sert kayaya \u00e7arpt\u0131! Batuhan Karacakaya ve Acun Il\u0131cal\u0131 mahkemelik oldu"},"content":{"rendered":"<p>Survivor\u2019\u0131n en olayl\u0131 sezonu olan Survivor All Star 2022\u2019nin finalinin \u00fczerinden aylar ge\u00e7mesine ra\u011fmen sular bir t\u00fcrl\u00fc durulmuyor. Tepki \u00e7eken final ve \u015fampiyonluk sonras\u0131ndaAcun Il\u0131cal\u0131 ve Batuhan Karacakaya aras\u0131nda ipler bir hayli gerilmi\u015f ve i\u015fler iyice karma\u015f\u0131k bir hal almaya ba\u015flam\u0131\u015ft\u0131. Nisa B\u00f6l\u00fckba\u015f\u0131\u2019n\u0131n \u015fampiyonlu\u011funun ard\u0131ndan gelen tepkilerin ard\u0131ndan \u015fimdi de Batuhan ve Acun\u2019un gerginli\u011fi g\u00fcndemde. Survivor izleyicilerinin \u00e7o\u011funlu\u011fu Nisa\u2019n\u0131n \u015fampiyonlu\u011funu ele\u015ftirmi\u015fti. \u00c7ok say\u0131da Survivor yar\u0131\u015fmac\u0131s\u0131ndan da bu \u015fampiyonlukla ilgili g\u00fcndeme oturan a\u00e7\u0131klamalar gelmi\u015fti. \u00d6te yandan en olayl\u0131 sezonunu ge\u00e7iren Survivor All Star 2022\u2019de olaylar\u0131n sonu gelmedi. Batuhan Karacakaya\u2019n\u0131n annesi G\u00fclhayat Karacakaya\u2019n\u0131n yapt\u0131\u011f\u0131 payla\u015f\u0131ma sinirlenen Acun Il\u0131cal\u0131, canl\u0131 yay\u0131nda a\u00e7t\u0131 a\u011fz\u0131n\u0131 yumdu g\u00f6z\u00fcn\u00fc. Bu gerginli\u011fin \u00fcst\u00fcne bir de Survivor\u2019\u0131n ba\u015far\u0131l\u0131 yar\u0131\u015fmac\u0131s\u0131 Batuhan Karacakaya\u2019n\u0131n yar\u0131\u015fmada kazand\u0131 \u00f6d\u00fcl araban\u0131n kendisine verilmedi\u011fini iddias\u0131 g\u00fcndeme bomba gibi d\u00fc\u015ft\u00fc.<\/p>\n<p><strong>\u2018G\u0130TT\u0130 O\u011eLUMUN EMEKLER\u0130\u2019<\/strong><\/p>\n<p>Survivor\u2019\u0131n ba\u015far\u0131l\u0131 yar\u0131\u015fmac\u0131lar\u0131ndan biri olan ve tam bir Survivor hayran\u0131 olan oyuncu Batuhan Karacakaya\u2019n\u0131n annesi G\u00fclhayat Karacakaya, \u015fampiyonluk sonucuna \u00f6fkelenmi\u015f ve zehir zemberek a\u00e7\u0131klamalarda bulunmu\u015ftu. O\u011flunun hakk\u0131n\u0131n yenildi\u011fini d\u00fc\u015f\u00fcnen G\u00fclhayat Karacakaya, \u2018O\u011flumun hakk\u0131n\u0131 yiyenler haklar\u0131nda bo\u011fulsun. On g\u00fcnd\u00fcr her yere yazd\u0131m. \u00c7\u0131rp\u0131nd\u0131m, o\u011flumun yine hakk\u0131 yenecek dedim. Kar\u015f\u0131l\u0131k bulamad\u0131m. Ben kimim ki? Duyduklar\u0131m beni kahrediyor. O\u011flum sadece hak dedi\u011fi i\u00e7in iki senedir kaybettik. Hala her yeri a\u011fr\u0131yor. Gitti o\u011flumun emekleri.\u2019 ifadelerini kullanm\u0131\u015ft\u0131.<\/p>\n<p><img loading=\"lazy\" decoding=\"async\" class=\"aligncenter wp-image-31265 size-full\" src=\"https:\/\/adanaseshaber.com.tr\/wp-content\/uploads\/2022\/08\/acun-bu-defa-sert-kayaya-carpti-batuhan-karacakaya-ve-acun-ilicali-mahkemelik-oldu-1.jpg\" alt=\"\" width=\"1280\" height=\"720\" srcset=\"https:\/\/adanaseshaber.com.tr\/wp-content\/uploads\/2022\/08\/acun-bu-defa-sert-kayaya-carpti-batuhan-karacakaya-ve-acun-ilicali-mahkemelik-oldu-1.jpg 1280w, https:\/\/adanaseshaber.com.tr\/wp-content\/uploads\/2022\/08\/acun-bu-defa-sert-kayaya-carpti-batuhan-karacakaya-ve-acun-ilicali-mahkemelik-oldu-1-300x169.jpg 300w, https:\/\/adanaseshaber.com.tr\/wp-content\/uploads\/2022\/08\/acun-bu-defa-sert-kayaya-carpti-batuhan-karacakaya-ve-acun-ilicali-mahkemelik-oldu-1-1024x576.jpg 1024w, https:\/\/adanaseshaber.com.tr\/wp-content\/uploads\/2022\/08\/acun-bu-defa-sert-kayaya-carpti-batuhan-karacakaya-ve-acun-ilicali-mahkemelik-oldu-1-768x432.jpg 768w, https:\/\/adanaseshaber.com.tr\/wp-content\/uploads\/2022\/08\/acun-bu-defa-sert-kayaya-carpti-batuhan-karacakaya-ve-acun-ilicali-mahkemelik-oldu-1-390x220.jpg 390w\" sizes=\"auto, (max-width: 1280px) 100vw, 1280px\" \/><\/p>\n<p><strong>BATUHAN ACUN\u2019A DAVA A\u00c7TI \u0130DD\u0130ASI<\/strong><\/p>\n<p>T\u00fcm bu gerginliklerin \u00fct\u00fcne Batuhan Karacakaya\u2019n\u0131n yar\u0131\u015fmada oynanan bir oyunda kazand\u0131\u011f\u0131 3 milyon liral\u0131k otomobilin kendisine verilmedi\u011fi iddia edilmi\u015fti. Gerginlik devam ederken Batuhan Karacakaya\u2019n\u0131n Acun Il\u0131cal\u0131\u2019ya dava a\u00e7t\u0131\u011f\u0131 \u00f6ne s\u00fcr\u00fcld\u00fc. Batuhan\u2019\u0131n b\u00fct\u00fcn s\u00f6zle\u015fmeleri ve belgeleri mahkemeye sundu\u011fu, kazand\u0131\u011f\u0131 otomobilin kendisine verilece\u011fini ancak \u00fczerinden 1 ay ge\u00e7mesine ra\u011fmen herhangi bir anahtar teslimi yap\u0131lmad\u0131\u011f\u0131n\u0131 iddia ederek Acun Il\u0131cal\u0131\u2019ya dava a\u00e7t\u0131\u011f\u0131 \u00f6ne s\u00fcr\u00fcld\u00fc.<\/p>\n","protected":false},"excerpt":{"rendered":"<p>Survivor\u2019\u0131n en olayl\u0131 sezonu olan Survivor All Star 2022\u2019nin finalinin \u00fczerinden aylar ge\u00e7mesine ra\u011fmen sular bir t\u00fcrl\u00fc durulmuyor. Tepki \u00e7eken final ve \u015fampiyonluk sonras\u0131ndaAcun Il\u0131cal\u0131 ve Batuhan Karacakaya aras\u0131nda ipler bir hayli gerilmi\u015f ve i\u015fler iyice karma\u015f\u0131k bir hal almaya ba\u015flam\u0131\u015ft\u0131. Nisa B\u00f6l\u00fckba\u015f\u0131\u2019n\u0131n \u015fampiyonlu\u011funun ard\u0131ndan gelen tepkilerin ard\u0131ndan \u015fimdi de Batuhan ve Acun\u2019un gerginli\u011fi g\u00fcndemde. &hellip;<\/p>\n","protected":false},"author":6,"featured_media":31261,"comment_status":"closed","ping_status":"closed","sticky":false,"template":"","format":"standard","meta":{"footnotes":""},"categories":[15431],"tags":[],"class_list":["post-31260","post","type-post","status-publish","format-standard","has-post-thumbnail","hentry","category-medya"],"amp_enabled":true,"_links":{"self":[{"href":"https:\/\/adanaseshaber.com.tr\/index.php?rest_route=\/wp\/v2\/posts\/31260","targetHints":{"allow":["GET"]}}],"collection":[{"href":"https:\/\/adanaseshaber.com.tr\/index.php?rest_route=\/wp\/v2\/posts"}],"about":[{"href":"https:\/\/adanaseshaber.com.tr\/index.php?rest_route=\/wp\/v2\/types\/post"}],"author":[{"embeddable":true,"href":"https:\/\/adanaseshaber.com.tr\/index.php?rest_route=\/wp\/v2\/users\/6"}],"replies":[{"embeddable":true,"href":"https:\/\/adanaseshaber.com.tr\/index.php?rest_route=%2Fwp%2Fv2%2Fcomments&post=31260"}],"version-history":[{"count":4,"href":"https:\/\/adanaseshaber.com.tr\/index.php?rest_route=\/wp\/v2\/posts\/31260\/revisions"}],"predecessor-version":[{"id":31267,"href":"https:\/\/adanaseshaber.com.tr\/index.php?rest_route=\/wp\/v2\/posts\/31260\/revisions\/31267"}],"wp:featuredmedia":[{"embeddable":true,"href":"https:\/\/adanaseshaber.com.tr\/index.php?rest_route=\/wp\/v2\/media\/31261"}],"wp:attachment":[{"href":"https:\/\/adanaseshaber.com.tr\/index.php?rest_route=%2Fwp%2Fv2%2Fmedia&parent=31260"}],"wp:term":[{"taxonomy":"category","embeddable":true,"href":"https:\/\/adanaseshaber.com.tr\/index.php?rest_route=%2Fwp%2Fv2%2Fcategories&post=31260"},{"taxonomy":"post_tag","embeddable":true,"href":"https:\/\/adanaseshaber.com.tr\/index.php?rest_route=%2Fwp%2Fv2%2Ftags&post=31260"}],"curies":[{"name":"wp","href":"https:\/\/api.w.org\/{rel}","templated":true}]}}