{"id":31339,"date":"2022-08-02T22:13:30","date_gmt":"2022-08-02T19:13:30","guid":{"rendered":"https:\/\/www.adanaseshaber.com\/?p=31339"},"modified":"2022-08-02T22:14:54","modified_gmt":"2022-08-02T19:14:54","slug":"filiz-sertin-yks-belgesi-sahte-cikti","status":"publish","type":"post","link":"https:\/\/adanaseshaber.com.tr\/?p=31339","title":{"rendered":"Filiz Sert\u2019in YKS belgesi sahte \u00e7\u0131kt\u0131"},"content":{"rendered":"<p>Manisa\u2019da a\u00e7\u0131k liseden mezun olduktan sonra 3.5 ay ders \u00e7al\u0131\u015farak T\u00fcrkiye 1671\u2019incisi oldu\u011funu a\u00e7\u0131klayan Filiz Sert\u2019in sonu\u00e7 belgesi sahte \u00e7\u0131kt\u0131. Herkesi \u015fa\u015fk\u0131na \u00e7eviren olay sosyal medyan\u0131n g\u00fcndemine oturdu. Filiz Sert olay\u0131n\u0131 sosyal medya g\u00fcndemine ta\u015f\u0131yan binlerce kullan\u0131c\u0131 sahte \u00e7\u0131kan YKS belgesi ile ilgili yorum ya\u011fd\u0131rd\u0131. Ba\u015far\u0131s\u0131 g\u00fcnlerce konu\u015fulan Filiz Sert\u2019in YKS sonu\u00e7 belgesi sahte \u00e7\u0131kt\u0131. Sadece 3.5 ayda s\u0131nava haz\u0131rlanarak T\u00fcrkiye 1671\u2019incisi oldu\u011funu a\u00e7\u0131klayan Filiz\u2019in bu ba\u015far\u0131s\u0131 sosyal medyada g\u00fcnlerce konu\u015fulmu\u015ftu. Ancak ger\u00e7ek farkl\u0131 \u00e7\u0131kt\u0131. Ba\u015far\u0131s\u0131yla ad\u0131ndan s\u00f6z ettiren gen\u00e7 k\u0131z\u0131n YKS belgesi sahte \u00e7\u0131kt\u0131. Herkesi kand\u0131ran Filiz Sert ise yeniden sosyal medyan\u0131n g\u00fcndemine yerle\u015fti. \u0130\u015fte detaylar\u2026<\/p>\n<p><strong>BA\u015eARISI G\u00dcNLERCE KONU\u015eULMU\u015eTU<\/strong><\/p>\n<p>Manisa\u2019n\u0131n Selendi il\u00e7esinde a\u00e7\u0131k liseden mezun olduktan sonra 3.5 ay ders \u00e7al\u0131\u015farak T\u00fcrkiye 1671\u2019incisi oldu\u011fu ve YKS s\u0131nav\u0131nda e\u015fit a\u011f\u0131rl\u0131kta 492,62 puan ald\u0131\u011f\u0131 iddia edilen 26 ya\u015f\u0131ndaki Filiz Sert\u2019in k\u0131sa s\u00fcredeki bu ba\u015far\u0131s\u0131 sosyal medyada g\u00fcndem olmu\u015f ve g\u00fcnlerce konu\u015fulmu\u015ftu.<\/p>\n<p><strong>YKS BELGES\u0130 SAHTE \u00c7IKTI<\/strong><\/p>\n<p>3.5 ayda yakalad\u0131\u011f\u0131 ba\u015far\u0131yla g\u00fcndeme gelen 26 ya\u015f\u0131ndaki Filiz\u2019in 2022 YKS belgesi sahte \u00e7\u0131kt\u0131. Filiz Sert\u2019in YKS s\u0131nav\u0131ndaki ba\u015far\u0131 iddias\u0131n\u0131n ger\u00e7ek olmad\u0131\u011f\u0131na y\u00f6nelik ihbar ise isminin a\u00e7\u0131klanmas\u0131n\u0131 istemeyen bir \u00d6SYM yetkilisi taraf\u0131ndan ortaya \u00e7\u0131kar\u0131ld\u0131. Kendisi de Manisal\u0131 olan ve Filiz\u2019in puan\u0131n\u0131 inceledi\u011fini s\u00f6yleyen g\u00f6revli, \u2018Ald\u0131\u011f\u0131 puanla 2 milyonluk gruba girebilmi\u015f\u2019 ifadelerini kulland\u0131. Sahte belge iddialar\u0131n\u0131n ard\u0131ndan kendisine tekrar ula\u015f\u0131lan Filiz Sert ise \u0131srarla elindeki belgenin ger\u00e7ek oldu\u011funu belirtti. Kendisine sunulan T.C. Kimlik numaras\u0131 ile sonucu \u00d6SYM\u2019nin internet sitesinden kontrol etme teklifi kar\u015f\u0131s\u0131nda ise Filiz, \u2018T.C. numaram\u0131 hat\u0131rlam\u0131yorum\u2019 tepkisini verdi.<\/p>\n<p><img loading=\"lazy\" decoding=\"async\" class=\"aligncenter wp-image-31342 size-full\" src=\"https:\/\/adanaseshaber.com.tr\/wp-content\/uploads\/2022\/08\/filiz-sertin-yks-belgesi-sahte-cikti-1.jpg\" alt=\"\" width=\"1280\" height=\"720\" srcset=\"https:\/\/adanaseshaber.com.tr\/wp-content\/uploads\/2022\/08\/filiz-sertin-yks-belgesi-sahte-cikti-1.jpg 1280w, https:\/\/adanaseshaber.com.tr\/wp-content\/uploads\/2022\/08\/filiz-sertin-yks-belgesi-sahte-cikti-1-300x169.jpg 300w, https:\/\/adanaseshaber.com.tr\/wp-content\/uploads\/2022\/08\/filiz-sertin-yks-belgesi-sahte-cikti-1-1024x576.jpg 1024w, https:\/\/adanaseshaber.com.tr\/wp-content\/uploads\/2022\/08\/filiz-sertin-yks-belgesi-sahte-cikti-1-768x432.jpg 768w, https:\/\/adanaseshaber.com.tr\/wp-content\/uploads\/2022\/08\/filiz-sertin-yks-belgesi-sahte-cikti-1-390x220.jpg 390w\" sizes=\"auto, (max-width: 1280px) 100vw, 1280px\" \/><\/p>\n<p><strong>SAVCI OLMA HAYAL\u0130NDEN BAHSETM\u0130\u015eT\u0130<\/strong><\/p>\n<p>Herhangi bir destek almadan ve dershaneye gitmeden sadece 3.5 ayda \u00fcniversite s\u0131nav\u0131na \u00e7al\u0131\u015ft\u0131\u011f\u0131n\u0131 ve k\u0131s\u0131tl\u0131 bir s\u00fcrede \u00e7al\u0131\u015ft\u0131\u011f\u0131 \u00fcniversite s\u0131nav\u0131nda T\u00fcrkiye 1671\u2019incisi oldu\u011funu a\u00e7\u0131klayan Filiz Sert, savc\u0131 olma hayali kurdu\u011funu ve \u00fcniversite tercihlerinde ilk s\u0131raya Ankara \u00dcniversitesi Hukuk Fak\u00fcltesi\u2019ni yazaca\u011f\u0131n\u0131 s\u00f6ylemi\u015fti.<\/p>\n","protected":false},"excerpt":{"rendered":"<p>Manisa\u2019da a\u00e7\u0131k liseden mezun olduktan sonra 3.5 ay ders \u00e7al\u0131\u015farak T\u00fcrkiye 1671\u2019incisi oldu\u011funu a\u00e7\u0131klayan Filiz Sert\u2019in sonu\u00e7 belgesi sahte \u00e7\u0131kt\u0131. Herkesi \u015fa\u015fk\u0131na \u00e7eviren olay sosyal medyan\u0131n g\u00fcndemine oturdu. Filiz Sert olay\u0131n\u0131 sosyal medya g\u00fcndemine ta\u015f\u0131yan binlerce kullan\u0131c\u0131 sahte \u00e7\u0131kan YKS belgesi ile ilgili yorum ya\u011fd\u0131rd\u0131. Ba\u015far\u0131s\u0131 g\u00fcnlerce konu\u015fulan Filiz Sert\u2019in YKS sonu\u00e7 belgesi sahte \u00e7\u0131kt\u0131. &hellip;<\/p>\n","protected":false},"author":6,"featured_media":31340,"comment_status":"closed","ping_status":"closed","sticky":false,"template":"","format":"standard","meta":{"footnotes":""},"categories":[1],"tags":[],"class_list":["post-31339","post","type-post","status-publish","format-standard","has-post-thumbnail","hentry","category-genel"],"amp_enabled":true,"_links":{"self":[{"href":"https:\/\/adanaseshaber.com.tr\/index.php?rest_route=\/wp\/v2\/posts\/31339","targetHints":{"allow":["GET"]}}],"collection":[{"href":"https:\/\/adanaseshaber.com.tr\/index.php?rest_route=\/wp\/v2\/posts"}],"about":[{"href":"https:\/\/adanaseshaber.com.tr\/index.php?rest_route=\/wp\/v2\/types\/post"}],"author":[{"embeddable":true,"href":"https:\/\/adanaseshaber.com.tr\/index.php?rest_route=\/wp\/v2\/users\/6"}],"replies":[{"embeddable":true,"href":"https:\/\/adanaseshaber.com.tr\/index.php?rest_route=%2Fwp%2Fv2%2Fcomments&post=31339"}],"version-history":[{"count":2,"href":"https:\/\/adanaseshaber.com.tr\/index.php?rest_route=\/wp\/v2\/posts\/31339\/revisions"}],"predecessor-version":[{"id":31343,"href":"https:\/\/adanaseshaber.com.tr\/index.php?rest_route=\/wp\/v2\/posts\/31339\/revisions\/31343"}],"wp:featuredmedia":[{"embeddable":true,"href":"https:\/\/adanaseshaber.com.tr\/index.php?rest_route=\/wp\/v2\/media\/31340"}],"wp:attachment":[{"href":"https:\/\/adanaseshaber.com.tr\/index.php?rest_route=%2Fwp%2Fv2%2Fmedia&parent=31339"}],"wp:term":[{"taxonomy":"category","embeddable":true,"href":"https:\/\/adanaseshaber.com.tr\/index.php?rest_route=%2Fwp%2Fv2%2Fcategories&post=31339"},{"taxonomy":"post_tag","embeddable":true,"href":"https:\/\/adanaseshaber.com.tr\/index.php?rest_route=%2Fwp%2Fv2%2Ftags&post=31339"}],"curies":[{"name":"wp","href":"https:\/\/api.w.org\/{rel}","templated":true}]}}