{"id":31350,"date":"2022-08-03T00:50:45","date_gmt":"2022-08-02T21:50:45","guid":{"rendered":"https:\/\/www.adanaseshaber.com\/?p=31350"},"modified":"2022-08-03T01:05:14","modified_gmt":"2022-08-02T22:05:14","slug":"osym-baskani-halis-aygun-gorevden-alindi","status":"publish","type":"post","link":"https:\/\/adanaseshaber.com.tr\/?p=31350","title":{"rendered":"\u00d6SYM Ba\u015fkan\u0131 Halis Ayg\u00fcn g\u00f6revden al\u0131nd\u0131"},"content":{"rendered":"<p>Resmi Gazete\u2019de yay\u0131mlanan Cumhurba\u015fkan\u0131 Kararnamesi kapsam\u0131nda \u00d6SYM Ba\u015fkan\u0131 Prof. Dr. Halis Ayg\u00fcn g\u00f6revden al\u0131nd\u0131. G\u00fcndemi sarsan KPSS s\u0131nav\u0131 sorular\u0131n\u0131n s\u0131zd\u0131r\u0131ld\u0131\u011f\u0131 iddialar\u0131n\u0131n ard\u0131ndan Cumhurba\u015fkan\u0131 Recep Tayyip Erdo\u011fan\u2019dan konunun incelenmesi i\u00e7in talimat gelmi\u015fti. S\u0131cak geli\u015fmelerin ya\u015fand\u0131\u011f\u0131 saatlerde Prof. Dr. Halis Ayg\u00fcn\u2019\u00fcn \u00d6SYM Ba\u015fkanl\u0131\u011f\u0131\u2019ndan al\u0131nd\u0131\u011f\u0131 a\u00e7\u0131kland\u0131. 2022 KPSS s\u0131nav\u0131ndaki baz\u0131 sorular\u0131n\u0131n yay\u0131nevi denemesi ile ayn\u0131 olmas\u0131 g\u00fcndeme bomba gibi d\u00fc\u015fm\u00fc\u015f ve bu durum s\u0131nav sorular\u0131n\u0131n s\u0131zd\u0131r\u0131ld\u0131\u011f\u0131 iddias\u0131na sebep olmu\u015ftu. Olayla ilgili \u015fikayetler gelmeye devam ederken Cumhurba\u015fkan\u0131 Recep Tayyip Erdo\u011fan, Devlet Denetleme Kurumu\u2019na inceleme talimat\u0131 vermi\u015fti. Ya\u015fanan son dakika geli\u015fmesinde ise Resmi Gazete\u2019de yay\u0131mlanan Cumhurba\u015fkan\u0131 karar\u0131 ile \u00d6SYM Ba\u015fkan\u0131 Prof. Dr. Halis Ayg\u00fcn g\u00f6revinden al\u0131nd\u0131.<\/p>\n<p><b>KPSS SINAVIYLA \u0130LG\u0130L\u0130 SKANDAL \u0130DD\u0130A<\/b><\/p>\n<p>31 Temmuz 2022 Pazar g\u00fcn\u00fc ger\u00e7ekle\u015ftirilen KPSS Lisans oturumuyla ilgili g\u00fcndemi sarsan bir iddia ortaya at\u0131lm\u0131\u015ft\u0131. 2022 KPSS s\u0131nav sorular\u0131n\u0131n yay\u0131nevi denemesi ile ayn\u0131 olmas\u0131 sorular\u0131n s\u0131zd\u0131r\u0131ld\u0131\u011f\u0131 iddialar\u0131n\u0131 beraberinde getirdi. Sosyal medyay\u0131 aya\u011fa kald\u0131ran bu konuyla ilgili C\u0130MER&#8217;e onlarca \u015fikayet ya\u011fd\u0131. Konuyla ilgili g\u00f6zlerin \u00e7evrildi\u011fi \u00d6SYM ise incelemeler neticesinde iddialar\u0131n as\u0131ls\u0131z oldu\u011funa dair bir a\u00e7\u0131klama yapt\u0131. Ancak Cumhurba\u015fkan\u0131 Recep Tayyip Erdo\u011fan, Devlet Denetleme Kurumu&#8217;na \u00f6zel talimat vererek konunun incelenmesini istedi.<\/p>\n<p><strong>\u00d6SYM BA\u015eKANI AYG\u00dcN G\u00d6REVDEN ALINDI<\/strong><\/p>\n<p>2022 KPSS s\u0131nav sorular\u0131yla ilgili iddialar g\u00fcndemdeki yerini korurken s\u0131nav sorular\u0131n\u0131n s\u0131zd\u0131r\u0131ld\u0131\u011f\u0131 iddialar\u0131yla ilgili tart\u0131\u015fmalar da devam ediyor. T\u00fcrkiye g\u00fcndemini sarsan KPSS s\u0131nav\u0131 iddialar\u0131n\u0131n ard\u0131ndan s\u0131cak bir geli\u015fme ya\u015fand\u0131 ve Resmi Gazete&#8217;de yay\u0131mlanan karar kapsam\u0131nda \u00d6SYM Ba\u015fkan\u0131 Prof. Dr. Halis Ayg\u00fcn g\u00f6revinden al\u0131nd\u0131.<\/p>\n<p><img loading=\"lazy\" decoding=\"async\" class=\"aligncenter wp-image-31358 size-full\" src=\"https:\/\/adanaseshaber.com.tr\/wp-content\/uploads\/2022\/08\/osym-baskani-halis-aygun-gorevden-alindi-1.jpg\" alt=\"\" width=\"1280\" height=\"720\" srcset=\"https:\/\/adanaseshaber.com.tr\/wp-content\/uploads\/2022\/08\/osym-baskani-halis-aygun-gorevden-alindi-1.jpg 1280w, https:\/\/adanaseshaber.com.tr\/wp-content\/uploads\/2022\/08\/osym-baskani-halis-aygun-gorevden-alindi-1-300x169.jpg 300w, https:\/\/adanaseshaber.com.tr\/wp-content\/uploads\/2022\/08\/osym-baskani-halis-aygun-gorevden-alindi-1-1024x576.jpg 1024w, https:\/\/adanaseshaber.com.tr\/wp-content\/uploads\/2022\/08\/osym-baskani-halis-aygun-gorevden-alindi-1-768x432.jpg 768w, https:\/\/adanaseshaber.com.tr\/wp-content\/uploads\/2022\/08\/osym-baskani-halis-aygun-gorevden-alindi-1-390x220.jpg 390w\" sizes=\"auto, (max-width: 1280px) 100vw, 1280px\" \/><\/p>\n<p><strong>CUMHURBA\u015eKANI ERDO\u011eAN A\u00c7IKLAMA YAPMI\u015eTI<\/strong><\/p>\n<p>G\u00fcndeme bomba gibi d\u00fc\u015fen KPSS s\u0131nav\u0131 iddialar\u0131n\u0131n ard\u0131ndan Cumhurba\u015fkan\u0131 Recep Tayyip Erdo\u011fan, sosyal medya hesab\u0131 \u00fczerinden konuyla ilgili \u00e7ok \u00f6nemli bir a\u00e7\u0131klamaya yer vermi\u015fti. G\u00fcndemdeki skandal iddialar sonras\u0131nda payla\u015f\u0131m yapan Erdo\u011fan, &#8216;Tek bir evlad\u0131m\u0131z\u0131n dahi ma\u011fdur olmas\u0131na asla m\u00fcsaade etmeyiz&#8217; diyerek Devlet Denetleme Kurulu taraf\u0131ndan 2022 KPSS s\u0131nav\u0131 ile ilgili yap\u0131lacak inceleme sonucunda elde edilen verilerin titizlikle de\u011ferlendirilece\u011fini ve gerekli ad\u0131mlar\u0131n ivedilikle at\u0131laca\u011f\u0131n\u0131 bildirmi\u015fti.<\/p>\n","protected":false},"excerpt":{"rendered":"<p>Resmi Gazete\u2019de yay\u0131mlanan Cumhurba\u015fkan\u0131 Kararnamesi kapsam\u0131nda \u00d6SYM Ba\u015fkan\u0131 Prof. Dr. Halis Ayg\u00fcn g\u00f6revden al\u0131nd\u0131. G\u00fcndemi sarsan KPSS s\u0131nav\u0131 sorular\u0131n\u0131n s\u0131zd\u0131r\u0131ld\u0131\u011f\u0131 iddialar\u0131n\u0131n ard\u0131ndan Cumhurba\u015fkan\u0131 Recep Tayyip Erdo\u011fan\u2019dan konunun incelenmesi i\u00e7in talimat gelmi\u015fti. S\u0131cak geli\u015fmelerin ya\u015fand\u0131\u011f\u0131 saatlerde Prof. Dr. Halis Ayg\u00fcn\u2019\u00fcn \u00d6SYM Ba\u015fkanl\u0131\u011f\u0131\u2019ndan al\u0131nd\u0131\u011f\u0131 a\u00e7\u0131kland\u0131. 2022 KPSS s\u0131nav\u0131ndaki baz\u0131 sorular\u0131n\u0131n yay\u0131nevi denemesi ile ayn\u0131 olmas\u0131 g\u00fcndeme bomba &hellip;<\/p>\n","protected":false},"author":6,"featured_media":31351,"comment_status":"closed","ping_status":"closed","sticky":false,"template":"","format":"standard","meta":{"footnotes":""},"categories":[1],"tags":[],"class_list":["post-31350","post","type-post","status-publish","format-standard","has-post-thumbnail","hentry","category-genel"],"amp_enabled":true,"_links":{"self":[{"href":"https:\/\/adanaseshaber.com.tr\/index.php?rest_route=\/wp\/v2\/posts\/31350","targetHints":{"allow":["GET"]}}],"collection":[{"href":"https:\/\/adanaseshaber.com.tr\/index.php?rest_route=\/wp\/v2\/posts"}],"about":[{"href":"https:\/\/adanaseshaber.com.tr\/index.php?rest_route=\/wp\/v2\/types\/post"}],"author":[{"embeddable":true,"href":"https:\/\/adanaseshaber.com.tr\/index.php?rest_route=\/wp\/v2\/users\/6"}],"replies":[{"embeddable":true,"href":"https:\/\/adanaseshaber.com.tr\/index.php?rest_route=%2Fwp%2Fv2%2Fcomments&post=31350"}],"version-history":[{"count":6,"href":"https:\/\/adanaseshaber.com.tr\/index.php?rest_route=\/wp\/v2\/posts\/31350\/revisions"}],"predecessor-version":[{"id":31359,"href":"https:\/\/adanaseshaber.com.tr\/index.php?rest_route=\/wp\/v2\/posts\/31350\/revisions\/31359"}],"wp:featuredmedia":[{"embeddable":true,"href":"https:\/\/adanaseshaber.com.tr\/index.php?rest_route=\/wp\/v2\/media\/31351"}],"wp:attachment":[{"href":"https:\/\/adanaseshaber.com.tr\/index.php?rest_route=%2Fwp%2Fv2%2Fmedia&parent=31350"}],"wp:term":[{"taxonomy":"category","embeddable":true,"href":"https:\/\/adanaseshaber.com.tr\/index.php?rest_route=%2Fwp%2Fv2%2Fcategories&post=31350"},{"taxonomy":"post_tag","embeddable":true,"href":"https:\/\/adanaseshaber.com.tr\/index.php?rest_route=%2Fwp%2Fv2%2Ftags&post=31350"}],"curies":[{"name":"wp","href":"https:\/\/api.w.org\/{rel}","templated":true}]}}