{"id":31361,"date":"2022-08-03T01:28:38","date_gmt":"2022-08-02T22:28:38","guid":{"rendered":"https:\/\/www.adanaseshaber.com\/?p=31361"},"modified":"2022-08-03T01:30:31","modified_gmt":"2022-08-02T22:30:31","slug":"yeni-osym-baskani-kim-olacak-2022-osym-baskani-halis-aygun-neden-gorevden-alindi-halis-aygun-kimdir","status":"publish","type":"post","link":"https:\/\/adanaseshaber.com.tr\/?p=31361","title":{"rendered":"Yeni \u00d6SYM Ba\u015fkan\u0131 kim olacak? 2022? \u00d6SYM Ba\u015fkan\u0131 Halis Ayg\u00fcn neden g\u00f6revden al\u0131nd\u0131? Halis Ayg\u00fcn kimdir?"},"content":{"rendered":"<p>2022 KPSS s\u0131nav\u0131nda sorular\u0131n s\u0131zd\u0131r\u0131ld\u0131\u011f\u0131 iddialar\u0131 T\u00fcrkiye g\u00fcndemine bomba gibi d\u00fc\u015ft\u00fc. Sorular\u0131n s\u0131zd\u0131r\u0131ld\u0131\u011f\u0131na dair iddialar\u0131n ard\u0131ndan sosyal medyada tepkiler \u00e7\u0131\u011f gibi b\u00fcy\u00fcd\u00fc. Konuyla ilgili t\u00fcm geli\u015fmeler yak\u0131ndan takip edilirken Resmi Gazete\u2019de yay\u0131mlanan karar kapsam\u0131nda \u00d6SYM Ba\u015fkan\u0131 Prof. Dr. Halis Ayg\u00fcn g\u00f6revden al\u0131nd\u0131. Ayg\u00fcn\u2019\u00fcn g\u00f6revden al\u0131nmas\u0131n\u0131n ard\u0131ndan binlerce ki\u015fi \u00d6SYM\u2019nin ba\u015f\u0131na gelecek yeni ismi merak etmeye ba\u015flad\u0131. Cumhurba\u015fkan\u0131 Recep Tayyip Erdo\u011fan\u2019\u0131n imzas\u0131yla Resmi Gazete\u2019de yay\u0131mlanan karar kapsam\u0131nda \u00d6SYM Ba\u015fkan\u0131 Prof. Dr. Halis Ayg\u00fcn g\u00f6revden al\u0131nd\u0131. Peki, yeni \u00d6SYM Ba\u015fkan\u0131 kim oldu? \u00d6SYM Ba\u015fkan\u0131 Halis Ayg\u00fcn neden g\u00f6revden al\u0131nd\u0131? Yeni \u00d6SYM Ba\u015fkan\u0131 kim olacak? Halis Ayg\u00fcn kimdir, nereli? \u0130\u015fte t\u00fcm merak edilenler\u2026<\/p>\n<p><strong>HAL\u0130S AYG\u00dcN G\u00d6REVDEN ALINDI<\/strong><\/p>\n<p>2022 KPSS Lisans oturumundaki sorular\u0131n s\u0131zd\u0131r\u0131ld\u0131\u011f\u0131na dair iddialar \u00fczerine tepki ya\u011fd\u0131. Cumhurba\u015fkan\u0131 Recep Tayyip Erdo\u011fan, konunun ara\u015ft\u0131r\u0131lmas\u0131 i\u00e7in Devlet Denetleme Kurumu\u2019na \u00f6zel talimat verdi. T\u00fcm bu geli\u015fmelerin ard\u0131ndan Cumhurba\u015fkan\u0131 Erdo\u011fan\u2019\u0131n imzas\u0131n\u0131 ta\u015f\u0131yan Resmi Gazete\u2019deki kararla \u00d6SYM Ba\u015fkan\u0131 Prof. Dr. Halis Ayg\u00fcn g\u00f6revden al\u0131nd\u0131. Halis Ayg\u00fcn\u2019\u00fcn g\u00f6revden al\u0131nmas\u0131n\u0131n ard\u0131ndan yeni \u00d6SYM Ba\u015fkan\u0131\u2019n\u0131n kim olaca\u011f\u0131 merak edildi.<\/p>\n<p><img loading=\"lazy\" decoding=\"async\" class=\"aligncenter wp-image-31364 size-full\" src=\"https:\/\/adanaseshaber.com.tr\/wp-content\/uploads\/2022\/08\/yeni-osym-baskani-kim-olacak-2022-osym-baskani-halis-aygun-neden-gorevden-alindi-halis-aygun-kimdir-1.jpg\" alt=\"\" width=\"1280\" height=\"720\" srcset=\"https:\/\/adanaseshaber.com.tr\/wp-content\/uploads\/2022\/08\/yeni-osym-baskani-kim-olacak-2022-osym-baskani-halis-aygun-neden-gorevden-alindi-halis-aygun-kimdir-1.jpg 1280w, https:\/\/adanaseshaber.com.tr\/wp-content\/uploads\/2022\/08\/yeni-osym-baskani-kim-olacak-2022-osym-baskani-halis-aygun-neden-gorevden-alindi-halis-aygun-kimdir-1-300x169.jpg 300w, https:\/\/adanaseshaber.com.tr\/wp-content\/uploads\/2022\/08\/yeni-osym-baskani-kim-olacak-2022-osym-baskani-halis-aygun-neden-gorevden-alindi-halis-aygun-kimdir-1-1024x576.jpg 1024w, https:\/\/adanaseshaber.com.tr\/wp-content\/uploads\/2022\/08\/yeni-osym-baskani-kim-olacak-2022-osym-baskani-halis-aygun-neden-gorevden-alindi-halis-aygun-kimdir-1-768x432.jpg 768w, https:\/\/adanaseshaber.com.tr\/wp-content\/uploads\/2022\/08\/yeni-osym-baskani-kim-olacak-2022-osym-baskani-halis-aygun-neden-gorevden-alindi-halis-aygun-kimdir-1-390x220.jpg 390w\" sizes=\"auto, (max-width: 1280px) 100vw, 1280px\" \/><\/p>\n<p><strong>YEN\u0130 \u00d6SYM BA\u015eKANI K\u0130M OLACAK?<\/strong><\/p>\n<p>2018 y\u0131l\u0131nda \u00d6SYM Ba\u015fkanl\u0131\u011f\u0131 g\u00f6revine gelen Prof. Dr. Halis Ayg\u00fcn, 3 A\u011fustos 2022 tarihinde Cumhurba\u015fkan\u0131 Erdo\u011fan\u2019\u0131n imzas\u0131n\u0131 ta\u015f\u0131yan Resmi Gazete karar\u0131 ile g\u00f6revinden al\u0131nd\u0131. Ayg\u00fcn\u2019\u00fcn \u00d6SYM Ba\u015fkanl\u0131\u011f\u0131 g\u00f6revinden al\u0131nmas\u0131n\u0131n ard\u0131ndan g\u00f6zler yeni \u00d6SYM Ba\u015fkan\u0131\u2019na \u00e7evrildi. Geli\u015fmelerin ard\u0131ndan \u2018Yeni \u00d6SYM Ba\u015fkan\u0131 kim olacak?\u2019 sorusuna yan\u0131t aranmaya ba\u015fland\u0131. Yeni \u00d6SYM Ba\u015fkan\u0131\u2019n\u0131n ismi hen\u00fcz a\u00e7\u0131klanmad\u0131.<\/p>\n<p><strong>HAL\u0130S AYG\u00dcN K\u0130MD\u0130R?<\/strong><\/p>\n<p>1968 y\u0131l\u0131nda Giresun\u2019da d\u00fcnyaya gelen Halis Ayg\u00fcn, 1989 y\u0131l\u0131nda Karadeniz Teknik \u00dcniversitesi Fen Edebiyat Fak\u00fcltesi Matematik B\u00f6l\u00fcm\u00fc\u2019nden mezun oldu. 1992 y\u0131l\u0131nda yine ayn\u0131 \u00fcniversitede Y\u00fcksek Lisans\u0131n\u0131 tamamlad\u0131. Doktoras\u0131n\u0131 ise 1997 y\u0131l\u0131nda London City University\u2019de tamamlayan Ayg\u00fcn, 1989-1993 y\u0131llar\u0131 aras\u0131nda Karadeniz Teknik \u00dcniversitesi Matematik B\u00f6l\u00fcm\u00fc Topoloji Anabilim Dal\u0131\u2019nda ara\u015ft\u0131rma g\u00f6revlisi oldu. 1998 y\u0131l\u0131nda Kocaeli \u00dcniversitesi\u2019nde yard\u0131mc\u0131 do\u00e7ent, 2000 y\u0131l\u0131nda d\u00f6ne\u00e7 ve 1006 y\u0131l\u0131nda ise profes\u00f6r unvan\u0131n\u0131 ald\u0131. Tarihler 2018\u2019i g\u00f6sterirken Cumhurba\u015fkan\u0131 Recep Tayyip Erdo\u011fan taraf\u0131ndan \u00d6l\u00e7me, Se\u00e7me ve Yerle\u015ftirme Merkezi Ba\u015fkanl\u0131\u011f\u0131 g\u00f6revine getirildi. 3 A\u011fustos 2022 tarihli Resmi Gazete karar\u0131 ile \u00d6SYM Ba\u015fkanl\u0131\u011f\u0131 g\u00f6revinden al\u0131nd\u0131.<\/p>\n","protected":false},"excerpt":{"rendered":"<p>2022 KPSS s\u0131nav\u0131nda sorular\u0131n s\u0131zd\u0131r\u0131ld\u0131\u011f\u0131 iddialar\u0131 T\u00fcrkiye g\u00fcndemine bomba gibi d\u00fc\u015ft\u00fc. Sorular\u0131n s\u0131zd\u0131r\u0131ld\u0131\u011f\u0131na dair iddialar\u0131n ard\u0131ndan sosyal medyada tepkiler \u00e7\u0131\u011f gibi b\u00fcy\u00fcd\u00fc. Konuyla ilgili t\u00fcm geli\u015fmeler yak\u0131ndan takip edilirken Resmi Gazete\u2019de yay\u0131mlanan karar kapsam\u0131nda \u00d6SYM Ba\u015fkan\u0131 Prof. Dr. Halis Ayg\u00fcn g\u00f6revden al\u0131nd\u0131. Ayg\u00fcn\u2019\u00fcn g\u00f6revden al\u0131nmas\u0131n\u0131n ard\u0131ndan binlerce ki\u015fi \u00d6SYM\u2019nin ba\u015f\u0131na gelecek yeni ismi merak etmeye &hellip;<\/p>\n","protected":false},"author":6,"featured_media":31362,"comment_status":"closed","ping_status":"closed","sticky":false,"template":"","format":"standard","meta":{"footnotes":""},"categories":[1],"tags":[],"class_list":["post-31361","post","type-post","status-publish","format-standard","has-post-thumbnail","hentry","category-genel"],"amp_enabled":true,"_links":{"self":[{"href":"https:\/\/adanaseshaber.com.tr\/index.php?rest_route=\/wp\/v2\/posts\/31361","targetHints":{"allow":["GET"]}}],"collection":[{"href":"https:\/\/adanaseshaber.com.tr\/index.php?rest_route=\/wp\/v2\/posts"}],"about":[{"href":"https:\/\/adanaseshaber.com.tr\/index.php?rest_route=\/wp\/v2\/types\/post"}],"author":[{"embeddable":true,"href":"https:\/\/adanaseshaber.com.tr\/index.php?rest_route=\/wp\/v2\/users\/6"}],"replies":[{"embeddable":true,"href":"https:\/\/adanaseshaber.com.tr\/index.php?rest_route=%2Fwp%2Fv2%2Fcomments&post=31361"}],"version-history":[{"count":3,"href":"https:\/\/adanaseshaber.com.tr\/index.php?rest_route=\/wp\/v2\/posts\/31361\/revisions"}],"predecessor-version":[{"id":31366,"href":"https:\/\/adanaseshaber.com.tr\/index.php?rest_route=\/wp\/v2\/posts\/31361\/revisions\/31366"}],"wp:featuredmedia":[{"embeddable":true,"href":"https:\/\/adanaseshaber.com.tr\/index.php?rest_route=\/wp\/v2\/media\/31362"}],"wp:attachment":[{"href":"https:\/\/adanaseshaber.com.tr\/index.php?rest_route=%2Fwp%2Fv2%2Fmedia&parent=31361"}],"wp:term":[{"taxonomy":"category","embeddable":true,"href":"https:\/\/adanaseshaber.com.tr\/index.php?rest_route=%2Fwp%2Fv2%2Fcategories&post=31361"},{"taxonomy":"post_tag","embeddable":true,"href":"https:\/\/adanaseshaber.com.tr\/index.php?rest_route=%2Fwp%2Fv2%2Ftags&post=31361"}],"curies":[{"name":"wp","href":"https:\/\/api.w.org\/{rel}","templated":true}]}}