{"id":31446,"date":"2022-08-03T11:46:25","date_gmt":"2022-08-03T08:46:25","guid":{"rendered":"https:\/\/www.adanaseshaber.com\/?p=31446"},"modified":"2022-08-03T11:47:04","modified_gmt":"2022-08-03T08:47:04","slug":"ebrar-karakurtun-eski-sevgilisi-imge-sosyal-medya-fenomeni-buse-plan-ile-ask-yasiyor","status":"publish","type":"post","link":"https:\/\/adanaseshaber.com.tr\/?p=31446","title":{"rendered":"Ebrar Karakurt\u2019un eski sevgilisi \u0130mge sosyal medya fenomeni Buse Plan ile a\u015fk ya\u015f\u0131yor"},"content":{"rendered":"<p>Milli Voleybolcu Ebrar Karakurt\u2019un eski sevgilisi \u0130mge, yeni bir a\u015fka yelken a\u00e7t\u0131. \u0130li\u015fkileriyle s\u0131k s\u0131k g\u00fcndeme gelen ve \u00e7ok konu\u015fulan Ebrar Karakurt ve \u0130mge, olayl\u0131 bir \u015fekilde ili\u015fkilerini noktalam\u0131\u015ft\u0131. Ebrar Karakurt\u2019u \u00e7abuk unutan \u0130mge, sosyal medya hesab\u0131ndan yapt\u0131\u011f\u0131 payla\u015f\u0131mla yeni ili\u015fkisini takip\u00e7ilerine duyurmu\u015f oldu. Voleyboldaki ba\u015far\u0131s\u0131 ile s\u0131k s\u0131k g\u00fcndem olan Ebrar Karakurt, \u00f6zel hayat\u0131yla da g\u00fcndemden d\u00fc\u015fm\u00fcyor. \u0130mge ile ya\u015fad\u0131\u011f\u0131 ili\u015fki s\u0131k s\u0131k g\u00fcndeme gelirken olayl\u0131 bir \u015fekilde biten bu ili\u015fkinin ard\u0131ndan bu kez \u0130mge\u2019nin yeni a\u015fk\u0131 g\u00fcndem oldu. \u0130mge\u2019nin sosyal medya fenomeni Ebru Plan ile payla\u015ft\u0131\u011f\u0131 foto\u011fraf g\u00fcndeme bomba gibi d\u00fc\u015ft\u00fc.<\/p>\n<p><strong>\u0130MGE VE EBRU PLAN\u2019IN FOTO\u011eRAFI G\u00dcNDEM OLDU<\/strong><\/p>\n<p>Milli Voleybolcu Ebrar Karakurt\u2019!un eski sevgilisi \u0130mge, Instagram hesab\u0131ndan payla\u015ft\u0131\u011f\u0131 foto\u011frafla \u00e7ok konu\u015fuldu. Sosyal medya fenomeni Buse Plan ile foto\u011fraf\u0131n\u0131 payla\u015fan \u0130mge\u2019nin bu payla\u015f\u0131m\u0131na be\u011feni ve yorum ya\u011fd\u0131.<\/p>\n<p><img loading=\"lazy\" decoding=\"async\" class=\"aligncenter wp-image-31449 size-full\" src=\"https:\/\/adanaseshaber.com.tr\/wp-content\/uploads\/2022\/08\/ebrar-karakurtun-eski-sevgilisi-imge-sosyal-medya-fenomeni-buse-plan-ile-ask-yasiyor-1.jpg\" alt=\"\" width=\"1280\" height=\"720\" srcset=\"https:\/\/adanaseshaber.com.tr\/wp-content\/uploads\/2022\/08\/ebrar-karakurtun-eski-sevgilisi-imge-sosyal-medya-fenomeni-buse-plan-ile-ask-yasiyor-1.jpg 1280w, https:\/\/adanaseshaber.com.tr\/wp-content\/uploads\/2022\/08\/ebrar-karakurtun-eski-sevgilisi-imge-sosyal-medya-fenomeni-buse-plan-ile-ask-yasiyor-1-300x169.jpg 300w, https:\/\/adanaseshaber.com.tr\/wp-content\/uploads\/2022\/08\/ebrar-karakurtun-eski-sevgilisi-imge-sosyal-medya-fenomeni-buse-plan-ile-ask-yasiyor-1-1024x576.jpg 1024w, https:\/\/adanaseshaber.com.tr\/wp-content\/uploads\/2022\/08\/ebrar-karakurtun-eski-sevgilisi-imge-sosyal-medya-fenomeni-buse-plan-ile-ask-yasiyor-1-768x432.jpg 768w, https:\/\/adanaseshaber.com.tr\/wp-content\/uploads\/2022\/08\/ebrar-karakurtun-eski-sevgilisi-imge-sosyal-medya-fenomeni-buse-plan-ile-ask-yasiyor-1-390x220.jpg 390w\" sizes=\"auto, (max-width: 1280px) 100vw, 1280px\" \/><\/p>\n<p><strong>AYRILIKLARI \u00c7OK KONU\u015eULMU\u015eTU<\/strong><\/p>\n<p>A\u015fklar\u0131 g\u00fcndeme bomba gibi d\u00fc\u015fen Ebrar Karakurt ve \u0130mge\u2019nin ayr\u0131l\u0131klar\u0131 da \u00e7ok konu\u015fulmu\u015ftu. \u0130li\u015fkilerini noktalayan ikilinin ayr\u0131ld\u0131ktan sonra at\u0131\u015fmalar\u0131 da bir s\u00fcre devam etmi\u015fti. Ebrar ile ili\u015fkisini noktalayan \u0130mge, Devin ad\u0131nda bir fenomenle sevgili olmu\u015f ve eski sevgilisi Ebrar\u2019a g\u00f6nderme yaparak \u2018Kad\u0131nlar\u0131 desteklemek ama\u00e7l\u0131 yap\u0131lan sosyal sorumluluk projesi kapsam\u0131ndaki reklamda yer al\u0131p sonras\u0131nda kad\u0131nlar\u0131 a\u015fa\u011f\u0131l\u0131yor\u2019 ifadelerini kullanm\u0131\u015ft\u0131. Bu s\u00f6zlere kar\u015f\u0131l\u0131k sessiz kalmayan Ebrar ise \u2018Prenses yapt\u0131\u011f\u0131m kurba\u011fan\u0131n can\u0131 elbet sinek isteyecekti\u2019 demi\u015fti. At\u0131\u015fmalar\u0131 devam eden ikiliden \u0130mge ise buna kar\u015f\u0131l\u0131k olarak \u2018Anlayabildi\u011fim tek \u015fey kad\u0131n\u0131n en b\u00fcy\u00fck d\u00fc\u015fman\u0131 yine kad\u0131nm\u0131\u015f\u2019 yan\u0131t\u0131n\u0131 verdi.<\/p>\n","protected":false},"excerpt":{"rendered":"<p>Milli Voleybolcu Ebrar Karakurt\u2019un eski sevgilisi \u0130mge, yeni bir a\u015fka yelken a\u00e7t\u0131. \u0130li\u015fkileriyle s\u0131k s\u0131k g\u00fcndeme gelen ve \u00e7ok konu\u015fulan Ebrar Karakurt ve \u0130mge, olayl\u0131 bir \u015fekilde ili\u015fkilerini noktalam\u0131\u015ft\u0131. Ebrar Karakurt\u2019u \u00e7abuk unutan \u0130mge, sosyal medya hesab\u0131ndan yapt\u0131\u011f\u0131 payla\u015f\u0131mla yeni ili\u015fkisini takip\u00e7ilerine duyurmu\u015f oldu. Voleyboldaki ba\u015far\u0131s\u0131 ile s\u0131k s\u0131k g\u00fcndem olan Ebrar Karakurt, \u00f6zel hayat\u0131yla &hellip;<\/p>\n","protected":false},"author":6,"featured_media":31447,"comment_status":"closed","ping_status":"closed","sticky":false,"template":"","format":"standard","meta":{"footnotes":""},"categories":[5],"tags":[],"class_list":["post-31446","post","type-post","status-publish","format-standard","has-post-thumbnail","hentry","category-spor"],"amp_enabled":true,"_links":{"self":[{"href":"https:\/\/adanaseshaber.com.tr\/index.php?rest_route=\/wp\/v2\/posts\/31446","targetHints":{"allow":["GET"]}}],"collection":[{"href":"https:\/\/adanaseshaber.com.tr\/index.php?rest_route=\/wp\/v2\/posts"}],"about":[{"href":"https:\/\/adanaseshaber.com.tr\/index.php?rest_route=\/wp\/v2\/types\/post"}],"author":[{"embeddable":true,"href":"https:\/\/adanaseshaber.com.tr\/index.php?rest_route=\/wp\/v2\/users\/6"}],"replies":[{"embeddable":true,"href":"https:\/\/adanaseshaber.com.tr\/index.php?rest_route=%2Fwp%2Fv2%2Fcomments&post=31446"}],"version-history":[{"count":2,"href":"https:\/\/adanaseshaber.com.tr\/index.php?rest_route=\/wp\/v2\/posts\/31446\/revisions"}],"predecessor-version":[{"id":31450,"href":"https:\/\/adanaseshaber.com.tr\/index.php?rest_route=\/wp\/v2\/posts\/31446\/revisions\/31450"}],"wp:featuredmedia":[{"embeddable":true,"href":"https:\/\/adanaseshaber.com.tr\/index.php?rest_route=\/wp\/v2\/media\/31447"}],"wp:attachment":[{"href":"https:\/\/adanaseshaber.com.tr\/index.php?rest_route=%2Fwp%2Fv2%2Fmedia&parent=31446"}],"wp:term":[{"taxonomy":"category","embeddable":true,"href":"https:\/\/adanaseshaber.com.tr\/index.php?rest_route=%2Fwp%2Fv2%2Fcategories&post=31446"},{"taxonomy":"post_tag","embeddable":true,"href":"https:\/\/adanaseshaber.com.tr\/index.php?rest_route=%2Fwp%2Fv2%2Ftags&post=31446"}],"curies":[{"name":"wp","href":"https:\/\/api.w.org\/{rel}","templated":true}]}}