{"id":31455,"date":"2022-08-03T12:03:44","date_gmt":"2022-08-03T09:03:44","guid":{"rendered":"https:\/\/www.adanaseshaber.com\/?p=31455"},"modified":"2022-08-03T12:04:04","modified_gmt":"2022-08-03T09:04:04","slug":"asiri-sicaklar-yerini-yagisa-birakiyor-meteorolojiden-saganak-yagis-uyarisi","status":"publish","type":"post","link":"https:\/\/adanaseshaber.com.tr\/?p=31455","title":{"rendered":"A\u015f\u0131r\u0131 s\u0131caklar yerini ya\u011f\u0131\u015fa b\u0131rak\u0131yor! Meteoroloji\u2019den sa\u011fanak ya\u011f\u0131\u015f uyar\u0131s\u0131"},"content":{"rendered":"<p>\u00dclke genelinde hava s\u0131cakl\u0131klar\u0131 artm\u0131\u015f ve g\u00fcnlerdir bunaltan s\u0131caklar etkisini art\u0131rarak devam ettirmi\u015fti. Hava s\u0131cakl\u0131klar\u0131n\u0131n yo\u011fun ge\u00e7ti\u011fi g\u00fcnlerde ya\u011fmur haberi bekleyen vatanda\u015flara meteorolojiden bekledikleri haber geldi. A\u015f\u0131r\u0131 s\u0131caklarla g\u00fcne\u015fin kavurdu\u011fu g\u00fcnlerin ard\u0131ndan sa\u011fanak ya\u011f\u0131\u015f uyar\u0131s\u0131 geldi. Artan s\u0131cakl\u0131klar\u0131n ard\u0131ndan ya\u011fmurlu havan\u0131n etkili olaca\u011f\u0131 duyurusu geldi. T\u00fcrkiye genelinde artan hava s\u0131cakl\u0131klar\u0131 ile bunalt\u0131c\u0131 s\u0131cakl\u0131klar etkili olmaya ba\u015flad\u0131. A\u015f\u0131r\u0131 s\u0131cak ge\u00e7en g\u00fcnlerin ard\u0131ndan beklenen ya\u011f\u0131\u015f uyar\u0131s\u0131 geldi. \u0130stanbul ba\u015fta olmak \u00fczere \u00e7ok say\u0131da ilde bug\u00fcn ve Cuma g\u00fcn\u00fc sa\u011fanak ya\u011f\u0131\u015f bekleniyor. \u0130\u015fte Meteoroloji Genel M\u00fcd\u00fcrl\u00fc\u011f\u00fc\u2019nden yap\u0131lan sa\u011fanak ya\u011f\u0131\u015f uyar\u0131s\u0131 ve t\u00fcm detaylar\u2026<\/p>\n<p><strong>SA\u011eANAK YA\u011eI\u015e GEL\u0130YOR<\/strong><\/p>\n<p>G\u00fcnlerdir y\u00fcksek s\u0131cakl\u0131klar sebebiyle bunalan vatanda\u015flar\u0131 sevindiren ya\u011fmur haberi geldi. A\u015f\u0131r\u0131 s\u0131caklarla bunalan vatanda\u015flar Meteoroloji Genel M\u00fcd\u00fcrl\u00fc\u011f\u00fc\u2019nden gelen sa\u011fanak ya\u011f\u0131\u015f uyar\u0131s\u0131yla bir nebze olsun rahatlad\u0131. Meteoroloji\u2019den yap\u0131lan uyar\u0131lara g\u00f6re, \u0130stanbul ve \u00e7evresi ba\u015fta olmak \u00fczere Antalya\u2019n\u0131n do\u011fusunun i\u00e7 kesimleri ile Artvin, Ardahan ve Kars \u00e7evrelerinde bug\u00fcn ve Cuma g\u00fcn\u00fc sa\u011fanak ya\u011f\u0131\u015f bekleniyor.<\/p>\n<p><strong>HAVA SICAKLIKLARI D\u00dc\u015eECEK M\u0130?<\/strong><\/p>\n<p>Meteoroloji Genel M\u00fcd\u00fcrl\u00fc\u011f\u00fc\u2019ne g\u00f6re hava s\u0131cakl\u0131klar\u0131nda \u00f6nemli bir de\u011fi\u015fiklik ya\u015fanmayacak. S\u0131cakl\u0131klar, yurdun kuzey kesimlerinde mevsim normalleri civar\u0131nda, di\u011fer yerlerde ise mevsim normallerinin 3 ila 5 derece \u00fcst\u00fcnde seyredecek.<\/p>\n<p><img loading=\"lazy\" decoding=\"async\" class=\"aligncenter wp-image-31460 size-full\" src=\"https:\/\/adanaseshaber.com.tr\/wp-content\/uploads\/2022\/08\/asiri-sicaklar-yerini-yagisa-birakiyor-meteorolojiden-saganak-yagis-uyarisi-1.jpg\" alt=\"\" width=\"1280\" height=\"720\" srcset=\"https:\/\/adanaseshaber.com.tr\/wp-content\/uploads\/2022\/08\/asiri-sicaklar-yerini-yagisa-birakiyor-meteorolojiden-saganak-yagis-uyarisi-1.jpg 1280w, https:\/\/adanaseshaber.com.tr\/wp-content\/uploads\/2022\/08\/asiri-sicaklar-yerini-yagisa-birakiyor-meteorolojiden-saganak-yagis-uyarisi-1-300x169.jpg 300w, https:\/\/adanaseshaber.com.tr\/wp-content\/uploads\/2022\/08\/asiri-sicaklar-yerini-yagisa-birakiyor-meteorolojiden-saganak-yagis-uyarisi-1-1024x576.jpg 1024w, https:\/\/adanaseshaber.com.tr\/wp-content\/uploads\/2022\/08\/asiri-sicaklar-yerini-yagisa-birakiyor-meteorolojiden-saganak-yagis-uyarisi-1-768x432.jpg 768w, https:\/\/adanaseshaber.com.tr\/wp-content\/uploads\/2022\/08\/asiri-sicaklar-yerini-yagisa-birakiyor-meteorolojiden-saganak-yagis-uyarisi-1-390x220.jpg 390w\" sizes=\"auto, (max-width: 1280px) 100vw, 1280px\" \/><\/p>\n<p><strong>KUVVETL\u0130 R\u00dcZGAR ETK\u0130L\u0130 OLACAK<\/strong><\/p>\n<p>Meteoroloji Genel M\u00fcd\u00fcrl\u00fc\u011f\u00fc taraf\u0131ndan aktar\u0131lan bilgilere g\u00f6re, genellikle kuzeyli, G\u00fcney Anadolu ile Do\u011fu Anadolu\u2019nun do\u011fusunda g\u00fcneyli y\u00f6nlerden hafif, ara s\u0131ra orta kuvvette, Marmara\u2019n\u0131n g\u00fcneybat\u0131s\u0131 ile Kuzey Ege k\u0131y\u0131lar\u0131nda kuzey ve kuzeydo\u011fu, Do\u011fu Anadolu\u2019nun g\u00fcneydo\u011fusunda bat\u0131 ve g\u00fcneybat\u0131 y\u00f6nlerden kuvvetli r\u00fczgar\u0131n etkili olmas\u0131 bekleniyor.<\/p>\n<p><strong>OLUMSUZLUKLARA KAR\u015eI UYARI<\/strong><\/p>\n<p>Marmara\u2019n\u0131n g\u00fcneybat\u0131s\u0131 ile Kuzey Ege k\u0131y\u0131lar\u0131nda kuzey ve kuzey do\u011fu, Do\u011fu Anadolu\u2019nun g\u00fcneydo\u011fusunda bat\u0131 ve g\u00fcneybat\u0131 y\u00f6nlerden kuvvetli olarak esmesi beklenen r\u00fczgar sebebiyle ya\u015fanabilecek olumsuzluklara kar\u015f\u0131 da vatanda\u015flara dikkatli ve tedbirli olmalar\u0131 y\u00f6n\u00fcnde uyar\u0131lar yap\u0131ld\u0131.<\/p>\n","protected":false},"excerpt":{"rendered":"<p>\u00dclke genelinde hava s\u0131cakl\u0131klar\u0131 artm\u0131\u015f ve g\u00fcnlerdir bunaltan s\u0131caklar etkisini art\u0131rarak devam ettirmi\u015fti. Hava s\u0131cakl\u0131klar\u0131n\u0131n yo\u011fun ge\u00e7ti\u011fi g\u00fcnlerde ya\u011fmur haberi bekleyen vatanda\u015flara meteorolojiden bekledikleri haber geldi. A\u015f\u0131r\u0131 s\u0131caklarla g\u00fcne\u015fin kavurdu\u011fu g\u00fcnlerin ard\u0131ndan sa\u011fanak ya\u011f\u0131\u015f uyar\u0131s\u0131 geldi. Artan s\u0131cakl\u0131klar\u0131n ard\u0131ndan ya\u011fmurlu havan\u0131n etkili olaca\u011f\u0131 duyurusu geldi. T\u00fcrkiye genelinde artan hava s\u0131cakl\u0131klar\u0131 ile bunalt\u0131c\u0131 s\u0131cakl\u0131klar etkili olmaya &hellip;<\/p>\n","protected":false},"author":6,"featured_media":31456,"comment_status":"closed","ping_status":"closed","sticky":false,"template":"","format":"standard","meta":{"footnotes":""},"categories":[1],"tags":[],"class_list":["post-31455","post","type-post","status-publish","format-standard","has-post-thumbnail","hentry","category-genel"],"amp_enabled":true,"_links":{"self":[{"href":"https:\/\/adanaseshaber.com.tr\/index.php?rest_route=\/wp\/v2\/posts\/31455","targetHints":{"allow":["GET"]}}],"collection":[{"href":"https:\/\/adanaseshaber.com.tr\/index.php?rest_route=\/wp\/v2\/posts"}],"about":[{"href":"https:\/\/adanaseshaber.com.tr\/index.php?rest_route=\/wp\/v2\/types\/post"}],"author":[{"embeddable":true,"href":"https:\/\/adanaseshaber.com.tr\/index.php?rest_route=\/wp\/v2\/users\/6"}],"replies":[{"embeddable":true,"href":"https:\/\/adanaseshaber.com.tr\/index.php?rest_route=%2Fwp%2Fv2%2Fcomments&post=31455"}],"version-history":[{"count":2,"href":"https:\/\/adanaseshaber.com.tr\/index.php?rest_route=\/wp\/v2\/posts\/31455\/revisions"}],"predecessor-version":[{"id":31461,"href":"https:\/\/adanaseshaber.com.tr\/index.php?rest_route=\/wp\/v2\/posts\/31455\/revisions\/31461"}],"wp:featuredmedia":[{"embeddable":true,"href":"https:\/\/adanaseshaber.com.tr\/index.php?rest_route=\/wp\/v2\/media\/31456"}],"wp:attachment":[{"href":"https:\/\/adanaseshaber.com.tr\/index.php?rest_route=%2Fwp%2Fv2%2Fmedia&parent=31455"}],"wp:term":[{"taxonomy":"category","embeddable":true,"href":"https:\/\/adanaseshaber.com.tr\/index.php?rest_route=%2Fwp%2Fv2%2Fcategories&post=31455"},{"taxonomy":"post_tag","embeddable":true,"href":"https:\/\/adanaseshaber.com.tr\/index.php?rest_route=%2Fwp%2Fv2%2Ftags&post=31455"}],"curies":[{"name":"wp","href":"https:\/\/api.w.org\/{rel}","templated":true}]}}